{"id":7674,"date":"2025-06-04T14:41:36","date_gmt":"2025-06-04T14:41:36","guid":{"rendered":"https:\/\/prensa.sma.gob.ar\/?p=7674"},"modified":"2025-06-04T14:41:37","modified_gmt":"2025-06-04T14:41:37","slug":"comenzo-la-obra-de-pavimentacion-de-calle-los-pinos-en-el-arenal","status":"publish","type":"post","link":"https:\/\/prensa.sma.gob.ar\/?p=7674","title":{"rendered":"Comenz\u00f3 la obra de pavimentaci\u00f3n de calle Los Pinos, en El Arenal"},"content":{"rendered":"\n<p>Con el trabajo de niveles y de perfilado del suelo, una cuadrilla de la Subsecretar\u00eda de Obras P\u00fablicas comenz\u00f3 este mi\u00e9rcoles los trabajos de pavimentaci\u00f3n de la calle Los Pinos, en el barrio El Arenal.<\/p>\n\n\n\n<p>Las tareas de este d\u00eda comenzaron frente al Sport Club Arenal P\u00e1del, donde una motoniveladora, un cami\u00f3n y una retroexcavadora realizan el trabajo previo a colocar hormig\u00f3n.<\/p>\n\n\n\n<p>La obra forma parte del plan de pavimentaci\u00f3n por contribuci\u00f3n por mejoras, financiada con la Tasa Vial, y representa un avance significativo para la conectividad y la seguridad vial en El Arenal.<\/p>\n\n\n\n<p>La Secretaria del Consejo de Planificaci\u00f3n Estrat\u00e9gica (CoPE) y la Subsecretar\u00eda de Obras P\u00fablicas hab\u00edan confirmado que los trabajos comenzar\u00edan en estos d\u00edas, durante una reuni\u00f3n con vecinas y vecinos realizada el pasado 21 de mayo.<\/p>\n\n\n\n<p>En lo previo, se elabor\u00f3 un proyecto de ordenanza participativo que define el sentido de circulaci\u00f3n, la instalaci\u00f3n de reductores de velocidad y la delimitaci\u00f3n de espacios de estacionamiento en la arteria. La participaci\u00f3n vecinal en este encuentro fue clave para definir criterios que atienden tanto a la funcionalidad como al uso cotidiano del espacio p\u00fablico.<\/p>\n\n\n\n<figure class=\"wp-block-gallery has-nested-images columns-default is-cropped wp-block-gallery-1 is-layout-flex wp-block-gallery-is-layout-flex\">\n<figure class=\"wp-block-image size-large\"><img loading=\"lazy\" decoding=\"async\" width=\"720\" height=\"677\" data-id=\"7685\" src=\"https:\/\/prensa.sma.gob.ar\/wp-content\/uploads\/2025\/06\/LOS-PINOS-3.jpg\" alt=\"\" class=\"wp-image-7685\" srcset=\"https:\/\/prensa.sma.gob.ar\/wp-content\/uploads\/2025\/06\/LOS-PINOS-3.jpg 720w, https:\/\/prensa.sma.gob.ar\/wp-content\/uploads\/2025\/06\/LOS-PINOS-3-300x282.jpg 300w, https:\/\/prensa.sma.gob.ar\/wp-content\/uploads\/2025\/06\/LOS-PINOS-3-447x420.jpg 447w, https:\/\/prensa.sma.gob.ar\/wp-content\/uploads\/2025\/06\/LOS-PINOS-3-696x654.jpg 696w\" sizes=\"auto, (max-width: 720px) 100vw, 720px\" \/><\/figure>\n\n\n\n<figure class=\"wp-block-image size-large\"><img loading=\"lazy\" decoding=\"async\" width=\"720\" height=\"705\" data-id=\"7686\" src=\"https:\/\/prensa.sma.gob.ar\/wp-content\/uploads\/2025\/06\/LOS-PINOS-2.jpg\" alt=\"\" class=\"wp-image-7686\" srcset=\"https:\/\/prensa.sma.gob.ar\/wp-content\/uploads\/2025\/06\/LOS-PINOS-2.jpg 720w, https:\/\/prensa.sma.gob.ar\/wp-content\/uploads\/2025\/06\/LOS-PINOS-2-300x294.jpg 300w, https:\/\/prensa.sma.gob.ar\/wp-content\/uploads\/2025\/06\/LOS-PINOS-2-429x420.jpg 429w, https:\/\/prensa.sma.gob.ar\/wp-content\/uploads\/2025\/06\/LOS-PINOS-2-696x682.jpg 696w\" sizes=\"auto, (max-width: 720px) 100vw, 720px\" \/><\/figure>\n\n\n\n<figure class=\"wp-block-image size-large\"><img loading=\"lazy\" decoding=\"async\" width=\"720\" height=\"611\" data-id=\"7687\" src=\"https:\/\/prensa.sma.gob.ar\/wp-content\/uploads\/2025\/06\/LOS-PINOS-1.jpg\" alt=\"\" class=\"wp-image-7687\" srcset=\"https:\/\/prensa.sma.gob.ar\/wp-content\/uploads\/2025\/06\/LOS-PINOS-1.jpg 720w, https:\/\/prensa.sma.gob.ar\/wp-content\/uploads\/2025\/06\/LOS-PINOS-1-300x255.jpg 300w, https:\/\/prensa.sma.gob.ar\/wp-content\/uploads\/2025\/06\/LOS-PINOS-1-495x420.jpg 495w, https:\/\/prensa.sma.gob.ar\/wp-content\/uploads\/2025\/06\/LOS-PINOS-1-696x591.jpg 696w\" sizes=\"auto, (max-width: 720px) 100vw, 720px\" \/><\/figure>\n<\/figure>\n","protected":false},"excerpt":{"rendered":"<p>Con el trabajo de niveles y de perfilado del suelo, una cuadrilla de la Subsecretar\u00eda de Obras P\u00fablicas comenz\u00f3 este mi\u00e9rcoles los trabajos de pavimentaci\u00f3n de la calle Los Pinos, en el barrio El Arenal. Las tareas de este d\u00eda comenzaron frente al Sport Club Arenal P\u00e1del, donde una motoniveladora, un cami\u00f3n y una retroexcavadora [&hellip;]<\/p>\n","protected":false},"author":2,"featured_media":7679,"comment_status":"closed","ping_status":"open","sticky":false,"template":"","format":"standard","meta":{"footnotes":""},"categories":[16,14,19,17],"tags":[],"class_list":{"0":"post-7674","1":"post","2":"type-post","3":"status-publish","4":"format-standard","5":"has-post-thumbnail","7":"category-destacadas","8":"category-noticias","9":"category-obras-y-servicios-publicos","10":"category-portada"},"_links":{"self":[{"href":"https:\/\/prensa.sma.gob.ar\/index.php?rest_route=\/wp\/v2\/posts\/7674","targetHints":{"allow":["GET"]}}],"collection":[{"href":"https:\/\/prensa.sma.gob.ar\/index.php?rest_route=\/wp\/v2\/posts"}],"about":[{"href":"https:\/\/prensa.sma.gob.ar\/index.php?rest_route=\/wp\/v2\/types\/post"}],"author":[{"embeddable":true,"href":"https:\/\/prensa.sma.gob.ar\/index.php?rest_route=\/wp\/v2\/users\/2"}],"replies":[{"embeddable":true,"href":"https:\/\/prensa.sma.gob.ar\/index.php?rest_route=%2Fwp%2Fv2%2Fcomments&post=7674"}],"version-history":[{"count":1,"href":"https:\/\/prensa.sma.gob.ar\/index.php?rest_route=\/wp\/v2\/posts\/7674\/revisions"}],"predecessor-version":[{"id":7688,"href":"https:\/\/prensa.sma.gob.ar\/index.php?rest_route=\/wp\/v2\/posts\/7674\/revisions\/7688"}],"wp:featuredmedia":[{"embeddable":true,"href":"https:\/\/prensa.sma.gob.ar\/index.php?rest_route=\/wp\/v2\/media\/7679"}],"wp:attachment":[{"href":"https:\/\/prensa.sma.gob.ar\/index.php?rest_route=%2Fwp%2Fv2%2Fmedia&parent=7674"}],"wp:term":[{"taxonomy":"category","embeddable":true,"href":"https:\/\/prensa.sma.gob.ar\/index.php?rest_route=%2Fwp%2Fv2%2Fcategories&post=7674"},{"taxonomy":"post_tag","embeddable":true,"href":"https:\/\/prensa.sma.gob.ar\/index.php?rest_route=%2Fwp%2Fv2%2Ftags&post=7674"}],"curies":[{"name":"wp","href":"https:\/\/api.w.org\/{rel}","templated":true}]}}