{"id":7689,"date":"2025-06-04T13:06:00","date_gmt":"2025-06-04T13:06:00","guid":{"rendered":"https:\/\/prensa.sma.gob.ar\/?p=7689"},"modified":"2025-06-04T15:12:22","modified_gmt":"2025-06-04T15:12:22","slug":"recorrido-y-geolocalizacion-de-las-obras-de-agua-potable-en-payla-menuko","status":"publish","type":"post","link":"https:\/\/prensa.sma.gob.ar\/?p=7689","title":{"rendered":"Recorrido y geolocalizaci\u00f3n de las obras de agua potable en Payla Menuko"},"content":{"rendered":"\n<p>Funcionarios y t\u00e9cnicos del Municipio, personal de la Cooperativa de Agua y representantes de la comunidad mapuche Curruhuinca recorrieron este mi\u00e9rcoles el paraje Payla Menuko para geolocalizar las obras de agua potable, cuyo financiamiento fue aprobado recientemente mediante un convenio firmado por el Estado provincial, el Municipio y la Comunidad.<\/p>\n\n\n\n<p>Del recorrido participaron la subsecretaria de Gobierno, Antonela Tabares; un equipo de la Direcci\u00f3n de Protecci\u00f3n Civil; la arquitecta Marcela \u00c1lvarez, de la Subsecretar\u00eda de Obras P\u00fablicas; el gerente de Agua Potable de la Cooperativa de Agua Potable y Saneamiento, Federico Bontempo; y la Kona del paraje Payla Menuko, Virginia Colipan.<\/p>\n\n\n\n<p>La recorrida incluy\u00f3 la geolocalizaci\u00f3n de las obras del nuevo dique y la boca toma; filtros y el tanque australiano sedimentador. Se trata de las primeras tareas, que se intensificar\u00e1n a medida que el clima lo permita, mientras se avanza en el proyecto, planos y compra de materiales.<\/p>\n\n\n\n<p>La semana pasada, el Estado provincial acord\u00f3 con el Municipio de San Mart\u00edn de los Andes un aporte no reintegrable para el nuevo sistema de agua potable en los parajes Payla Menuco y Newen Antug, de la comunidad mapuche Curruhuinca.<\/p>\n\n\n\n<p>El convenio establece que la Provincia, \u201ca trav\u00e9s de la Subsecretar\u00eda de Recursos H\u00eddricos, se compromete a realizar un aporte no reintegrable por la suma de 151.528.859 pesos, destinado a la adquisici\u00f3n y construcci\u00f3n de un sistema integral de captaci\u00f3n, almacenamiento y traslado e interconexi\u00f3n de recursos h\u00eddricos\u201d en los mencionados parajes.<\/p>\n\n\n\n<p>El acuerdo fue suscripto por el gobernador, Rolando Figueroa; el intendente Carlos Saloniti; y el lonko de la comunidad Curruhuinca, Ariel Epulef; la ministra de Desarrollo Humano, Gobiernos Locales y Mujeres, Julieta Corroza; y los ministros Jefe de Gabinete, Juan Luis Ousset; y de Energ\u00eda y Recursos Naturales, Gustavo Medele.<\/p>\n\n\n\n<p>La obra contempla \u201cequipamiento de captaci\u00f3n, recintos de protecci\u00f3n, un tanque australiano de gran capacidad y la ejecuci\u00f3n de obras civiles destinadas a garantizar la conducci\u00f3n y distribuci\u00f3n eficiente del recurso en el territorio\u201d.<\/p>\n\n\n\n<p>El nuevo sistema incluir\u00e1 una nueva planta potabilizadora (en reemplazo del filtro actual), que se compone de tres unidades: prefiltraci\u00f3n con un filtro est\u00e1tico sin energ\u00eda el\u00e9ctrica; filtraci\u00f3n multimedia y desinfecci\u00f3n.<\/p>\n\n\n\n<figure class=\"wp-block-gallery has-nested-images columns-default is-cropped wp-block-gallery-1 is-layout-flex wp-block-gallery-is-layout-flex\">\n<figure class=\"wp-block-image size-large\"><img loading=\"lazy\" decoding=\"async\" width=\"768\" height=\"1024\" data-id=\"7694\" src=\"https:\/\/prensa.sma.gob.ar\/wp-content\/uploads\/2025\/06\/WhatsApp-Image-2025-06-04-at-11.16.41-2-768x1024.jpeg\" alt=\"\" class=\"wp-image-7694\" srcset=\"https:\/\/prensa.sma.gob.ar\/wp-content\/uploads\/2025\/06\/WhatsApp-Image-2025-06-04-at-11.16.41-2-768x1024.jpeg 768w, https:\/\/prensa.sma.gob.ar\/wp-content\/uploads\/2025\/06\/WhatsApp-Image-2025-06-04-at-11.16.41-2-225x300.jpeg 225w, https:\/\/prensa.sma.gob.ar\/wp-content\/uploads\/2025\/06\/WhatsApp-Image-2025-06-04-at-11.16.41-2-315x420.jpeg 315w, https:\/\/prensa.sma.gob.ar\/wp-content\/uploads\/2025\/06\/WhatsApp-Image-2025-06-04-at-11.16.41-2-696x928.jpeg 696w, https:\/\/prensa.sma.gob.ar\/wp-content\/uploads\/2025\/06\/WhatsApp-Image-2025-06-04-at-11.16.41-2.jpeg 960w\" sizes=\"auto, (max-width: 768px) 100vw, 768px\" \/><\/figure>\n\n\n\n<figure class=\"wp-block-image size-large\"><img loading=\"lazy\" decoding=\"async\" width=\"768\" height=\"1024\" data-id=\"7692\" src=\"https:\/\/prensa.sma.gob.ar\/wp-content\/uploads\/2025\/06\/WhatsApp-Image-2025-06-04-at-11.16.42-1-768x1024.jpeg\" alt=\"\" class=\"wp-image-7692\" srcset=\"https:\/\/prensa.sma.gob.ar\/wp-content\/uploads\/2025\/06\/WhatsApp-Image-2025-06-04-at-11.16.42-1-768x1024.jpeg 768w, https:\/\/prensa.sma.gob.ar\/wp-content\/uploads\/2025\/06\/WhatsApp-Image-2025-06-04-at-11.16.42-1-225x300.jpeg 225w, https:\/\/prensa.sma.gob.ar\/wp-content\/uploads\/2025\/06\/WhatsApp-Image-2025-06-04-at-11.16.42-1-315x420.jpeg 315w, https:\/\/prensa.sma.gob.ar\/wp-content\/uploads\/2025\/06\/WhatsApp-Image-2025-06-04-at-11.16.42-1-696x928.jpeg 696w, https:\/\/prensa.sma.gob.ar\/wp-content\/uploads\/2025\/06\/WhatsApp-Image-2025-06-04-at-11.16.42-1.jpeg 960w\" sizes=\"auto, (max-width: 768px) 100vw, 768px\" \/><\/figure>\n\n\n\n<figure class=\"wp-block-image size-large\"><img loading=\"lazy\" decoding=\"async\" width=\"1024\" height=\"768\" data-id=\"7695\" src=\"https:\/\/prensa.sma.gob.ar\/wp-content\/uploads\/2025\/06\/WhatsApp-Image-2025-06-04-at-11.16.41-1024x768.jpeg\" alt=\"\" class=\"wp-image-7695\" srcset=\"https:\/\/prensa.sma.gob.ar\/wp-content\/uploads\/2025\/06\/WhatsApp-Image-2025-06-04-at-11.16.41-1024x768.jpeg 1024w, https:\/\/prensa.sma.gob.ar\/wp-content\/uploads\/2025\/06\/WhatsApp-Image-2025-06-04-at-11.16.41-300x225.jpeg 300w, https:\/\/prensa.sma.gob.ar\/wp-content\/uploads\/2025\/06\/WhatsApp-Image-2025-06-04-at-11.16.41-768x576.jpeg 768w, https:\/\/prensa.sma.gob.ar\/wp-content\/uploads\/2025\/06\/WhatsApp-Image-2025-06-04-at-11.16.41-560x420.jpeg 560w, https:\/\/prensa.sma.gob.ar\/wp-content\/uploads\/2025\/06\/WhatsApp-Image-2025-06-04-at-11.16.41-80x60.jpeg 80w, https:\/\/prensa.sma.gob.ar\/wp-content\/uploads\/2025\/06\/WhatsApp-Image-2025-06-04-at-11.16.41-696x522.jpeg 696w, https:\/\/prensa.sma.gob.ar\/wp-content\/uploads\/2025\/06\/WhatsApp-Image-2025-06-04-at-11.16.41-1068x801.jpeg 1068w, https:\/\/prensa.sma.gob.ar\/wp-content\/uploads\/2025\/06\/WhatsApp-Image-2025-06-04-at-11.16.41.jpeg 1280w\" sizes=\"auto, (max-width: 1024px) 100vw, 1024px\" \/><\/figure>\n<\/figure>\n","protected":false},"excerpt":{"rendered":"<p>Funcionarios y t\u00e9cnicos del Municipio, personal de la Cooperativa de Agua y representantes de la comunidad mapuche Curruhuinca recorrieron este mi\u00e9rcoles el paraje Payla Menuko para geolocalizar las obras de agua potable, cuyo financiamiento fue aprobado recientemente mediante un convenio firmado por el Estado provincial, el Municipio y la Comunidad. Del recorrido participaron la subsecretaria [&hellip;]<\/p>\n","protected":false},"author":2,"featured_media":7691,"comment_status":"closed","ping_status":"open","sticky":false,"template":"","format":"standard","meta":{"footnotes":""},"categories":[16,11,14,19,17],"tags":[],"class_list":{"0":"post-7689","1":"post","2":"type-post","3":"status-publish","4":"format-standard","5":"has-post-thumbnail","7":"category-destacadas","8":"category-gobierno","9":"category-noticias","10":"category-obras-y-servicios-publicos","11":"category-portada"},"_links":{"self":[{"href":"https:\/\/prensa.sma.gob.ar\/index.php?rest_route=\/wp\/v2\/posts\/7689","targetHints":{"allow":["GET"]}}],"collection":[{"href":"https:\/\/prensa.sma.gob.ar\/index.php?rest_route=\/wp\/v2\/posts"}],"about":[{"href":"https:\/\/prensa.sma.gob.ar\/index.php?rest_route=\/wp\/v2\/types\/post"}],"author":[{"embeddable":true,"href":"https:\/\/prensa.sma.gob.ar\/index.php?rest_route=\/wp\/v2\/users\/2"}],"replies":[{"embeddable":true,"href":"https:\/\/prensa.sma.gob.ar\/index.php?rest_route=%2Fwp%2Fv2%2Fcomments&post=7689"}],"version-history":[{"count":1,"href":"https:\/\/prensa.sma.gob.ar\/index.php?rest_route=\/wp\/v2\/posts\/7689\/revisions"}],"predecessor-version":[{"id":7697,"href":"https:\/\/prensa.sma.gob.ar\/index.php?rest_route=\/wp\/v2\/posts\/7689\/revisions\/7697"}],"wp:featuredmedia":[{"embeddable":true,"href":"https:\/\/prensa.sma.gob.ar\/index.php?rest_route=\/wp\/v2\/media\/7691"}],"wp:attachment":[{"href":"https:\/\/prensa.sma.gob.ar\/index.php?rest_route=%2Fwp%2Fv2%2Fmedia&parent=7689"}],"wp:term":[{"taxonomy":"category","embeddable":true,"href":"https:\/\/prensa.sma.gob.ar\/index.php?rest_route=%2Fwp%2Fv2%2Fcategories&post=7689"},{"taxonomy":"post_tag","embeddable":true,"href":"https:\/\/prensa.sma.gob.ar\/index.php?rest_route=%2Fwp%2Fv2%2Ftags&post=7689"}],"curies":[{"name":"wp","href":"https:\/\/api.w.org\/{rel}","templated":true}]}}