{"id":769,"date":"2024-06-29T21:51:17","date_gmt":"2024-06-29T21:51:17","guid":{"rendered":"https:\/\/prensa.sma.gob.ar\/?p=769"},"modified":"2024-06-29T21:51:19","modified_gmt":"2024-06-29T21:51:19","slug":"limpieza-en-la-ladera-del-cerro-curruhinca-y-en-la-zona-del-arroyo-pocahullo","status":"publish","type":"post","link":"https:\/\/prensa.sma.gob.ar\/?p=769","title":{"rendered":"Limpieza en la ladera del Cerro Curruhinca y en la zona del arroyo Pocahullo."},"content":{"rendered":"\n<p>Una cuadrilla municipal realiz\u00f3 en la ma\u00f1ana de este s\u00e1bado un profundo trabajo de limpieza sobre la ladera del Cerro Curruhuinca y alrededor del arroyo Pocahullo.<\/p>\n\n\n\n<p>Las tareas incluyeron los mircrobasurales de la zona y tambi\u00e9n el sector donde estaba el tacho, sobre la calle Calder\u00f3n, alrededor del cual se arrojaban todo tipo de desechos.<\/p>\n\n\n\n<figure class=\"wp-block-gallery has-nested-images columns-default is-cropped wp-block-gallery-1 is-layout-flex wp-block-gallery-is-layout-flex\">\n<figure class=\"wp-block-image size-large\"><img loading=\"lazy\" decoding=\"async\" width=\"576\" height=\"1024\" data-id=\"779\" src=\"https:\/\/prensa.sma.gob.ar\/wp-content\/uploads\/2024\/06\/WhatsApp-Image-2024-06-29-at-11.23.21-576x1024.jpeg\" alt=\"\" class=\"wp-image-779\" srcset=\"https:\/\/prensa.sma.gob.ar\/wp-content\/uploads\/2024\/06\/WhatsApp-Image-2024-06-29-at-11.23.21-576x1024.jpeg 576w, https:\/\/prensa.sma.gob.ar\/wp-content\/uploads\/2024\/06\/WhatsApp-Image-2024-06-29-at-11.23.21-169x300.jpeg 169w, https:\/\/prensa.sma.gob.ar\/wp-content\/uploads\/2024\/06\/WhatsApp-Image-2024-06-29-at-11.23.21-236x420.jpeg 236w, https:\/\/prensa.sma.gob.ar\/wp-content\/uploads\/2024\/06\/WhatsApp-Image-2024-06-29-at-11.23.21-696x1237.jpeg 696w, https:\/\/prensa.sma.gob.ar\/wp-content\/uploads\/2024\/06\/WhatsApp-Image-2024-06-29-at-11.23.21.jpeg 720w\" sizes=\"auto, (max-width: 576px) 100vw, 576px\" \/><\/figure>\n\n\n\n<figure class=\"wp-block-image size-large\"><img loading=\"lazy\" decoding=\"async\" width=\"1024\" height=\"576\" data-id=\"778\" src=\"https:\/\/prensa.sma.gob.ar\/wp-content\/uploads\/2024\/06\/WhatsApp-Image-2024-06-29-at-11.21.22-1024x576.jpeg\" alt=\"\" class=\"wp-image-778\" srcset=\"https:\/\/prensa.sma.gob.ar\/wp-content\/uploads\/2024\/06\/WhatsApp-Image-2024-06-29-at-11.21.22-1024x576.jpeg 1024w, https:\/\/prensa.sma.gob.ar\/wp-content\/uploads\/2024\/06\/WhatsApp-Image-2024-06-29-at-11.21.22-300x169.jpeg 300w, https:\/\/prensa.sma.gob.ar\/wp-content\/uploads\/2024\/06\/WhatsApp-Image-2024-06-29-at-11.21.22-768x432.jpeg 768w, https:\/\/prensa.sma.gob.ar\/wp-content\/uploads\/2024\/06\/WhatsApp-Image-2024-06-29-at-11.21.22-747x420.jpeg 747w, https:\/\/prensa.sma.gob.ar\/wp-content\/uploads\/2024\/06\/WhatsApp-Image-2024-06-29-at-11.21.22-696x392.jpeg 696w, https:\/\/prensa.sma.gob.ar\/wp-content\/uploads\/2024\/06\/WhatsApp-Image-2024-06-29-at-11.21.22-1068x601.jpeg 1068w, https:\/\/prensa.sma.gob.ar\/wp-content\/uploads\/2024\/06\/WhatsApp-Image-2024-06-29-at-11.21.22.jpeg 1280w\" sizes=\"auto, (max-width: 1024px) 100vw, 1024px\" \/><\/figure>\n\n\n\n<figure class=\"wp-block-image size-large\"><img loading=\"lazy\" decoding=\"async\" width=\"768\" height=\"1024\" data-id=\"776\" src=\"https:\/\/prensa.sma.gob.ar\/wp-content\/uploads\/2024\/06\/WhatsApp-Image-2024-06-29-at-11.23.01-768x1024.jpeg\" alt=\"\" class=\"wp-image-776\" srcset=\"https:\/\/prensa.sma.gob.ar\/wp-content\/uploads\/2024\/06\/WhatsApp-Image-2024-06-29-at-11.23.01-768x1024.jpeg 768w, https:\/\/prensa.sma.gob.ar\/wp-content\/uploads\/2024\/06\/WhatsApp-Image-2024-06-29-at-11.23.01-225x300.jpeg 225w, https:\/\/prensa.sma.gob.ar\/wp-content\/uploads\/2024\/06\/WhatsApp-Image-2024-06-29-at-11.23.01-315x420.jpeg 315w, https:\/\/prensa.sma.gob.ar\/wp-content\/uploads\/2024\/06\/WhatsApp-Image-2024-06-29-at-11.23.01-696x928.jpeg 696w, https:\/\/prensa.sma.gob.ar\/wp-content\/uploads\/2024\/06\/WhatsApp-Image-2024-06-29-at-11.23.01.jpeg 780w\" sizes=\"auto, (max-width: 768px) 100vw, 768px\" \/><\/figure>\n<\/figure>\n\n\n\n<p>Participaron personal y maquinaria de la Direcci\u00f3n de Espacios Verdes y la cuadrilla de Secretaria Privada, a cargo de Pablo Salinas.<\/p>\n\n\n\n<p><mark style=\"background-color:#abb8c3\" class=\"has-inline-color\">El Municipio recuerda, una vez m\u00e1s, a vecinas y vecinos, la importancia de no arrojar basura en la v\u00eda p\u00fablica.<\/mark><\/p>\n\n\n\n<figure class=\"wp-block-gallery has-nested-images columns-default is-cropped wp-block-gallery-2 is-layout-flex wp-block-gallery-is-layout-flex\">\n<figure class=\"wp-block-image size-large\"><img loading=\"lazy\" decoding=\"async\" width=\"1024\" height=\"576\" data-id=\"770\" src=\"https:\/\/prensa.sma.gob.ar\/wp-content\/uploads\/2024\/06\/WhatsApp-Image-2024-06-29-at-10.44.46-2-1024x576.jpeg\" alt=\"\" class=\"wp-image-770\" srcset=\"https:\/\/prensa.sma.gob.ar\/wp-content\/uploads\/2024\/06\/WhatsApp-Image-2024-06-29-at-10.44.46-2-1024x576.jpeg 1024w, https:\/\/prensa.sma.gob.ar\/wp-content\/uploads\/2024\/06\/WhatsApp-Image-2024-06-29-at-10.44.46-2-300x169.jpeg 300w, https:\/\/prensa.sma.gob.ar\/wp-content\/uploads\/2024\/06\/WhatsApp-Image-2024-06-29-at-10.44.46-2-768x432.jpeg 768w, https:\/\/prensa.sma.gob.ar\/wp-content\/uploads\/2024\/06\/WhatsApp-Image-2024-06-29-at-10.44.46-2-747x420.jpeg 747w, https:\/\/prensa.sma.gob.ar\/wp-content\/uploads\/2024\/06\/WhatsApp-Image-2024-06-29-at-10.44.46-2-696x392.jpeg 696w, https:\/\/prensa.sma.gob.ar\/wp-content\/uploads\/2024\/06\/WhatsApp-Image-2024-06-29-at-10.44.46-2-1068x601.jpeg 1068w, https:\/\/prensa.sma.gob.ar\/wp-content\/uploads\/2024\/06\/WhatsApp-Image-2024-06-29-at-10.44.46-2.jpeg 1280w\" sizes=\"auto, (max-width: 1024px) 100vw, 1024px\" \/><\/figure>\n\n\n\n<figure class=\"wp-block-image size-large\"><img loading=\"lazy\" decoding=\"async\" width=\"768\" height=\"1024\" data-id=\"774\" src=\"https:\/\/prensa.sma.gob.ar\/wp-content\/uploads\/2024\/06\/WhatsApp-Image-2024-06-29-at-11.23.02-768x1024.jpeg\" alt=\"\" class=\"wp-image-774\" srcset=\"https:\/\/prensa.sma.gob.ar\/wp-content\/uploads\/2024\/06\/WhatsApp-Image-2024-06-29-at-11.23.02-768x1024.jpeg 768w, https:\/\/prensa.sma.gob.ar\/wp-content\/uploads\/2024\/06\/WhatsApp-Image-2024-06-29-at-11.23.02-225x300.jpeg 225w, https:\/\/prensa.sma.gob.ar\/wp-content\/uploads\/2024\/06\/WhatsApp-Image-2024-06-29-at-11.23.02-315x420.jpeg 315w, https:\/\/prensa.sma.gob.ar\/wp-content\/uploads\/2024\/06\/WhatsApp-Image-2024-06-29-at-11.23.02-696x928.jpeg 696w, https:\/\/prensa.sma.gob.ar\/wp-content\/uploads\/2024\/06\/WhatsApp-Image-2024-06-29-at-11.23.02.jpeg 780w\" sizes=\"auto, (max-width: 768px) 100vw, 768px\" \/><\/figure>\n\n\n\n<figure class=\"wp-block-image size-large\"><img loading=\"lazy\" decoding=\"async\" width=\"768\" height=\"1024\" data-id=\"772\" src=\"https:\/\/prensa.sma.gob.ar\/wp-content\/uploads\/2024\/06\/WhatsApp-Image-2024-06-29-at-11.23.022-768x1024.jpeg\" alt=\"\" class=\"wp-image-772\" srcset=\"https:\/\/prensa.sma.gob.ar\/wp-content\/uploads\/2024\/06\/WhatsApp-Image-2024-06-29-at-11.23.022-768x1024.jpeg 768w, https:\/\/prensa.sma.gob.ar\/wp-content\/uploads\/2024\/06\/WhatsApp-Image-2024-06-29-at-11.23.022-225x300.jpeg 225w, https:\/\/prensa.sma.gob.ar\/wp-content\/uploads\/2024\/06\/WhatsApp-Image-2024-06-29-at-11.23.022-315x420.jpeg 315w, https:\/\/prensa.sma.gob.ar\/wp-content\/uploads\/2024\/06\/WhatsApp-Image-2024-06-29-at-11.23.022-696x928.jpeg 696w, https:\/\/prensa.sma.gob.ar\/wp-content\/uploads\/2024\/06\/WhatsApp-Image-2024-06-29-at-11.23.022.jpeg 780w\" sizes=\"auto, (max-width: 768px) 100vw, 768px\" \/><\/figure>\n<\/figure>\n","protected":false},"excerpt":{"rendered":"<p>Una cuadrilla municipal realiz\u00f3 en la ma\u00f1ana de este s\u00e1bado un profundo trabajo de limpieza sobre la ladera del Cerro Curruhuinca y alrededor del arroyo Pocahullo. Las tareas incluyeron los mircrobasurales de la zona y tambi\u00e9n el sector donde estaba el tacho, sobre la calle Calder\u00f3n, alrededor del cual se arrojaban todo tipo de desechos. [&hellip;]<\/p>\n","protected":false},"author":1,"featured_media":771,"comment_status":"closed","ping_status":"open","sticky":false,"template":"","format":"standard","meta":{"footnotes":""},"categories":[14,19],"tags":[],"class_list":{"0":"post-769","1":"post","2":"type-post","3":"status-publish","4":"format-standard","5":"has-post-thumbnail","7":"category-noticias","8":"category-obras-y-servicios-publicos"},"_links":{"self":[{"href":"https:\/\/prensa.sma.gob.ar\/index.php?rest_route=\/wp\/v2\/posts\/769","targetHints":{"allow":["GET"]}}],"collection":[{"href":"https:\/\/prensa.sma.gob.ar\/index.php?rest_route=\/wp\/v2\/posts"}],"about":[{"href":"https:\/\/prensa.sma.gob.ar\/index.php?rest_route=\/wp\/v2\/types\/post"}],"author":[{"embeddable":true,"href":"https:\/\/prensa.sma.gob.ar\/index.php?rest_route=\/wp\/v2\/users\/1"}],"replies":[{"embeddable":true,"href":"https:\/\/prensa.sma.gob.ar\/index.php?rest_route=%2Fwp%2Fv2%2Fcomments&post=769"}],"version-history":[{"count":1,"href":"https:\/\/prensa.sma.gob.ar\/index.php?rest_route=\/wp\/v2\/posts\/769\/revisions"}],"predecessor-version":[{"id":780,"href":"https:\/\/prensa.sma.gob.ar\/index.php?rest_route=\/wp\/v2\/posts\/769\/revisions\/780"}],"wp:featuredmedia":[{"embeddable":true,"href":"https:\/\/prensa.sma.gob.ar\/index.php?rest_route=\/wp\/v2\/media\/771"}],"wp:attachment":[{"href":"https:\/\/prensa.sma.gob.ar\/index.php?rest_route=%2Fwp%2Fv2%2Fmedia&parent=769"}],"wp:term":[{"taxonomy":"category","embeddable":true,"href":"https:\/\/prensa.sma.gob.ar\/index.php?rest_route=%2Fwp%2Fv2%2Fcategories&post=769"},{"taxonomy":"post_tag","embeddable":true,"href":"https:\/\/prensa.sma.gob.ar\/index.php?rest_route=%2Fwp%2Fv2%2Ftags&post=769"}],"curies":[{"name":"wp","href":"https:\/\/api.w.org\/{rel}","templated":true}]}}