{"id":7698,"date":"2025-06-05T12:12:20","date_gmt":"2025-06-05T12:12:20","guid":{"rendered":"https:\/\/prensa.sma.gob.ar\/?p=7698"},"modified":"2025-06-05T12:12:20","modified_gmt":"2025-06-05T12:12:20","slug":"la-asamblea-ratifico-la-nueva-comision-directiva-de-la-junta-vecinal-de-kaleuche-alto","status":"publish","type":"post","link":"https:\/\/prensa.sma.gob.ar\/?p=7698","title":{"rendered":"La Asamblea ratific\u00f3 la nueva Comisi\u00f3n Directiva de la Junta Vecinal de Kaleuche Alto"},"content":{"rendered":"\n<p>Una nutrida asamblea de vecinas y vecinos del barrio Kaleuche Alto dio su apoyo un\u00e1nime a la nueva Comisi\u00f3n Directiva, surgida tras la renuncia de siete miembros de la conformaci\u00f3n anterior.<\/p>\n\n\n\n<p>La reuni\u00f3n cont\u00f3 con la presencia de m\u00e1s de una treintena de personas quienes, tras m\u00e1s de dos horas, coincidieron en la importancia de la unidad y de saber escuchar; practicar la tolerancia y la b\u00fasqueda de puntos en com\u00fan, en medio de la diversidad de voces y miradas.<\/p>\n\n\n\n<p>El Ejecutivo municipal estuvo representado por la subsecretaria de Juntas Vecinales, Lorena Gonz\u00e1lez, quien explic\u00f3 que el Art\u00edculo 14 de la Ordenanza 9439\/12 establece el orden de sucesi\u00f3n de los cargos que quedan vacantes dentro de una Comisi\u00f3n Directiva vecinal.<\/p>\n\n\n\n<p>Gonz\u00e1lez afirm\u00f3 que el Gobierno municipal considera importante revalidar la continuidad de la Comisi\u00f3n Directiva y evitar la acefalia, para profundizar el trabajo que se ven\u00eda haciendo, en el marco del di\u00e1logo y el respeto.&nbsp;<\/p>\n\n\n\n<p>La nueva composici\u00f3n de Comisi\u00f3n del barrio qued\u00f3 conformada con Rosana Casari (presidenta); H\u00e9ctor Baeza (vicepresidente); Daniel Videla (secretario); Pablo Barrera (tesorero); Georgina Salas (protesorera). La asamblea tambi\u00e9n aprob\u00f3 que el vecino \u00c1ngel Costa sea quien los represente en el Grupo Coordinador del Consejo de Juntas Vecinales.<\/p>\n\n\n\n<p>La amplia presencia vecinal ratific\u00f3 la importancia de los canales de comunicaci\u00f3n entre vecinos y de estos con el Ejecutivo, y la necesidad de participaci\u00f3n para discutir las soluciones a los problemas comunes del barrio.<\/p>\n\n\n\n<p>La Asamblea, que se realiz\u00f3 este mi\u00e9rcoles por la tarde en el quincho policial de Kaleuche Bajo, cont\u00f3 con la presencia, como veedores, de miembros del Grupo Coordinador del Consejo de Juntas Vecinales.<\/p>\n\n\n\n<p>El temario de la asamblea incluy\u00f3 el an\u00e1lisis de las propuestas de mejoras de la Tasa de Desarrollo Kaleuche, la organizaci\u00f3n vecinal para reparto de le\u00f1a y el temario para la pr\u00f3xima asamblea.<\/p>\n\n\n\n<figure class=\"wp-block-gallery has-nested-images columns-default is-cropped wp-block-gallery-1 is-layout-flex wp-block-gallery-is-layout-flex\">\n<figure class=\"wp-block-image size-large\"><img loading=\"lazy\" decoding=\"async\" width=\"720\" height=\"642\" data-id=\"7701\" src=\"https:\/\/prensa.sma.gob.ar\/wp-content\/uploads\/2025\/06\/Kaleuche-1.jpg\" alt=\"\" class=\"wp-image-7701\" srcset=\"https:\/\/prensa.sma.gob.ar\/wp-content\/uploads\/2025\/06\/Kaleuche-1.jpg 720w, https:\/\/prensa.sma.gob.ar\/wp-content\/uploads\/2025\/06\/Kaleuche-1-300x268.jpg 300w, https:\/\/prensa.sma.gob.ar\/wp-content\/uploads\/2025\/06\/Kaleuche-1-471x420.jpg 471w, https:\/\/prensa.sma.gob.ar\/wp-content\/uploads\/2025\/06\/Kaleuche-1-696x621.jpg 696w\" sizes=\"auto, (max-width: 720px) 100vw, 720px\" \/><\/figure>\n\n\n\n<figure class=\"wp-block-image size-large\"><img loading=\"lazy\" decoding=\"async\" width=\"720\" height=\"574\" data-id=\"7700\" src=\"https:\/\/prensa.sma.gob.ar\/wp-content\/uploads\/2025\/06\/Kaleuche-2.jpg\" alt=\"\" class=\"wp-image-7700\" srcset=\"https:\/\/prensa.sma.gob.ar\/wp-content\/uploads\/2025\/06\/Kaleuche-2.jpg 720w, https:\/\/prensa.sma.gob.ar\/wp-content\/uploads\/2025\/06\/Kaleuche-2-300x239.jpg 300w, https:\/\/prensa.sma.gob.ar\/wp-content\/uploads\/2025\/06\/Kaleuche-2-527x420.jpg 527w, https:\/\/prensa.sma.gob.ar\/wp-content\/uploads\/2025\/06\/Kaleuche-2-696x555.jpg 696w\" sizes=\"auto, (max-width: 720px) 100vw, 720px\" \/><\/figure>\n\n\n\n<figure class=\"wp-block-image size-large\"><img loading=\"lazy\" decoding=\"async\" width=\"720\" height=\"538\" data-id=\"7699\" src=\"https:\/\/prensa.sma.gob.ar\/wp-content\/uploads\/2025\/06\/Kaleuche-3.jpg\" alt=\"\" class=\"wp-image-7699\" srcset=\"https:\/\/prensa.sma.gob.ar\/wp-content\/uploads\/2025\/06\/Kaleuche-3.jpg 720w, https:\/\/prensa.sma.gob.ar\/wp-content\/uploads\/2025\/06\/Kaleuche-3-300x224.jpg 300w, https:\/\/prensa.sma.gob.ar\/wp-content\/uploads\/2025\/06\/Kaleuche-3-562x420.jpg 562w, https:\/\/prensa.sma.gob.ar\/wp-content\/uploads\/2025\/06\/Kaleuche-3-80x60.jpg 80w, https:\/\/prensa.sma.gob.ar\/wp-content\/uploads\/2025\/06\/Kaleuche-3-696x520.jpg 696w\" sizes=\"auto, (max-width: 720px) 100vw, 720px\" \/><\/figure>\n<\/figure>\n","protected":false},"excerpt":{"rendered":"<p>Una nutrida asamblea de vecinas y vecinos del barrio Kaleuche Alto dio su apoyo un\u00e1nime a la nueva Comisi\u00f3n Directiva, surgida tras la renuncia de siete miembros de la conformaci\u00f3n anterior. La reuni\u00f3n cont\u00f3 con la presencia de m\u00e1s de una treintena de personas quienes, tras m\u00e1s de dos horas, coincidieron en la importancia de [&hellip;]<\/p>\n","protected":false},"author":2,"featured_media":7702,"comment_status":"closed","ping_status":"open","sticky":false,"template":"","format":"standard","meta":{"footnotes":""},"categories":[16,11,39,14],"tags":[],"class_list":{"0":"post-7698","1":"post","2":"type-post","3":"status-publish","4":"format-standard","5":"has-post-thumbnail","7":"category-destacadas","8":"category-gobierno","9":"category-subs-juntas-vecinales","10":"category-noticias"},"_links":{"self":[{"href":"https:\/\/prensa.sma.gob.ar\/index.php?rest_route=\/wp\/v2\/posts\/7698","targetHints":{"allow":["GET"]}}],"collection":[{"href":"https:\/\/prensa.sma.gob.ar\/index.php?rest_route=\/wp\/v2\/posts"}],"about":[{"href":"https:\/\/prensa.sma.gob.ar\/index.php?rest_route=\/wp\/v2\/types\/post"}],"author":[{"embeddable":true,"href":"https:\/\/prensa.sma.gob.ar\/index.php?rest_route=\/wp\/v2\/users\/2"}],"replies":[{"embeddable":true,"href":"https:\/\/prensa.sma.gob.ar\/index.php?rest_route=%2Fwp%2Fv2%2Fcomments&post=7698"}],"version-history":[{"count":1,"href":"https:\/\/prensa.sma.gob.ar\/index.php?rest_route=\/wp\/v2\/posts\/7698\/revisions"}],"predecessor-version":[{"id":7703,"href":"https:\/\/prensa.sma.gob.ar\/index.php?rest_route=\/wp\/v2\/posts\/7698\/revisions\/7703"}],"wp:featuredmedia":[{"embeddable":true,"href":"https:\/\/prensa.sma.gob.ar\/index.php?rest_route=\/wp\/v2\/media\/7702"}],"wp:attachment":[{"href":"https:\/\/prensa.sma.gob.ar\/index.php?rest_route=%2Fwp%2Fv2%2Fmedia&parent=7698"}],"wp:term":[{"taxonomy":"category","embeddable":true,"href":"https:\/\/prensa.sma.gob.ar\/index.php?rest_route=%2Fwp%2Fv2%2Fcategories&post=7698"},{"taxonomy":"post_tag","embeddable":true,"href":"https:\/\/prensa.sma.gob.ar\/index.php?rest_route=%2Fwp%2Fv2%2Ftags&post=7698"}],"curies":[{"name":"wp","href":"https:\/\/api.w.org\/{rel}","templated":true}]}}