{"id":7704,"date":"2025-06-05T12:16:53","date_gmt":"2025-06-05T12:16:53","guid":{"rendered":"https:\/\/prensa.sma.gob.ar\/?p=7704"},"modified":"2025-06-05T12:16:54","modified_gmt":"2025-06-05T12:16:54","slug":"normalizado-el-recorrido-del-servicio-urbano-en-vega-maipu-y-nahuilen","status":"publish","type":"post","link":"https:\/\/prensa.sma.gob.ar\/?p=7704","title":{"rendered":"Normalizado el recorrido del servicio urbano en Vega Maip\u00fa y Nahuilen"},"content":{"rendered":"\n<p>La Direcci\u00f3n de Tr\u00e1nsito y Transporte del municipio inform\u00f3 que, a partir de este jueves, las l\u00edneas del servicio urbano que llegan hasta Cordones del Chapelco retoman su recorrido habitual, ingresando a los barrios Vega Maip\u00fa y Nahuilen por la plaza Marcelo Berbel.<\/p>\n\n\n\n<p>El recorrido hab\u00eda sido modificado la semana pasada a pedido de terceros para la realizaci\u00f3n de una obra que incluy\u00f3 un zanjeo por uno de los laterales de la plaza.<\/p>\n","protected":false},"excerpt":{"rendered":"<p>La Direcci\u00f3n de Tr\u00e1nsito y Transporte del municipio inform\u00f3 que, a partir de este jueves, las l\u00edneas del servicio urbano que llegan hasta Cordones del Chapelco retoman su recorrido habitual, ingresando a los barrios Vega Maip\u00fa y Nahuilen por la plaza Marcelo Berbel. El recorrido hab\u00eda sido modificado la semana pasada a pedido de terceros [&hellip;]<\/p>\n","protected":false},"author":2,"featured_media":7705,"comment_status":"closed","ping_status":"open","sticky":false,"template":"","format":"standard","meta":{"footnotes":""},"categories":[16,14],"tags":[],"class_list":{"0":"post-7704","1":"post","2":"type-post","3":"status-publish","4":"format-standard","5":"has-post-thumbnail","7":"category-destacadas","8":"category-noticias"},"_links":{"self":[{"href":"https:\/\/prensa.sma.gob.ar\/index.php?rest_route=\/wp\/v2\/posts\/7704","targetHints":{"allow":["GET"]}}],"collection":[{"href":"https:\/\/prensa.sma.gob.ar\/index.php?rest_route=\/wp\/v2\/posts"}],"about":[{"href":"https:\/\/prensa.sma.gob.ar\/index.php?rest_route=\/wp\/v2\/types\/post"}],"author":[{"embeddable":true,"href":"https:\/\/prensa.sma.gob.ar\/index.php?rest_route=\/wp\/v2\/users\/2"}],"replies":[{"embeddable":true,"href":"https:\/\/prensa.sma.gob.ar\/index.php?rest_route=%2Fwp%2Fv2%2Fcomments&post=7704"}],"version-history":[{"count":1,"href":"https:\/\/prensa.sma.gob.ar\/index.php?rest_route=\/wp\/v2\/posts\/7704\/revisions"}],"predecessor-version":[{"id":7706,"href":"https:\/\/prensa.sma.gob.ar\/index.php?rest_route=\/wp\/v2\/posts\/7704\/revisions\/7706"}],"wp:featuredmedia":[{"embeddable":true,"href":"https:\/\/prensa.sma.gob.ar\/index.php?rest_route=\/wp\/v2\/media\/7705"}],"wp:attachment":[{"href":"https:\/\/prensa.sma.gob.ar\/index.php?rest_route=%2Fwp%2Fv2%2Fmedia&parent=7704"}],"wp:term":[{"taxonomy":"category","embeddable":true,"href":"https:\/\/prensa.sma.gob.ar\/index.php?rest_route=%2Fwp%2Fv2%2Fcategories&post=7704"},{"taxonomy":"post_tag","embeddable":true,"href":"https:\/\/prensa.sma.gob.ar\/index.php?rest_route=%2Fwp%2Fv2%2Ftags&post=7704"}],"curies":[{"name":"wp","href":"https:\/\/api.w.org\/{rel}","templated":true}]}}