{"id":7708,"date":"2025-06-05T15:44:21","date_gmt":"2025-06-05T15:44:21","guid":{"rendered":"https:\/\/prensa.sma.gob.ar\/?p=7708"},"modified":"2025-06-05T15:44:22","modified_gmt":"2025-06-05T15:44:22","slug":"paseo-de-los-9-lagos-provincia-y-municipio-destacaron-la-pavimentacion-a-meliquina-y-a-lolog","status":"publish","type":"post","link":"https:\/\/prensa.sma.gob.ar\/?p=7708","title":{"rendered":"Paseo de los 9 Lagos: Provincia y Municipio destacaron la pavimentaci\u00f3n a Meliquina y a Lolog"},"content":{"rendered":"\n<p>El gobernador de Neuqu\u00e9n, Rolando Figueroa, y el intendente de San Mart\u00edn de los Andes, firmaron este jueves el contrato con la empresa que tendr\u00e1 a su cargo la pavimentaci\u00f3n de la Ruta Provincial a Villa Lago Meliquina, obra que se desarrollar\u00e1 de manera paralela a la pavimentaci\u00f3n de la ruta a Lago Lolog.<\/p>\n\n\n\n<p>Ambos destacaron la importancia que tendr\u00e1 la pavimentaci\u00f3n de los 19 kil\u00f3metros de la Ruta Provincial N\u00ba 63 a Meliquina, desde el empalme con la Ruta Nacional N\u00ba 40 hasta la urbanizaci\u00f3n que se levanta a la vera del lago y del r\u00edo, que estar\u00e1 a cargo de la empresa constructora Sapag. &nbsp;<\/p>\n\n\n\n<p>Durante el acto, realizado en la ciudad de Neuqu\u00e9n, tambi\u00e9n se firmaron los contratos con las empresas adjudicatarias de otras dos obras viales fundamentales: pavimentaci\u00f3n y mejoras hidr\u00e1ulicas en las calles Futaleuf\u00fa y R\u00edo Colorado, entre la ciudad de Neuqu\u00e9n y Plottier, la Ruta Provincial N\u00ba 11 entre Villa Pehuenia y Moquehue.<\/p>\n\n\n\n<figure class=\"wp-block-gallery has-nested-images columns-default is-cropped wp-block-gallery-1 is-layout-flex wp-block-gallery-is-layout-flex\">\n<figure class=\"wp-block-image size-large\"><img loading=\"lazy\" decoding=\"async\" width=\"1024\" height=\"683\" data-id=\"7711\" src=\"https:\/\/prensa.sma.gob.ar\/wp-content\/uploads\/2025\/06\/WhatsApp-Image-2025-06-05-at-11.13.39-1024x683.jpeg\" alt=\"\" class=\"wp-image-7711\" srcset=\"https:\/\/prensa.sma.gob.ar\/wp-content\/uploads\/2025\/06\/WhatsApp-Image-2025-06-05-at-11.13.39-1024x683.jpeg 1024w, https:\/\/prensa.sma.gob.ar\/wp-content\/uploads\/2025\/06\/WhatsApp-Image-2025-06-05-at-11.13.39-300x200.jpeg 300w, https:\/\/prensa.sma.gob.ar\/wp-content\/uploads\/2025\/06\/WhatsApp-Image-2025-06-05-at-11.13.39-768x512.jpeg 768w, https:\/\/prensa.sma.gob.ar\/wp-content\/uploads\/2025\/06\/WhatsApp-Image-2025-06-05-at-11.13.39-1536x1024.jpeg 1536w, https:\/\/prensa.sma.gob.ar\/wp-content\/uploads\/2025\/06\/WhatsApp-Image-2025-06-05-at-11.13.39-2048x1365.jpeg 2048w, https:\/\/prensa.sma.gob.ar\/wp-content\/uploads\/2025\/06\/WhatsApp-Image-2025-06-05-at-11.13.39-630x420.jpeg 630w, https:\/\/prensa.sma.gob.ar\/wp-content\/uploads\/2025\/06\/WhatsApp-Image-2025-06-05-at-11.13.39-696x464.jpeg 696w, https:\/\/prensa.sma.gob.ar\/wp-content\/uploads\/2025\/06\/WhatsApp-Image-2025-06-05-at-11.13.39-1068x712.jpeg 1068w, https:\/\/prensa.sma.gob.ar\/wp-content\/uploads\/2025\/06\/WhatsApp-Image-2025-06-05-at-11.13.39-1920x1280.jpeg 1920w\" sizes=\"auto, (max-width: 1024px) 100vw, 1024px\" \/><\/figure>\n\n\n\n<figure class=\"wp-block-image size-large\"><img loading=\"lazy\" decoding=\"async\" width=\"1024\" height=\"683\" data-id=\"7715\" src=\"https:\/\/prensa.sma.gob.ar\/wp-content\/uploads\/2025\/06\/WhatsApp-Image-2025-06-05-at-11.13.49-1024x683.jpeg\" alt=\"\" class=\"wp-image-7715\" srcset=\"https:\/\/prensa.sma.gob.ar\/wp-content\/uploads\/2025\/06\/WhatsApp-Image-2025-06-05-at-11.13.49-1024x683.jpeg 1024w, https:\/\/prensa.sma.gob.ar\/wp-content\/uploads\/2025\/06\/WhatsApp-Image-2025-06-05-at-11.13.49-300x200.jpeg 300w, https:\/\/prensa.sma.gob.ar\/wp-content\/uploads\/2025\/06\/WhatsApp-Image-2025-06-05-at-11.13.49-768x512.jpeg 768w, https:\/\/prensa.sma.gob.ar\/wp-content\/uploads\/2025\/06\/WhatsApp-Image-2025-06-05-at-11.13.49-1536x1024.jpeg 1536w, https:\/\/prensa.sma.gob.ar\/wp-content\/uploads\/2025\/06\/WhatsApp-Image-2025-06-05-at-11.13.49-2048x1365.jpeg 2048w, https:\/\/prensa.sma.gob.ar\/wp-content\/uploads\/2025\/06\/WhatsApp-Image-2025-06-05-at-11.13.49-630x420.jpeg 630w, https:\/\/prensa.sma.gob.ar\/wp-content\/uploads\/2025\/06\/WhatsApp-Image-2025-06-05-at-11.13.49-696x464.jpeg 696w, https:\/\/prensa.sma.gob.ar\/wp-content\/uploads\/2025\/06\/WhatsApp-Image-2025-06-05-at-11.13.49-1068x712.jpeg 1068w, https:\/\/prensa.sma.gob.ar\/wp-content\/uploads\/2025\/06\/WhatsApp-Image-2025-06-05-at-11.13.49-1920x1280.jpeg 1920w\" sizes=\"auto, (max-width: 1024px) 100vw, 1024px\" \/><\/figure>\n\n\n\n<figure class=\"wp-block-image size-large\"><img loading=\"lazy\" decoding=\"async\" width=\"1024\" height=\"683\" data-id=\"7718\" src=\"https:\/\/prensa.sma.gob.ar\/wp-content\/uploads\/2025\/06\/WhatsApp-Image-2025-06-05-at-11.13.52-1024x683.jpeg\" alt=\"\" class=\"wp-image-7718\" srcset=\"https:\/\/prensa.sma.gob.ar\/wp-content\/uploads\/2025\/06\/WhatsApp-Image-2025-06-05-at-11.13.52-1024x683.jpeg 1024w, https:\/\/prensa.sma.gob.ar\/wp-content\/uploads\/2025\/06\/WhatsApp-Image-2025-06-05-at-11.13.52-300x200.jpeg 300w, https:\/\/prensa.sma.gob.ar\/wp-content\/uploads\/2025\/06\/WhatsApp-Image-2025-06-05-at-11.13.52-768x512.jpeg 768w, https:\/\/prensa.sma.gob.ar\/wp-content\/uploads\/2025\/06\/WhatsApp-Image-2025-06-05-at-11.13.52-1536x1024.jpeg 1536w, https:\/\/prensa.sma.gob.ar\/wp-content\/uploads\/2025\/06\/WhatsApp-Image-2025-06-05-at-11.13.52-2048x1365.jpeg 2048w, https:\/\/prensa.sma.gob.ar\/wp-content\/uploads\/2025\/06\/WhatsApp-Image-2025-06-05-at-11.13.52-630x420.jpeg 630w, https:\/\/prensa.sma.gob.ar\/wp-content\/uploads\/2025\/06\/WhatsApp-Image-2025-06-05-at-11.13.52-696x464.jpeg 696w, https:\/\/prensa.sma.gob.ar\/wp-content\/uploads\/2025\/06\/WhatsApp-Image-2025-06-05-at-11.13.52-1068x712.jpeg 1068w, https:\/\/prensa.sma.gob.ar\/wp-content\/uploads\/2025\/06\/WhatsApp-Image-2025-06-05-at-11.13.52-1920x1280.jpeg 1920w\" sizes=\"auto, (max-width: 1024px) 100vw, 1024px\" \/><\/figure>\n<\/figure>\n\n\n\n<p>\u201cEstas obras son el resultado del esfuerzo de todos los neuquinos\u201d, expres\u00f3 el gobernador Figueroa al rubricar los convenios, destacando que se trata de intervenciones estrat\u00e9gicas que apuntan a \u201celevar la calidad de vida, impulsar la producci\u00f3n y garantizar la integraci\u00f3n territorial\u201d.<\/p>\n\n\n\n<p>Agradeci\u00f3 a \u201cmuchas empresas que siguen participando, que mejoran con su experiencia la calidad de estas rutas. Est\u00e1 comprobado que hacen bien las obras. Hemos trabajado mucho para poder optimizar los costos, para poder optimizar los precios. Es muy importante la competencia que existe entre ellos. Y esta competencia a nosotros nos permite hoy estar consiguiendo el kil\u00f3metro de ruta a un valor real, a un valor que creo que es el justo\u201d.<\/p>\n\n\n\n<p>El mandatario provincial se\u00f1al\u00f3 que \u201cesto nos est\u00e1 permitiendo tener en ejecuci\u00f3n 600 kil\u00f3metros de ruta en la provincia de Neuqu\u00e9n. Mientras que en la Rep\u00fablica Argentina no se ejecuta obra p\u00fablica, los neuquinos estamos haciendo 600 kil\u00f3metros de ruta. No es un tema menor. Parece natural, naturalizamos estas cosas, pero es una lucha de todos los d\u00edas para poder lograr estas obras que son tan importantes, y sobre todo son para el desarrollo de distintas comunidades\u201d.<\/p>\n\n\n\n<p>Reafirm\u00f3 que \u201cqueremos construir las rutas que son necesarias para nuestra gente. Y estamos rompiendo viejos paradigmas. Ahora no va a ser la Ruta de los Siete Lagos, va a ser el Paseo de los Ocho Lagos. \u00bfPor qu\u00e9? Porque incorporamos el lago Meliquina tambi\u00e9n a este paseo. Y, si lo miramos desde San Mart\u00edn de los Andes, tambi\u00e9n vamos a incorporar otro paseo pavimentado que es Lolog. Entonces podemos hablar ya del Paseo de los Nueve Lagos\u201d.<\/p>\n\n\n\n<p>En el mismo sentido, se expres\u00f3 el intendente Saloniti. \u201cImag\u00ednense lo que va a ser llegar a Meliquina por una ruta pavimentada\u2026 &nbsp;Cambiar\u00e1 el esquema tur\u00edstico de la zona sur de la provincia, adem\u00e1s de la Ruta de los 7 Lagos y adem\u00e1s de la ruta a Lolog y de la ruta a Mamuil Malal. No hay mejor promoci\u00f3n tur\u00edstica que invertir en una ruta\u201d, se\u00f1al\u00f3.<\/p>\n\n\n\n<p>El jefe comunal agreg\u00f3 que \u201cla f\u00f3rmula es clara: que el Estado est\u00e9 presente y que invierta; que los empresarios apoyen y acompa\u00f1en, para que se genere trabajo y para que se potencie la Provincia. El \u00fanico camino que hay, es tirar juntos por la neuquinidad y por defender Neuqu\u00e9n\u201d.<\/p>\n\n\n\n<p>Saloniti reafirm\u00f3 las diferencias en las pol\u00edticas p\u00fablicas que aplican el Gobierno de la provincia de Neuqu\u00e9n y en el Gobierno nacional. \u201cPara que veamos la diferencia: ayer sali\u00f3 una nota de la C\u00e1mara Argentina de la Construcci\u00f3n en la que se le pide al Gobierno nacional que active la obra p\u00fablica. La C\u00e1mara est\u00e1 pidiendo lo que Neuqu\u00e9n hace: invertir en la obra p\u00fablica\u201d, compar\u00f3.<\/p>\n\n\n\n<p>\u201cEst\u00e1 muy bien que se el Estado se ordene, y eso se ha hecho. Pero sin obra p\u00fablica y sin infraestructura es imposible el crecimiento de una provincia y mucho menos de la naci\u00f3n. Ahora muchos est\u00e1n entendiendo lo que la Provincia de Neuqu\u00e9n y lo que esta gesti\u00f3n est\u00e1 haciendo\u201d, afirm\u00f3.<\/p>\n\n\n\n<p>\u201cEstamos todos traccionando por el mismo camino. No hay manera de avanzar si s\u00f3lo tracciona un sector. Hay que reivindicar &nbsp;la funci\u00f3n del Estado y acompa\u00f1ar y generar el equilibrio que necesita la sociedad. El mercado por s\u00ed solo no va a acomodar la situaci\u00f3n, el Estado articula para potenciar eso\u201d, complet\u00f3 el intendente sanmartinense.<\/p>\n\n\n\n<p>Durante el acto estuvieron presentes tambi\u00e9n el ministro Jefe de Gabinete, Juan Luis Ousset; la ministra de Desarrollo Humano, Gobiernos Locales y Mujeres, Julieta Corroza; el ministro de Econom\u00eda, Producci\u00f3n e Industria, Guillermo Koenig; y la directora de la Unidad Provincial de Enlace y Ejecuci\u00f3n de Proyectos con Financiamiento Externo (Upefe), Tanya Bertoldi, a cargo de la Secretar\u00eda de Obras P\u00fablicas; y el presidente de Vialidad provincial, Jos\u00e9 Dutsch.<\/p>\n\n\n\n<figure class=\"wp-block-gallery has-nested-images columns-default is-cropped wp-block-gallery-2 is-layout-flex wp-block-gallery-is-layout-flex\">\n<figure class=\"wp-block-image size-large\"><img loading=\"lazy\" decoding=\"async\" width=\"1024\" height=\"683\" data-id=\"7709\" src=\"https:\/\/prensa.sma.gob.ar\/wp-content\/uploads\/2025\/06\/WhatsApp-Image-2025-06-05-at-11.13.37-1024x683.jpeg\" alt=\"\" class=\"wp-image-7709\" srcset=\"https:\/\/prensa.sma.gob.ar\/wp-content\/uploads\/2025\/06\/WhatsApp-Image-2025-06-05-at-11.13.37-1024x683.jpeg 1024w, https:\/\/prensa.sma.gob.ar\/wp-content\/uploads\/2025\/06\/WhatsApp-Image-2025-06-05-at-11.13.37-300x200.jpeg 300w, https:\/\/prensa.sma.gob.ar\/wp-content\/uploads\/2025\/06\/WhatsApp-Image-2025-06-05-at-11.13.37-768x512.jpeg 768w, https:\/\/prensa.sma.gob.ar\/wp-content\/uploads\/2025\/06\/WhatsApp-Image-2025-06-05-at-11.13.37-1536x1024.jpeg 1536w, https:\/\/prensa.sma.gob.ar\/wp-content\/uploads\/2025\/06\/WhatsApp-Image-2025-06-05-at-11.13.37-2048x1365.jpeg 2048w, https:\/\/prensa.sma.gob.ar\/wp-content\/uploads\/2025\/06\/WhatsApp-Image-2025-06-05-at-11.13.37-630x420.jpeg 630w, https:\/\/prensa.sma.gob.ar\/wp-content\/uploads\/2025\/06\/WhatsApp-Image-2025-06-05-at-11.13.37-696x464.jpeg 696w, https:\/\/prensa.sma.gob.ar\/wp-content\/uploads\/2025\/06\/WhatsApp-Image-2025-06-05-at-11.13.37-1068x712.jpeg 1068w, https:\/\/prensa.sma.gob.ar\/wp-content\/uploads\/2025\/06\/WhatsApp-Image-2025-06-05-at-11.13.37-1920x1280.jpeg 1920w\" sizes=\"auto, (max-width: 1024px) 100vw, 1024px\" \/><\/figure>\n\n\n\n<figure class=\"wp-block-image size-large\"><img loading=\"lazy\" decoding=\"async\" width=\"1024\" height=\"683\" data-id=\"7714\" src=\"https:\/\/prensa.sma.gob.ar\/wp-content\/uploads\/2025\/06\/WhatsApp-Image-2025-06-05-at-11.13.48-1024x683.jpeg\" alt=\"\" class=\"wp-image-7714\" srcset=\"https:\/\/prensa.sma.gob.ar\/wp-content\/uploads\/2025\/06\/WhatsApp-Image-2025-06-05-at-11.13.48-1024x683.jpeg 1024w, https:\/\/prensa.sma.gob.ar\/wp-content\/uploads\/2025\/06\/WhatsApp-Image-2025-06-05-at-11.13.48-300x200.jpeg 300w, https:\/\/prensa.sma.gob.ar\/wp-content\/uploads\/2025\/06\/WhatsApp-Image-2025-06-05-at-11.13.48-768x512.jpeg 768w, https:\/\/prensa.sma.gob.ar\/wp-content\/uploads\/2025\/06\/WhatsApp-Image-2025-06-05-at-11.13.48-1536x1024.jpeg 1536w, https:\/\/prensa.sma.gob.ar\/wp-content\/uploads\/2025\/06\/WhatsApp-Image-2025-06-05-at-11.13.48-2048x1365.jpeg 2048w, https:\/\/prensa.sma.gob.ar\/wp-content\/uploads\/2025\/06\/WhatsApp-Image-2025-06-05-at-11.13.48-630x420.jpeg 630w, https:\/\/prensa.sma.gob.ar\/wp-content\/uploads\/2025\/06\/WhatsApp-Image-2025-06-05-at-11.13.48-696x464.jpeg 696w, https:\/\/prensa.sma.gob.ar\/wp-content\/uploads\/2025\/06\/WhatsApp-Image-2025-06-05-at-11.13.48-1068x712.jpeg 1068w, https:\/\/prensa.sma.gob.ar\/wp-content\/uploads\/2025\/06\/WhatsApp-Image-2025-06-05-at-11.13.48-1920x1280.jpeg 1920w\" sizes=\"auto, (max-width: 1024px) 100vw, 1024px\" \/><\/figure>\n\n\n\n<figure class=\"wp-block-image size-large\"><img loading=\"lazy\" decoding=\"async\" width=\"1024\" height=\"683\" data-id=\"7716\" src=\"https:\/\/prensa.sma.gob.ar\/wp-content\/uploads\/2025\/06\/WhatsApp-Image-2025-06-05-at-11.13.50-1024x683.jpeg\" alt=\"\" class=\"wp-image-7716\" srcset=\"https:\/\/prensa.sma.gob.ar\/wp-content\/uploads\/2025\/06\/WhatsApp-Image-2025-06-05-at-11.13.50-1024x683.jpeg 1024w, https:\/\/prensa.sma.gob.ar\/wp-content\/uploads\/2025\/06\/WhatsApp-Image-2025-06-05-at-11.13.50-300x200.jpeg 300w, https:\/\/prensa.sma.gob.ar\/wp-content\/uploads\/2025\/06\/WhatsApp-Image-2025-06-05-at-11.13.50-768x512.jpeg 768w, https:\/\/prensa.sma.gob.ar\/wp-content\/uploads\/2025\/06\/WhatsApp-Image-2025-06-05-at-11.13.50-1536x1024.jpeg 1536w, https:\/\/prensa.sma.gob.ar\/wp-content\/uploads\/2025\/06\/WhatsApp-Image-2025-06-05-at-11.13.50-2048x1365.jpeg 2048w, https:\/\/prensa.sma.gob.ar\/wp-content\/uploads\/2025\/06\/WhatsApp-Image-2025-06-05-at-11.13.50-630x420.jpeg 630w, https:\/\/prensa.sma.gob.ar\/wp-content\/uploads\/2025\/06\/WhatsApp-Image-2025-06-05-at-11.13.50-696x464.jpeg 696w, https:\/\/prensa.sma.gob.ar\/wp-content\/uploads\/2025\/06\/WhatsApp-Image-2025-06-05-at-11.13.50-1068x712.jpeg 1068w, https:\/\/prensa.sma.gob.ar\/wp-content\/uploads\/2025\/06\/WhatsApp-Image-2025-06-05-at-11.13.50-1920x1280.jpeg 1920w\" sizes=\"auto, (max-width: 1024px) 100vw, 1024px\" \/><\/figure>\n<\/figure>\n\n\n\n<p>Bertoldi destac\u00f3 que las licitaciones de estas obras se hicieron en tiempo record, debido a la importancia que tienen para el Gobierno provincial, y agradeci\u00f3 a Vialidad Provincial por la responsabilidad asumida en estos proyectos. \u201cEs uno de los d\u00edas m\u00e1s importantes de nuestra gesti\u00f3n, porque se trata de una obra de desarrollo integral, como es la pavimentaci\u00f3n de la calle Futaleuf\u00fa, y de dos rutas que fomentan el desarrollo del turismo, que es nuestra segunda actividad econ\u00f3mica despu\u00e9s de Vaca Muerta\u201d, se\u00f1al\u00f3.<\/p>\n\n\n\n<p><\/p>\n","protected":false},"excerpt":{"rendered":"<p>El gobernador de Neuqu\u00e9n, Rolando Figueroa, y el intendente de San Mart\u00edn de los Andes, firmaron este jueves el contrato con la empresa que tendr\u00e1 a su cargo la pavimentaci\u00f3n de la Ruta Provincial a Villa Lago Meliquina, obra que se desarrollar\u00e1 de manera paralela a la pavimentaci\u00f3n de la ruta a Lago Lolog. Ambos [&hellip;]<\/p>\n","protected":false},"author":2,"featured_media":7719,"comment_status":"closed","ping_status":"open","sticky":false,"template":"","format":"standard","meta":{"footnotes":""},"categories":[16,14,17,36],"tags":[],"class_list":{"0":"post-7708","1":"post","2":"type-post","3":"status-publish","4":"format-standard","5":"has-post-thumbnail","7":"category-destacadas","8":"category-noticias","9":"category-portada","10":"category-turismo"},"_links":{"self":[{"href":"https:\/\/prensa.sma.gob.ar\/index.php?rest_route=\/wp\/v2\/posts\/7708","targetHints":{"allow":["GET"]}}],"collection":[{"href":"https:\/\/prensa.sma.gob.ar\/index.php?rest_route=\/wp\/v2\/posts"}],"about":[{"href":"https:\/\/prensa.sma.gob.ar\/index.php?rest_route=\/wp\/v2\/types\/post"}],"author":[{"embeddable":true,"href":"https:\/\/prensa.sma.gob.ar\/index.php?rest_route=\/wp\/v2\/users\/2"}],"replies":[{"embeddable":true,"href":"https:\/\/prensa.sma.gob.ar\/index.php?rest_route=%2Fwp%2Fv2%2Fcomments&post=7708"}],"version-history":[{"count":1,"href":"https:\/\/prensa.sma.gob.ar\/index.php?rest_route=\/wp\/v2\/posts\/7708\/revisions"}],"predecessor-version":[{"id":7721,"href":"https:\/\/prensa.sma.gob.ar\/index.php?rest_route=\/wp\/v2\/posts\/7708\/revisions\/7721"}],"wp:featuredmedia":[{"embeddable":true,"href":"https:\/\/prensa.sma.gob.ar\/index.php?rest_route=\/wp\/v2\/media\/7719"}],"wp:attachment":[{"href":"https:\/\/prensa.sma.gob.ar\/index.php?rest_route=%2Fwp%2Fv2%2Fmedia&parent=7708"}],"wp:term":[{"taxonomy":"category","embeddable":true,"href":"https:\/\/prensa.sma.gob.ar\/index.php?rest_route=%2Fwp%2Fv2%2Fcategories&post=7708"},{"taxonomy":"post_tag","embeddable":true,"href":"https:\/\/prensa.sma.gob.ar\/index.php?rest_route=%2Fwp%2Fv2%2Ftags&post=7708"}],"curies":[{"name":"wp","href":"https:\/\/api.w.org\/{rel}","templated":true}]}}