{"id":7722,"date":"2025-06-05T17:02:24","date_gmt":"2025-06-05T17:02:24","guid":{"rendered":"https:\/\/prensa.sma.gob.ar\/?p=7722"},"modified":"2025-06-05T17:02:25","modified_gmt":"2025-06-05T17:02:25","slug":"plan-especial-de-pagos-hasta-fin-de-mes-para-la-tasa-de-contribucion-en-el-barrio-kaleuche","status":"publish","type":"post","link":"https:\/\/prensa.sma.gob.ar\/?p=7722","title":{"rendered":"Plan especial de pagos hasta fin de mes para la Tasa de Contribuci\u00f3n en el barrio Kaleuche"},"content":{"rendered":"\n<p>El Ejecutivo municipal efectuar\u00e1 un plan especial de pago, de hasta 24 cuotas mensuales y consecutivas, con la exenci\u00f3n de los intereses punitorios, compensatorios y de financiaci\u00f3n para, las y los vecinos del barrio Kaleuche enmarcados en la Ordenanza 14364.<\/p>\n\n\n\n<p>Esta Ordenanza, del a\u00f1o 2023, establece que los inmuebles situados dentro de Kaleuche deben abonar una Contribuci\u00f3n para conformar un fondo destinado a realizar obras de infraestructura en el barrio.<\/p>\n\n\n\n<p>El Concejo deliberante de San Mart\u00edn de los Andes autoriz\u00f3 al Ejecutivo a \u201cconvenir un Plan de Regularizaci\u00f3n de Car\u00e1cter Extraordinario sobre el monto adeudado al 31 de diciembre de 2024 con los titulares y\/o responsables de pago de los inmuebles situados dentro del barrio Kaleuche, enmarcados en la Ordenanza 14364\/2023, y que accedan a regularizar su situaci\u00f3n fiscal, a partir de la entrada en vigencia de la presente y hasta el 30 de junio de 2025\u201d.<\/p>\n\n\n\n<p><\/p>\n","protected":false},"excerpt":{"rendered":"<p>El Ejecutivo municipal efectuar\u00e1 un plan especial de pago, de hasta 24 cuotas mensuales y consecutivas, con la exenci\u00f3n de los intereses punitorios, compensatorios y de financiaci\u00f3n para, las y los vecinos del barrio Kaleuche enmarcados en la Ordenanza 14364. Esta Ordenanza, del a\u00f1o 2023, establece que los inmuebles situados dentro de Kaleuche deben abonar [&hellip;]<\/p>\n","protected":false},"author":1,"featured_media":7723,"comment_status":"closed","ping_status":"open","sticky":false,"template":"","format":"standard","meta":{"footnotes":""},"categories":[16,8,39,14],"tags":[],"class_list":{"0":"post-7722","1":"post","2":"type-post","3":"status-publish","4":"format-standard","5":"has-post-thumbnail","7":"category-destacadas","8":"category-economia","9":"category-subs-juntas-vecinales","10":"category-noticias"},"_links":{"self":[{"href":"https:\/\/prensa.sma.gob.ar\/index.php?rest_route=\/wp\/v2\/posts\/7722","targetHints":{"allow":["GET"]}}],"collection":[{"href":"https:\/\/prensa.sma.gob.ar\/index.php?rest_route=\/wp\/v2\/posts"}],"about":[{"href":"https:\/\/prensa.sma.gob.ar\/index.php?rest_route=\/wp\/v2\/types\/post"}],"author":[{"embeddable":true,"href":"https:\/\/prensa.sma.gob.ar\/index.php?rest_route=\/wp\/v2\/users\/1"}],"replies":[{"embeddable":true,"href":"https:\/\/prensa.sma.gob.ar\/index.php?rest_route=%2Fwp%2Fv2%2Fcomments&post=7722"}],"version-history":[{"count":1,"href":"https:\/\/prensa.sma.gob.ar\/index.php?rest_route=\/wp\/v2\/posts\/7722\/revisions"}],"predecessor-version":[{"id":7724,"href":"https:\/\/prensa.sma.gob.ar\/index.php?rest_route=\/wp\/v2\/posts\/7722\/revisions\/7724"}],"wp:featuredmedia":[{"embeddable":true,"href":"https:\/\/prensa.sma.gob.ar\/index.php?rest_route=\/wp\/v2\/media\/7723"}],"wp:attachment":[{"href":"https:\/\/prensa.sma.gob.ar\/index.php?rest_route=%2Fwp%2Fv2%2Fmedia&parent=7722"}],"wp:term":[{"taxonomy":"category","embeddable":true,"href":"https:\/\/prensa.sma.gob.ar\/index.php?rest_route=%2Fwp%2Fv2%2Fcategories&post=7722"},{"taxonomy":"post_tag","embeddable":true,"href":"https:\/\/prensa.sma.gob.ar\/index.php?rest_route=%2Fwp%2Fv2%2Ftags&post=7722"}],"curies":[{"name":"wp","href":"https:\/\/api.w.org\/{rel}","templated":true}]}}