{"id":7727,"date":"2025-06-06T12:49:50","date_gmt":"2025-06-06T12:49:50","guid":{"rendered":"https:\/\/prensa.sma.gob.ar\/?p=7727"},"modified":"2025-06-06T12:49:51","modified_gmt":"2025-06-06T12:49:51","slug":"con-impulso-del-fondo-municipal-de-las-artes-comienza-un-ciclo-de-titeres-en-los-barrios","status":"publish","type":"post","link":"https:\/\/prensa.sma.gob.ar\/?p=7727","title":{"rendered":"Con impulso del Fondo Municipal de las Artes, comienza un ciclo de t\u00edteres en los barrios"},"content":{"rendered":"\n<p>El primer a\u00f1o de entrada en vigencia del Fondo Municipal de las Artes comienza a dar sus frutos, con el objetivo de garantizar el derecho a la cultura. Este s\u00e1bado 7 de junio comienza el \u201cCiclo de teatro de t\u00edteres Ruta 40\u201d, que se desarrollar\u00e1 durante todo el mes en los barrios de San Mart\u00edn de los Andes.<\/p>\n\n\n\n<p>Producto de esa iniciativa, instrumentada por la Secretar\u00eda de Cultura del Municipio, y con el trabajo de la Subsecretar\u00eda de Juntas Vecinales, La Pelela T\u00edteres organiza para este mes de junio un ciclo de teatro de t\u00edteres en los barrios, que se realizar\u00e1 durante los fines de semana, con la presencia de compa\u00f1\u00edas de nuestra ciudad, de Bariloche, de El Bols\u00f3n y de Cholila.<\/p>\n\n\n\n<p>Habr\u00e1 presentaciones en Cordones del Chapelco, Chacra IV, Villa Paur, Cantera y Los Radales.<\/p>\n\n\n\n<p>Titiriteros de San Martin de los Andes, Bariloche, El Bols\u00f3n y Cholila har\u00e1n sus funciones de t\u00edteres a lo largo de este mes, recorriendo distintos barrios de nuestra localidad.<\/p>\n\n\n\n<p>Las funciones ser\u00e1n con entrada libra y gratuita, compartiendo la cultura como derecho de ciudadan\u00eda.<\/p>\n\n\n\n<p>La propuesta surge a partir de la convocatoria del Fondo Municipal de las Artes \u201cElena Lapuente\u201d y la organizaci\u00f3n est\u00e1 a cargo del grupo La Pelela t\u00edteres, con el acompa\u00f1amiento de la Subsecretar\u00eda de Juntas Vecinales de la Municipalidad de San Mart\u00edn de los Andes.<\/p>\n\n\n\n<p>Cronograma<\/p>\n\n\n\n<p>Elenco: <strong>LA PELELA TITERES (San Martin de los Andes)<\/strong><\/p>\n\n\n\n<p>Sabado7 de Junio: Chacra 30  &#8211; Lugar: Centro Integral Comunitario (CIC) &#8211; 17 hs.<\/p>\n\n\n\n<p>Domingo 8.de Junio: Chacra IV &#8211; Lugar: Biblioteca &#8211; 17 hs.<\/p>\n\n\n\n<p><\/p>\n\n\n\n<p>Elenco: <strong>5 SESIONES (Cholila, Chubut)<\/strong><\/p>\n\n\n\n<p>S\u00e1bado 14 de Junio: Villa Paur &#8211; Lugar: Sede Vecinal, Paimun 96 &#8211; 17 hs.<\/p>\n\n\n\n<p>Domingo 15 de Junio: Cantera &#8211; Lugar: Centro Comunitario &#8211; 17 hs.<\/p>\n\n\n\n<p><\/p>\n\n\n\n<p>Elenco:<strong> T\u00edteres AL VIENTO, Bariloche<\/strong><\/p>\n\n\n\n<p>S\u00e1bado 21 de Junio: Cantera &#8211; Lugar: Centro Comunitario &#8211; 17 hs.<\/p>\n\n\n\n<p>Domingo 22 de Junio: Los Radales &#8211; Lugar: Centro Comunitario &#8211; 17 hs.<\/p>\n\n\n\n<p><\/p>\n\n\n\n<p>Elenco:<strong> ELENCO EL BOLSON<\/strong> <\/p>\n\n\n\n<p>S\u00e1bado 28 de Junio: Chacra 30 &#8211; Lugar: Centro Integral Comunitario (CIC) &#8211; 17 hs.<\/p>\n\n\n\n<p>Domingo 29 de Junio: Chacra IV &#8211; Lugar: Biblioteca &#8211; 17 hs.<\/p>\n\n\n<div class=\"wp-block-image\">\n<figure class=\"aligncenter size-large is-resized\"><img loading=\"lazy\" decoding=\"async\" width=\"723\" height=\"1024\" src=\"https:\/\/prensa.sma.gob.ar\/wp-content\/uploads\/2025\/06\/WhatsApp-Image-2025-06-04-at-19.14.07-723x1024.jpeg\" alt=\"\" class=\"wp-image-7729\" style=\"width:458px;height:auto\" srcset=\"https:\/\/prensa.sma.gob.ar\/wp-content\/uploads\/2025\/06\/WhatsApp-Image-2025-06-04-at-19.14.07-723x1024.jpeg 723w, https:\/\/prensa.sma.gob.ar\/wp-content\/uploads\/2025\/06\/WhatsApp-Image-2025-06-04-at-19.14.07-212x300.jpeg 212w, https:\/\/prensa.sma.gob.ar\/wp-content\/uploads\/2025\/06\/WhatsApp-Image-2025-06-04-at-19.14.07-768x1087.jpeg 768w, https:\/\/prensa.sma.gob.ar\/wp-content\/uploads\/2025\/06\/WhatsApp-Image-2025-06-04-at-19.14.07-297x420.jpeg 297w, https:\/\/prensa.sma.gob.ar\/wp-content\/uploads\/2025\/06\/WhatsApp-Image-2025-06-04-at-19.14.07-696x985.jpeg 696w, https:\/\/prensa.sma.gob.ar\/wp-content\/uploads\/2025\/06\/WhatsApp-Image-2025-06-04-at-19.14.07.jpeg 904w\" sizes=\"auto, (max-width: 723px) 100vw, 723px\" \/><\/figure>\n<\/div>","protected":false},"excerpt":{"rendered":"<p>El primer a\u00f1o de entrada en vigencia del Fondo Municipal de las Artes comienza a dar sus frutos, con el objetivo de garantizar el derecho a la cultura. Este s\u00e1bado 7 de junio comienza el \u201cCiclo de teatro de t\u00edteres Ruta 40\u201d, que se desarrollar\u00e1 durante todo el mes en los barrios de San Mart\u00edn [&hellip;]<\/p>\n","protected":false},"author":2,"featured_media":7728,"comment_status":"closed","ping_status":"open","sticky":false,"template":"","format":"standard","meta":{"footnotes":""},"categories":[5,16,39,14],"tags":[],"class_list":{"0":"post-7727","1":"post","2":"type-post","3":"status-publish","4":"format-standard","5":"has-post-thumbnail","7":"category-cultura","8":"category-destacadas","9":"category-subs-juntas-vecinales","10":"category-noticias"},"_links":{"self":[{"href":"https:\/\/prensa.sma.gob.ar\/index.php?rest_route=\/wp\/v2\/posts\/7727","targetHints":{"allow":["GET"]}}],"collection":[{"href":"https:\/\/prensa.sma.gob.ar\/index.php?rest_route=\/wp\/v2\/posts"}],"about":[{"href":"https:\/\/prensa.sma.gob.ar\/index.php?rest_route=\/wp\/v2\/types\/post"}],"author":[{"embeddable":true,"href":"https:\/\/prensa.sma.gob.ar\/index.php?rest_route=\/wp\/v2\/users\/2"}],"replies":[{"embeddable":true,"href":"https:\/\/prensa.sma.gob.ar\/index.php?rest_route=%2Fwp%2Fv2%2Fcomments&post=7727"}],"version-history":[{"count":1,"href":"https:\/\/prensa.sma.gob.ar\/index.php?rest_route=\/wp\/v2\/posts\/7727\/revisions"}],"predecessor-version":[{"id":7730,"href":"https:\/\/prensa.sma.gob.ar\/index.php?rest_route=\/wp\/v2\/posts\/7727\/revisions\/7730"}],"wp:featuredmedia":[{"embeddable":true,"href":"https:\/\/prensa.sma.gob.ar\/index.php?rest_route=\/wp\/v2\/media\/7728"}],"wp:attachment":[{"href":"https:\/\/prensa.sma.gob.ar\/index.php?rest_route=%2Fwp%2Fv2%2Fmedia&parent=7727"}],"wp:term":[{"taxonomy":"category","embeddable":true,"href":"https:\/\/prensa.sma.gob.ar\/index.php?rest_route=%2Fwp%2Fv2%2Fcategories&post=7727"},{"taxonomy":"post_tag","embeddable":true,"href":"https:\/\/prensa.sma.gob.ar\/index.php?rest_route=%2Fwp%2Fv2%2Ftags&post=7727"}],"curies":[{"name":"wp","href":"https:\/\/api.w.org\/{rel}","templated":true}]}}