{"id":7732,"date":"2025-06-07T18:42:32","date_gmt":"2025-06-07T18:42:32","guid":{"rendered":"https:\/\/prensa.sma.gob.ar\/?p=7732"},"modified":"2025-06-07T18:48:58","modified_gmt":"2025-06-07T18:48:58","slug":"se-realizara-el-primer-taller-sobre-elaboracion-de-hidromiel","status":"publish","type":"post","link":"https:\/\/prensa.sma.gob.ar\/?p=7732","title":{"rendered":"Se realizar\u00e1 el Primer Taller sobre elaboraci\u00f3n de Hidromiel"},"content":{"rendered":"\n<p>La Asociaci\u00f3n de Apicultores y Apicultoras del Sur Neuquino\u00a0\ud83d\udc1d\u00a0APISUR\u00a0\ud83d\udc1d\u00a0invita a participar de su Primer Taller sobre elaboraci\u00f3n de Hidromiel\u00a0\ud83c\udf6f<\/p>\n\n\n\n<p>Este encuentro se realiza de manera coordinada con el INTA y con la Subsecretar\u00eda de Producci\u00f3n, Empleo y Juventud de San Mart\u00edn de los Andes\u00a0\ud83d\ude4c<\/p>\n\n\n\n<p>\ud83d\udc49&nbsp;Para inscribirse y reservar un lugar, debe completarse el formulario de inscripci\u00f3n con los pasos a seguir<\/p>\n\n\n\n<p><a href=\"https:\/\/forms.gle\/WoYyBxw716UTBbwe8\"><strong>https:\/\/forms.gle\/WoYyBxw716UTBbwe8<\/strong><\/a><\/p>\n\n\n\n<figure class=\"wp-block-image size-large\"><img loading=\"lazy\" decoding=\"async\" width=\"819\" height=\"1024\" src=\"https:\/\/prensa.sma.gob.ar\/wp-content\/uploads\/2025\/06\/WhatsApp-Image-2025-06-06-at-21.17.21-819x1024.jpeg\" alt=\"\" class=\"wp-image-7733\" srcset=\"https:\/\/prensa.sma.gob.ar\/wp-content\/uploads\/2025\/06\/WhatsApp-Image-2025-06-06-at-21.17.21-819x1024.jpeg 819w, https:\/\/prensa.sma.gob.ar\/wp-content\/uploads\/2025\/06\/WhatsApp-Image-2025-06-06-at-21.17.21-240x300.jpeg 240w, https:\/\/prensa.sma.gob.ar\/wp-content\/uploads\/2025\/06\/WhatsApp-Image-2025-06-06-at-21.17.21-768x960.jpeg 768w, https:\/\/prensa.sma.gob.ar\/wp-content\/uploads\/2025\/06\/WhatsApp-Image-2025-06-06-at-21.17.21-336x420.jpeg 336w, https:\/\/prensa.sma.gob.ar\/wp-content\/uploads\/2025\/06\/WhatsApp-Image-2025-06-06-at-21.17.21-696x870.jpeg 696w, https:\/\/prensa.sma.gob.ar\/wp-content\/uploads\/2025\/06\/WhatsApp-Image-2025-06-06-at-21.17.21-1068x1335.jpeg 1068w, https:\/\/prensa.sma.gob.ar\/wp-content\/uploads\/2025\/06\/WhatsApp-Image-2025-06-06-at-21.17.21.jpeg 1080w\" sizes=\"auto, (max-width: 819px) 100vw, 819px\" \/><\/figure>\n","protected":false},"excerpt":{"rendered":"<p>La Asociaci\u00f3n de Apicultores y Apicultoras del Sur Neuquino\u00a0\ud83d\udc1d\u00a0APISUR\u00a0\ud83d\udc1d\u00a0invita a participar de su Primer Taller sobre elaboraci\u00f3n de Hidromiel\u00a0\ud83c\udf6f Este encuentro se realiza de manera coordinada con el INTA y con la Subsecretar\u00eda de Producci\u00f3n, Empleo y Juventud de San Mart\u00edn de los Andes\u00a0\ud83d\ude4c \ud83d\udc49&nbsp;Para inscribirse y reservar un lugar, debe completarse el formulario de [&hellip;]<\/p>\n","protected":false},"author":2,"featured_media":7733,"comment_status":"closed","ping_status":"open","sticky":false,"template":"","format":"standard","meta":{"footnotes":""},"categories":[16,14,31,38],"tags":[],"class_list":{"0":"post-7732","1":"post","2":"type-post","3":"status-publish","4":"format-standard","5":"has-post-thumbnail","7":"category-destacadas","8":"category-noticias","9":"category-produccion","10":"category-subsecretaria-produccion-empleo-y-juventud"},"_links":{"self":[{"href":"https:\/\/prensa.sma.gob.ar\/index.php?rest_route=\/wp\/v2\/posts\/7732","targetHints":{"allow":["GET"]}}],"collection":[{"href":"https:\/\/prensa.sma.gob.ar\/index.php?rest_route=\/wp\/v2\/posts"}],"about":[{"href":"https:\/\/prensa.sma.gob.ar\/index.php?rest_route=\/wp\/v2\/types\/post"}],"author":[{"embeddable":true,"href":"https:\/\/prensa.sma.gob.ar\/index.php?rest_route=\/wp\/v2\/users\/2"}],"replies":[{"embeddable":true,"href":"https:\/\/prensa.sma.gob.ar\/index.php?rest_route=%2Fwp%2Fv2%2Fcomments&post=7732"}],"version-history":[{"count":3,"href":"https:\/\/prensa.sma.gob.ar\/index.php?rest_route=\/wp\/v2\/posts\/7732\/revisions"}],"predecessor-version":[{"id":7740,"href":"https:\/\/prensa.sma.gob.ar\/index.php?rest_route=\/wp\/v2\/posts\/7732\/revisions\/7740"}],"wp:featuredmedia":[{"embeddable":true,"href":"https:\/\/prensa.sma.gob.ar\/index.php?rest_route=\/wp\/v2\/media\/7733"}],"wp:attachment":[{"href":"https:\/\/prensa.sma.gob.ar\/index.php?rest_route=%2Fwp%2Fv2%2Fmedia&parent=7732"}],"wp:term":[{"taxonomy":"category","embeddable":true,"href":"https:\/\/prensa.sma.gob.ar\/index.php?rest_route=%2Fwp%2Fv2%2Fcategories&post=7732"},{"taxonomy":"post_tag","embeddable":true,"href":"https:\/\/prensa.sma.gob.ar\/index.php?rest_route=%2Fwp%2Fv2%2Ftags&post=7732"}],"curies":[{"name":"wp","href":"https:\/\/api.w.org\/{rel}","templated":true}]}}