{"id":7741,"date":"2025-06-09T01:38:55","date_gmt":"2025-06-09T01:38:55","guid":{"rendered":"https:\/\/prensa.sma.gob.ar\/?p=7741"},"modified":"2025-06-09T02:10:37","modified_gmt":"2025-06-09T02:10:37","slug":"se-realizo-un-nuevo-plenario-del-consejo-de-juntas-vecinales","status":"publish","type":"post","link":"https:\/\/prensa.sma.gob.ar\/?p=7741","title":{"rendered":"Se realiz\u00f3 un nuevo plenario del Consejo de Juntas Vecinales"},"content":{"rendered":"\n<p>Este s\u00e1bado se realiz\u00f3 una nueva Reuni\u00f3n Plenaria del Consejo de Juntas Vecinales, que cont\u00f3 con la participaci\u00f3n del Grupo Coordinador de este \u00f3rgano; de representantes de una docena de barrios, de la subsecretaria de Juntas Vecinales, Lorena Gonz\u00e1lez; y del subsecretario del Consejo de Planificaci\u00f3n Estrat\u00e9gica, COPE, F\u00e9lix Cariboni.<\/p>\n\n\n\n<p>Tras la apertura del Plenario por parte de las moderadoras Laura Baroni y Marita Cabrera, se ley\u00f3 el temario del d\u00eda y la presentaci\u00f3n de cada asistente y de cada junta vecinal que particip\u00f3 del encuentro, realizado en la sede vecinal de los barrios Vega Maip\u00fa y Nahuilen.<\/p>\n\n\n\n<p>Mar\u00eda Jos\u00e9 Fabro, representante del Grupo Coordinador del Consejo, y Lorena Gonz\u00e1lez, subsecretaria de Juntas Vecinales, presentaron las modificaciones propuestas de los primeros 7 art\u00edculos de la Ordenanza 9439\/2012 que se analizaron hasta ahora en las reuniones bisemanales. El plenario aprob\u00f3 estas consideraciones.<\/p>\n\n\n\n<p>Tambi\u00e9n se analizaron las condiciones para designaci\u00f3n de integrantes al Grupo Coordinador en el pr\u00f3ximo Plenario, anunciado para el 5 de julio pr\u00f3ximo, que ser\u00e1 moderado por la vecina Noelia Galdames, del barrio Cantera.<\/p>\n\n\n\n<p>La subsecretaria de Juntas Vecinales expuso la propuesta de las \u00e1reas de Guardas Ambientales, Zoonosis y Espacios Verdes para trabajar en los barrios, una iniciativa que fue bien recibida por los representantes barriales que asistieron al Plenario.<\/p>\n\n\n\n<p>Finalmente, el vecino Omar Trovato, integrante de la Comisi\u00f3n de Ambiente del Consejo de Juntas Vecinales, expuso sobre la organizaci\u00f3n de compostaje comunitario y los proyectos que se analizan para incentivar esta pr\u00e1ctica a trav\u00e9s de las Juntas Vecinales, del Ejecutivo municipal y del Concejo Deliberante.<\/p>\n\n\n\n<figure class=\"wp-block-gallery has-nested-images columns-default is-cropped wp-block-gallery-1 is-layout-flex wp-block-gallery-is-layout-flex\">\n<figure class=\"wp-block-image size-large\"><img loading=\"lazy\" decoding=\"async\" width=\"1024\" height=\"799\" data-id=\"7745\" src=\"https:\/\/prensa.sma.gob.ar\/wp-content\/uploads\/2025\/06\/Plenario-1-1024x799.jpg\" alt=\"\" class=\"wp-image-7745\" srcset=\"https:\/\/prensa.sma.gob.ar\/wp-content\/uploads\/2025\/06\/Plenario-1-1024x799.jpg 1024w, https:\/\/prensa.sma.gob.ar\/wp-content\/uploads\/2025\/06\/Plenario-1-300x234.jpg 300w, https:\/\/prensa.sma.gob.ar\/wp-content\/uploads\/2025\/06\/Plenario-1-768x599.jpg 768w, https:\/\/prensa.sma.gob.ar\/wp-content\/uploads\/2025\/06\/Plenario-1-538x420.jpg 538w, https:\/\/prensa.sma.gob.ar\/wp-content\/uploads\/2025\/06\/Plenario-1-696x543.jpg 696w, https:\/\/prensa.sma.gob.ar\/wp-content\/uploads\/2025\/06\/Plenario-1-1068x833.jpg 1068w, https:\/\/prensa.sma.gob.ar\/wp-content\/uploads\/2025\/06\/Plenario-1.jpg 1200w\" sizes=\"auto, (max-width: 1024px) 100vw, 1024px\" \/><\/figure>\n\n\n\n<figure class=\"wp-block-image size-large\"><img loading=\"lazy\" decoding=\"async\" width=\"1024\" height=\"741\" data-id=\"7744\" src=\"https:\/\/prensa.sma.gob.ar\/wp-content\/uploads\/2025\/06\/Plenario-2-1024x741.jpg\" alt=\"\" class=\"wp-image-7744\" srcset=\"https:\/\/prensa.sma.gob.ar\/wp-content\/uploads\/2025\/06\/Plenario-2-1024x741.jpg 1024w, https:\/\/prensa.sma.gob.ar\/wp-content\/uploads\/2025\/06\/Plenario-2-300x217.jpg 300w, https:\/\/prensa.sma.gob.ar\/wp-content\/uploads\/2025\/06\/Plenario-2-768x556.jpg 768w, https:\/\/prensa.sma.gob.ar\/wp-content\/uploads\/2025\/06\/Plenario-2-581x420.jpg 581w, https:\/\/prensa.sma.gob.ar\/wp-content\/uploads\/2025\/06\/Plenario-2-696x503.jpg 696w, https:\/\/prensa.sma.gob.ar\/wp-content\/uploads\/2025\/06\/Plenario-2-1068x773.jpg 1068w, https:\/\/prensa.sma.gob.ar\/wp-content\/uploads\/2025\/06\/Plenario-2.jpg 1200w\" sizes=\"auto, (max-width: 1024px) 100vw, 1024px\" \/><\/figure>\n\n\n\n<figure class=\"wp-block-image size-large\"><img loading=\"lazy\" decoding=\"async\" width=\"1024\" height=\"771\" data-id=\"7743\" src=\"https:\/\/prensa.sma.gob.ar\/wp-content\/uploads\/2025\/06\/Plenario-3-1024x771.jpg\" alt=\"\" class=\"wp-image-7743\" srcset=\"https:\/\/prensa.sma.gob.ar\/wp-content\/uploads\/2025\/06\/Plenario-3-1024x771.jpg 1024w, https:\/\/prensa.sma.gob.ar\/wp-content\/uploads\/2025\/06\/Plenario-3-300x226.jpg 300w, https:\/\/prensa.sma.gob.ar\/wp-content\/uploads\/2025\/06\/Plenario-3-768x578.jpg 768w, https:\/\/prensa.sma.gob.ar\/wp-content\/uploads\/2025\/06\/Plenario-3-558x420.jpg 558w, https:\/\/prensa.sma.gob.ar\/wp-content\/uploads\/2025\/06\/Plenario-3-80x60.jpg 80w, https:\/\/prensa.sma.gob.ar\/wp-content\/uploads\/2025\/06\/Plenario-3-696x524.jpg 696w, https:\/\/prensa.sma.gob.ar\/wp-content\/uploads\/2025\/06\/Plenario-3-1068x804.jpg 1068w, https:\/\/prensa.sma.gob.ar\/wp-content\/uploads\/2025\/06\/Plenario-3.jpg 1200w\" sizes=\"auto, (max-width: 1024px) 100vw, 1024px\" \/><\/figure>\n<\/figure>\n","protected":false},"excerpt":{"rendered":"<p>Este s\u00e1bado se realiz\u00f3 una nueva Reuni\u00f3n Plenaria del Consejo de Juntas Vecinales, que cont\u00f3 con la participaci\u00f3n del Grupo Coordinador de este \u00f3rgano; de representantes de una docena de barrios, de la subsecretaria de Juntas Vecinales, Lorena Gonz\u00e1lez; y del subsecretario del Consejo de Planificaci\u00f3n Estrat\u00e9gica, COPE, F\u00e9lix Cariboni. Tras la apertura del Plenario [&hellip;]<\/p>\n","protected":false},"author":2,"featured_media":7742,"comment_status":"closed","ping_status":"open","sticky":false,"template":"","format":"standard","meta":{"footnotes":""},"categories":[16,39,14],"tags":[],"class_list":{"0":"post-7741","1":"post","2":"type-post","3":"status-publish","4":"format-standard","5":"has-post-thumbnail","7":"category-destacadas","8":"category-subs-juntas-vecinales","9":"category-noticias"},"_links":{"self":[{"href":"https:\/\/prensa.sma.gob.ar\/index.php?rest_route=\/wp\/v2\/posts\/7741","targetHints":{"allow":["GET"]}}],"collection":[{"href":"https:\/\/prensa.sma.gob.ar\/index.php?rest_route=\/wp\/v2\/posts"}],"about":[{"href":"https:\/\/prensa.sma.gob.ar\/index.php?rest_route=\/wp\/v2\/types\/post"}],"author":[{"embeddable":true,"href":"https:\/\/prensa.sma.gob.ar\/index.php?rest_route=\/wp\/v2\/users\/2"}],"replies":[{"embeddable":true,"href":"https:\/\/prensa.sma.gob.ar\/index.php?rest_route=%2Fwp%2Fv2%2Fcomments&post=7741"}],"version-history":[{"count":2,"href":"https:\/\/prensa.sma.gob.ar\/index.php?rest_route=\/wp\/v2\/posts\/7741\/revisions"}],"predecessor-version":[{"id":7772,"href":"https:\/\/prensa.sma.gob.ar\/index.php?rest_route=\/wp\/v2\/posts\/7741\/revisions\/7772"}],"wp:featuredmedia":[{"embeddable":true,"href":"https:\/\/prensa.sma.gob.ar\/index.php?rest_route=\/wp\/v2\/media\/7742"}],"wp:attachment":[{"href":"https:\/\/prensa.sma.gob.ar\/index.php?rest_route=%2Fwp%2Fv2%2Fmedia&parent=7741"}],"wp:term":[{"taxonomy":"category","embeddable":true,"href":"https:\/\/prensa.sma.gob.ar\/index.php?rest_route=%2Fwp%2Fv2%2Fcategories&post=7741"},{"taxonomy":"post_tag","embeddable":true,"href":"https:\/\/prensa.sma.gob.ar\/index.php?rest_route=%2Fwp%2Fv2%2Ftags&post=7741"}],"curies":[{"name":"wp","href":"https:\/\/api.w.org\/{rel}","templated":true}]}}