{"id":7747,"date":"2025-06-09T01:43:32","date_gmt":"2025-06-09T01:43:32","guid":{"rendered":"https:\/\/prensa.sma.gob.ar\/?p=7747"},"modified":"2025-06-09T01:43:32","modified_gmt":"2025-06-09T01:43:32","slug":"extienden-una-semana-mas-el-periodo-de-atencion-a-postulantes-de-las-becas-gregorio-alvarez","status":"publish","type":"post","link":"https:\/\/prensa.sma.gob.ar\/?p=7747","title":{"rendered":"Extienden una semana m\u00e1s el per\u00edodo de atenci\u00f3n a postulantes de las becas Gregorio \u00c1lvarez"},"content":{"rendered":"\n<p>Hasta el pr\u00f3ximo viernes 13 de junio habr\u00e1 tiempo para completar documentaci\u00f3n, subir informaci\u00f3n pendiente o realizar consultas sobre el periodo de inscripci\u00f3n sobre las becas estudiantiles provinciales Gregorio \u00c1lvarez.<\/p>\n\n\n\n<p>En San Mart\u00edn de los Andes, la atenci\u00f3n se realizar\u00e1 en los siguientes lugares y horarios:<\/p>\n\n\n\n<p>Secretaria de Cultura: Calle Capit\u00e1n Drury 665. Hasta el viernes, de 8 a 13hs.<\/p>\n\n\n\n<p>Punto digital: Calle Cerro de la Virgen 1846, B\u00b0 Cordones del Chapelco. Hasta el viernes, de 14 a 18hs.<\/p>\n\n\n\n<p>Direcci\u00f3n General de Educaci\u00f3n: edificio del ex hotel Sol, primer piso. Hasta el viernes, de 9 a 13.<\/p>\n\n\n\n<p>Delegaci\u00f3n de Cordones del Chapelco: Av. Los Lagos 1900. Hasta el viernes, de 9 a 13hs.<\/p>\n","protected":false},"excerpt":{"rendered":"<p>Hasta el pr\u00f3ximo viernes 13 de junio habr\u00e1 tiempo para completar documentaci\u00f3n, subir informaci\u00f3n pendiente o realizar consultas sobre el periodo de inscripci\u00f3n sobre las becas estudiantiles provinciales Gregorio \u00c1lvarez. En San Mart\u00edn de los Andes, la atenci\u00f3n se realizar\u00e1 en los siguientes lugares y horarios: Secretaria de Cultura: Calle Capit\u00e1n Drury 665. Hasta el [&hellip;]<\/p>\n","protected":false},"author":2,"featured_media":7748,"comment_status":"closed","ping_status":"open","sticky":false,"template":"","format":"standard","meta":{"footnotes":""},"categories":[16,9,14],"tags":[],"class_list":{"0":"post-7747","1":"post","2":"type-post","3":"status-publish","4":"format-standard","5":"has-post-thumbnail","7":"category-destacadas","8":"category-educacion","9":"category-noticias"},"_links":{"self":[{"href":"https:\/\/prensa.sma.gob.ar\/index.php?rest_route=\/wp\/v2\/posts\/7747","targetHints":{"allow":["GET"]}}],"collection":[{"href":"https:\/\/prensa.sma.gob.ar\/index.php?rest_route=\/wp\/v2\/posts"}],"about":[{"href":"https:\/\/prensa.sma.gob.ar\/index.php?rest_route=\/wp\/v2\/types\/post"}],"author":[{"embeddable":true,"href":"https:\/\/prensa.sma.gob.ar\/index.php?rest_route=\/wp\/v2\/users\/2"}],"replies":[{"embeddable":true,"href":"https:\/\/prensa.sma.gob.ar\/index.php?rest_route=%2Fwp%2Fv2%2Fcomments&post=7747"}],"version-history":[{"count":1,"href":"https:\/\/prensa.sma.gob.ar\/index.php?rest_route=\/wp\/v2\/posts\/7747\/revisions"}],"predecessor-version":[{"id":7749,"href":"https:\/\/prensa.sma.gob.ar\/index.php?rest_route=\/wp\/v2\/posts\/7747\/revisions\/7749"}],"wp:featuredmedia":[{"embeddable":true,"href":"https:\/\/prensa.sma.gob.ar\/index.php?rest_route=\/wp\/v2\/media\/7748"}],"wp:attachment":[{"href":"https:\/\/prensa.sma.gob.ar\/index.php?rest_route=%2Fwp%2Fv2%2Fmedia&parent=7747"}],"wp:term":[{"taxonomy":"category","embeddable":true,"href":"https:\/\/prensa.sma.gob.ar\/index.php?rest_route=%2Fwp%2Fv2%2Fcategories&post=7747"},{"taxonomy":"post_tag","embeddable":true,"href":"https:\/\/prensa.sma.gob.ar\/index.php?rest_route=%2Fwp%2Fv2%2Ftags&post=7747"}],"curies":[{"name":"wp","href":"https:\/\/api.w.org\/{rel}","templated":true}]}}