{"id":7758,"date":"2025-06-09T01:55:17","date_gmt":"2025-06-09T01:55:17","guid":{"rendered":"https:\/\/prensa.sma.gob.ar\/?p=7758"},"modified":"2025-06-09T01:55:18","modified_gmt":"2025-06-09T01:55:18","slug":"unas-120-familias-participaron-de-un-nuevo-taller-del-barrio-aitue-de-chacra-30","status":"publish","type":"post","link":"https:\/\/prensa.sma.gob.ar\/?p=7758","title":{"rendered":"Unas 120 familias participaron de un nuevo taller del barrio Aitue, de Chacra 30"},"content":{"rendered":"\n<p>Con la presencia de casi 120 familias del barrio Aitue, se realiz\u00f3 el cuarto taller \u00abDe la Tierra al Barrio\u00bb, organizado por el Instituto Municipal de Vivienda y H\u00e1bitat (IVH) y las organizaciones que lo acompa\u00f1an.<\/p>\n\n\n\n<p>El encuentro, que se llev\u00f3 a cabo este s\u00e1bado en el Cpem 57, reuni\u00f3 a m\u00e1s de 150 vecinas y vecinos de este barrio de Cordones del Chapelco y marc\u00f3 otro hito en un proceso de trabajo en busca del desarrollo de servicios e infraestructura para los 200 lotes adjudicados por sorteo en 2024.<\/p>\n\n\n\n<p>Este cuarto taller asambleario es parte de un ciclo de intercambio e interaprendizaje entre organizaciones, y experiencias relevantes locales y regionales, que marcan una nueva cultura de gesti\u00f3n participativa de los procesos socio eco urbanos de San Mart\u00edn de los Andes.<\/p>\n\n\n\n<p>La convocatoria cont\u00f3 con el acompa\u00f1amiento t\u00e9cnico de la Escuela Iberoamericana de Tecnolog\u00edas Integrales del H\u00e1bitat (TEC-IN-HAB), y de referentes de Vecinos sin Techo; Colegio de Arquitectos; colectivo El Enjambre; miembros del Centro Regional Universitario de San Mart\u00edn de los Andes (CRUSMA) de la Universidad Nacional del Comahue UNCo); y representantes de TEC-IN-HAB y de la Cooperativa La Remolinera, de Villa La Angostura.<\/p>\n\n\n\n<p>Tambi\u00e9n asistieron representantes del barrio autogestivo El Tr\u00e9bol y el concejal Santiago Fern\u00e1ndez, quienes aportaron propuestas innovadoras para poder plantear formas de recupero de la inversi\u00f3n del Ejecutivo local y retroalimentar los procesos barriales a trav\u00e9s de convenios o propuestas de ordenanzas.<\/p>\n\n\n\n<figure class=\"wp-block-gallery has-nested-images columns-default is-cropped wp-block-gallery-1 is-layout-flex wp-block-gallery-is-layout-flex\">\n<figure class=\"wp-block-image size-large\"><img loading=\"lazy\" decoding=\"async\" width=\"1024\" height=\"576\" data-id=\"7766\" src=\"https:\/\/prensa.sma.gob.ar\/wp-content\/uploads\/2025\/06\/WhatsApp-Image-2025-06-07-at-17.24.492-1024x576.jpeg\" alt=\"\" class=\"wp-image-7766\" srcset=\"https:\/\/prensa.sma.gob.ar\/wp-content\/uploads\/2025\/06\/WhatsApp-Image-2025-06-07-at-17.24.492-1024x576.jpeg 1024w, https:\/\/prensa.sma.gob.ar\/wp-content\/uploads\/2025\/06\/WhatsApp-Image-2025-06-07-at-17.24.492-300x169.jpeg 300w, https:\/\/prensa.sma.gob.ar\/wp-content\/uploads\/2025\/06\/WhatsApp-Image-2025-06-07-at-17.24.492-768x432.jpeg 768w, https:\/\/prensa.sma.gob.ar\/wp-content\/uploads\/2025\/06\/WhatsApp-Image-2025-06-07-at-17.24.492-1536x864.jpeg 1536w, https:\/\/prensa.sma.gob.ar\/wp-content\/uploads\/2025\/06\/WhatsApp-Image-2025-06-07-at-17.24.492-747x420.jpeg 747w, https:\/\/prensa.sma.gob.ar\/wp-content\/uploads\/2025\/06\/WhatsApp-Image-2025-06-07-at-17.24.492-696x392.jpeg 696w, https:\/\/prensa.sma.gob.ar\/wp-content\/uploads\/2025\/06\/WhatsApp-Image-2025-06-07-at-17.24.492-1068x601.jpeg 1068w, https:\/\/prensa.sma.gob.ar\/wp-content\/uploads\/2025\/06\/WhatsApp-Image-2025-06-07-at-17.24.492.jpeg 1600w\" sizes=\"auto, (max-width: 1024px) 100vw, 1024px\" \/><\/figure>\n\n\n\n<figure class=\"wp-block-image size-large\"><img loading=\"lazy\" decoding=\"async\" width=\"1024\" height=\"576\" data-id=\"7763\" src=\"https:\/\/prensa.sma.gob.ar\/wp-content\/uploads\/2025\/06\/WhatsApp-Image-2025-06-07-at-17.24.502-1024x576.jpeg\" alt=\"\" class=\"wp-image-7763\" srcset=\"https:\/\/prensa.sma.gob.ar\/wp-content\/uploads\/2025\/06\/WhatsApp-Image-2025-06-07-at-17.24.502-1024x576.jpeg 1024w, https:\/\/prensa.sma.gob.ar\/wp-content\/uploads\/2025\/06\/WhatsApp-Image-2025-06-07-at-17.24.502-300x169.jpeg 300w, https:\/\/prensa.sma.gob.ar\/wp-content\/uploads\/2025\/06\/WhatsApp-Image-2025-06-07-at-17.24.502-768x432.jpeg 768w, https:\/\/prensa.sma.gob.ar\/wp-content\/uploads\/2025\/06\/WhatsApp-Image-2025-06-07-at-17.24.502-1536x864.jpeg 1536w, https:\/\/prensa.sma.gob.ar\/wp-content\/uploads\/2025\/06\/WhatsApp-Image-2025-06-07-at-17.24.502-747x420.jpeg 747w, https:\/\/prensa.sma.gob.ar\/wp-content\/uploads\/2025\/06\/WhatsApp-Image-2025-06-07-at-17.24.502-696x392.jpeg 696w, https:\/\/prensa.sma.gob.ar\/wp-content\/uploads\/2025\/06\/WhatsApp-Image-2025-06-07-at-17.24.502-1068x601.jpeg 1068w, https:\/\/prensa.sma.gob.ar\/wp-content\/uploads\/2025\/06\/WhatsApp-Image-2025-06-07-at-17.24.502.jpeg 1600w\" sizes=\"auto, (max-width: 1024px) 100vw, 1024px\" \/><\/figure>\n\n\n\n<figure class=\"wp-block-image size-large\"><img loading=\"lazy\" decoding=\"async\" width=\"1024\" height=\"576\" data-id=\"7770\" src=\"https:\/\/prensa.sma.gob.ar\/wp-content\/uploads\/2025\/06\/WhatsApp-Image-2025-06-07-at-17.24.48-1024x576.jpeg\" alt=\"\" class=\"wp-image-7770\" srcset=\"https:\/\/prensa.sma.gob.ar\/wp-content\/uploads\/2025\/06\/WhatsApp-Image-2025-06-07-at-17.24.48-1024x576.jpeg 1024w, https:\/\/prensa.sma.gob.ar\/wp-content\/uploads\/2025\/06\/WhatsApp-Image-2025-06-07-at-17.24.48-300x169.jpeg 300w, https:\/\/prensa.sma.gob.ar\/wp-content\/uploads\/2025\/06\/WhatsApp-Image-2025-06-07-at-17.24.48-768x432.jpeg 768w, https:\/\/prensa.sma.gob.ar\/wp-content\/uploads\/2025\/06\/WhatsApp-Image-2025-06-07-at-17.24.48-1536x864.jpeg 1536w, https:\/\/prensa.sma.gob.ar\/wp-content\/uploads\/2025\/06\/WhatsApp-Image-2025-06-07-at-17.24.48-747x420.jpeg 747w, https:\/\/prensa.sma.gob.ar\/wp-content\/uploads\/2025\/06\/WhatsApp-Image-2025-06-07-at-17.24.48-696x392.jpeg 696w, https:\/\/prensa.sma.gob.ar\/wp-content\/uploads\/2025\/06\/WhatsApp-Image-2025-06-07-at-17.24.48-1068x601.jpeg 1068w, https:\/\/prensa.sma.gob.ar\/wp-content\/uploads\/2025\/06\/WhatsApp-Image-2025-06-07-at-17.24.48.jpeg 1600w\" sizes=\"auto, (max-width: 1024px) 100vw, 1024px\" \/><\/figure>\n<\/figure>\n\n\n\n<p>La jornada comenz\u00f3 con reflexiones de las vecinas y vecinos sobre el proceso de interaprendizajes. La directora del Instituto de Vivienda y H\u00e1bitat, Carolina Amaya, inform\u00f3 detalles sobre la aprobaci\u00f3n un\u00e1nime del Concejo Deliberante para la contrataci\u00f3n directa de proyectos ejecutivos de la red de agua, bombeo y tanques de reserva; red de cloacas, caminer\u00eda y obras complementarias del Estudio de Impacto Ambiental.<\/p>\n\n\n\n<p>Ver\u00f3nica Carbone del Centro Regional de la UNCo dio detalles del desarrollo de tres proyectos de extensi\u00f3n que contribuir\u00e1n a enriquecer la propuesta de urbanizaci\u00f3n, considerando las condiciones del paisaje y el an\u00e1lisis eco social de las posibles formas de urbanizaci\u00f3n con sostenibilidad.<\/p>\n\n\n\n<p>Posteriormente, se reflexion\u00f3 sobre el proceso desarrollado en estos nueve meses, y c\u00f3mo se han desarrollado acciones del Instituto de Vivienda y H\u00e1bitat y de la organizaci\u00f3n de vecinos en forma autogestionaria y co-gestionada para la declaraci\u00f3n de emergencia habitacional, aprobada recientemente por el Concejo Deliberante.<\/p>\n\n\n\n<p>Luego del encuentro, Carolina Amaya celebr\u00f3 la concurrencia de casi 120 familias y destac\u00f3 que \u201cse trabaj\u00f3 en ir entendiendo y compartiendo c\u00f3mo ellos van conform\u00e1ndose como organizaci\u00f3n barrial, como vecinos que se autogestionan y se convierten en un colectivo que tracciona su propio proyecto\u201d.<\/p>\n\n\n\n<p>Se\u00f1al\u00f3 que tambi\u00e9n \u201cse trabaj\u00f3 fuertemente en esquemas y formatos posibles de recupero del pago de la tierra, en tiempos donde las propuestas son integrar a los vecinos con las propuestas del Estado municipal y provincial y la manifiesta voluntad de vecinas y vecinos de sumarse, de querer aportar, de pagar, de entender que si no es as\u00ed no hay otra forma\u201d.<\/p>\n\n\n\n<figure class=\"wp-block-gallery has-nested-images columns-default is-cropped wp-block-gallery-2 is-layout-flex wp-block-gallery-is-layout-flex\">\n<figure class=\"wp-block-image size-large\"><img loading=\"lazy\" decoding=\"async\" width=\"1024\" height=\"609\" data-id=\"7760\" src=\"https:\/\/prensa.sma.gob.ar\/wp-content\/uploads\/2025\/06\/WhatsApp-Image-2025-06-07-at-17.24.511-1024x609.jpeg\" alt=\"\" class=\"wp-image-7760\" srcset=\"https:\/\/prensa.sma.gob.ar\/wp-content\/uploads\/2025\/06\/WhatsApp-Image-2025-06-07-at-17.24.511-1024x609.jpeg 1024w, https:\/\/prensa.sma.gob.ar\/wp-content\/uploads\/2025\/06\/WhatsApp-Image-2025-06-07-at-17.24.511-300x178.jpeg 300w, https:\/\/prensa.sma.gob.ar\/wp-content\/uploads\/2025\/06\/WhatsApp-Image-2025-06-07-at-17.24.511-768x456.jpeg 768w, https:\/\/prensa.sma.gob.ar\/wp-content\/uploads\/2025\/06\/WhatsApp-Image-2025-06-07-at-17.24.511-1536x913.jpeg 1536w, https:\/\/prensa.sma.gob.ar\/wp-content\/uploads\/2025\/06\/WhatsApp-Image-2025-06-07-at-17.24.511-707x420.jpeg 707w, https:\/\/prensa.sma.gob.ar\/wp-content\/uploads\/2025\/06\/WhatsApp-Image-2025-06-07-at-17.24.511-696x414.jpeg 696w, https:\/\/prensa.sma.gob.ar\/wp-content\/uploads\/2025\/06\/WhatsApp-Image-2025-06-07-at-17.24.511-1068x635.jpeg 1068w, https:\/\/prensa.sma.gob.ar\/wp-content\/uploads\/2025\/06\/WhatsApp-Image-2025-06-07-at-17.24.511.jpeg 1600w\" sizes=\"auto, (max-width: 1024px) 100vw, 1024px\" \/><\/figure>\n\n\n\n<figure class=\"wp-block-image size-large\"><img loading=\"lazy\" decoding=\"async\" width=\"1024\" height=\"576\" data-id=\"7759\" src=\"https:\/\/prensa.sma.gob.ar\/wp-content\/uploads\/2025\/06\/WhatsApp-Image-2025-06-07-at-17.24.512-1024x576.jpeg\" alt=\"\" class=\"wp-image-7759\" srcset=\"https:\/\/prensa.sma.gob.ar\/wp-content\/uploads\/2025\/06\/WhatsApp-Image-2025-06-07-at-17.24.512-1024x576.jpeg 1024w, https:\/\/prensa.sma.gob.ar\/wp-content\/uploads\/2025\/06\/WhatsApp-Image-2025-06-07-at-17.24.512-300x169.jpeg 300w, https:\/\/prensa.sma.gob.ar\/wp-content\/uploads\/2025\/06\/WhatsApp-Image-2025-06-07-at-17.24.512-768x432.jpeg 768w, https:\/\/prensa.sma.gob.ar\/wp-content\/uploads\/2025\/06\/WhatsApp-Image-2025-06-07-at-17.24.512-1536x864.jpeg 1536w, https:\/\/prensa.sma.gob.ar\/wp-content\/uploads\/2025\/06\/WhatsApp-Image-2025-06-07-at-17.24.512-747x420.jpeg 747w, https:\/\/prensa.sma.gob.ar\/wp-content\/uploads\/2025\/06\/WhatsApp-Image-2025-06-07-at-17.24.512-696x392.jpeg 696w, https:\/\/prensa.sma.gob.ar\/wp-content\/uploads\/2025\/06\/WhatsApp-Image-2025-06-07-at-17.24.512-1068x601.jpeg 1068w, https:\/\/prensa.sma.gob.ar\/wp-content\/uploads\/2025\/06\/WhatsApp-Image-2025-06-07-at-17.24.512.jpeg 1600w\" sizes=\"auto, (max-width: 1024px) 100vw, 1024px\" \/><\/figure>\n\n\n\n<figure class=\"wp-block-image size-large\"><img loading=\"lazy\" decoding=\"async\" width=\"1024\" height=\"648\" data-id=\"7762\" src=\"https:\/\/prensa.sma.gob.ar\/wp-content\/uploads\/2025\/06\/WhatsApp-Image-2025-06-07-at-17.24.503-1024x648.jpeg\" alt=\"\" class=\"wp-image-7762\" srcset=\"https:\/\/prensa.sma.gob.ar\/wp-content\/uploads\/2025\/06\/WhatsApp-Image-2025-06-07-at-17.24.503-1024x648.jpeg 1024w, https:\/\/prensa.sma.gob.ar\/wp-content\/uploads\/2025\/06\/WhatsApp-Image-2025-06-07-at-17.24.503-300x190.jpeg 300w, https:\/\/prensa.sma.gob.ar\/wp-content\/uploads\/2025\/06\/WhatsApp-Image-2025-06-07-at-17.24.503-768x486.jpeg 768w, https:\/\/prensa.sma.gob.ar\/wp-content\/uploads\/2025\/06\/WhatsApp-Image-2025-06-07-at-17.24.503-1536x972.jpeg 1536w, https:\/\/prensa.sma.gob.ar\/wp-content\/uploads\/2025\/06\/WhatsApp-Image-2025-06-07-at-17.24.503-664x420.jpeg 664w, https:\/\/prensa.sma.gob.ar\/wp-content\/uploads\/2025\/06\/WhatsApp-Image-2025-06-07-at-17.24.503-696x440.jpeg 696w, https:\/\/prensa.sma.gob.ar\/wp-content\/uploads\/2025\/06\/WhatsApp-Image-2025-06-07-at-17.24.503-1068x676.jpeg 1068w, https:\/\/prensa.sma.gob.ar\/wp-content\/uploads\/2025\/06\/WhatsApp-Image-2025-06-07-at-17.24.503.jpeg 1600w\" sizes=\"auto, (max-width: 1024px) 100vw, 1024px\" \/><\/figure>\n\n\n\n<figure class=\"wp-block-image size-large\"><img loading=\"lazy\" decoding=\"async\" width=\"1024\" height=\"576\" data-id=\"7761\" src=\"https:\/\/prensa.sma.gob.ar\/wp-content\/uploads\/2025\/06\/WhatsApp-Image-2025-06-07-at-17.24.51-1024x576.jpeg\" alt=\"\" class=\"wp-image-7761\" srcset=\"https:\/\/prensa.sma.gob.ar\/wp-content\/uploads\/2025\/06\/WhatsApp-Image-2025-06-07-at-17.24.51-1024x576.jpeg 1024w, https:\/\/prensa.sma.gob.ar\/wp-content\/uploads\/2025\/06\/WhatsApp-Image-2025-06-07-at-17.24.51-300x169.jpeg 300w, https:\/\/prensa.sma.gob.ar\/wp-content\/uploads\/2025\/06\/WhatsApp-Image-2025-06-07-at-17.24.51-768x432.jpeg 768w, https:\/\/prensa.sma.gob.ar\/wp-content\/uploads\/2025\/06\/WhatsApp-Image-2025-06-07-at-17.24.51-1536x864.jpeg 1536w, https:\/\/prensa.sma.gob.ar\/wp-content\/uploads\/2025\/06\/WhatsApp-Image-2025-06-07-at-17.24.51-747x420.jpeg 747w, https:\/\/prensa.sma.gob.ar\/wp-content\/uploads\/2025\/06\/WhatsApp-Image-2025-06-07-at-17.24.51-696x392.jpeg 696w, https:\/\/prensa.sma.gob.ar\/wp-content\/uploads\/2025\/06\/WhatsApp-Image-2025-06-07-at-17.24.51-1068x601.jpeg 1068w, https:\/\/prensa.sma.gob.ar\/wp-content\/uploads\/2025\/06\/WhatsApp-Image-2025-06-07-at-17.24.51.jpeg 1600w\" sizes=\"auto, (max-width: 1024px) 100vw, 1024px\" \/><\/figure>\n\n\n\n<figure class=\"wp-block-image size-large\"><img loading=\"lazy\" decoding=\"async\" width=\"1024\" height=\"576\" data-id=\"7768\" src=\"https:\/\/prensa.sma.gob.ar\/wp-content\/uploads\/2025\/06\/WhatsApp-Image-2025-06-07-at-17.24.49-1024x576.jpeg\" alt=\"\" class=\"wp-image-7768\" srcset=\"https:\/\/prensa.sma.gob.ar\/wp-content\/uploads\/2025\/06\/WhatsApp-Image-2025-06-07-at-17.24.49-1024x576.jpeg 1024w, https:\/\/prensa.sma.gob.ar\/wp-content\/uploads\/2025\/06\/WhatsApp-Image-2025-06-07-at-17.24.49-300x169.jpeg 300w, https:\/\/prensa.sma.gob.ar\/wp-content\/uploads\/2025\/06\/WhatsApp-Image-2025-06-07-at-17.24.49-768x432.jpeg 768w, https:\/\/prensa.sma.gob.ar\/wp-content\/uploads\/2025\/06\/WhatsApp-Image-2025-06-07-at-17.24.49-1536x864.jpeg 1536w, https:\/\/prensa.sma.gob.ar\/wp-content\/uploads\/2025\/06\/WhatsApp-Image-2025-06-07-at-17.24.49-747x420.jpeg 747w, https:\/\/prensa.sma.gob.ar\/wp-content\/uploads\/2025\/06\/WhatsApp-Image-2025-06-07-at-17.24.49-696x392.jpeg 696w, https:\/\/prensa.sma.gob.ar\/wp-content\/uploads\/2025\/06\/WhatsApp-Image-2025-06-07-at-17.24.49-1068x601.jpeg 1068w, https:\/\/prensa.sma.gob.ar\/wp-content\/uploads\/2025\/06\/WhatsApp-Image-2025-06-07-at-17.24.49.jpeg 1600w\" sizes=\"auto, (max-width: 1024px) 100vw, 1024px\" \/><\/figure>\n\n\n\n<figure class=\"wp-block-image size-large\"><img loading=\"lazy\" decoding=\"async\" width=\"1024\" height=\"576\" data-id=\"7764\" src=\"https:\/\/prensa.sma.gob.ar\/wp-content\/uploads\/2025\/06\/WhatsApp-Image-2025-06-07-at-17.24.501-1024x576.jpeg\" alt=\"\" class=\"wp-image-7764\" srcset=\"https:\/\/prensa.sma.gob.ar\/wp-content\/uploads\/2025\/06\/WhatsApp-Image-2025-06-07-at-17.24.501-1024x576.jpeg 1024w, https:\/\/prensa.sma.gob.ar\/wp-content\/uploads\/2025\/06\/WhatsApp-Image-2025-06-07-at-17.24.501-300x169.jpeg 300w, https:\/\/prensa.sma.gob.ar\/wp-content\/uploads\/2025\/06\/WhatsApp-Image-2025-06-07-at-17.24.501-768x432.jpeg 768w, https:\/\/prensa.sma.gob.ar\/wp-content\/uploads\/2025\/06\/WhatsApp-Image-2025-06-07-at-17.24.501-1536x864.jpeg 1536w, https:\/\/prensa.sma.gob.ar\/wp-content\/uploads\/2025\/06\/WhatsApp-Image-2025-06-07-at-17.24.501-747x420.jpeg 747w, https:\/\/prensa.sma.gob.ar\/wp-content\/uploads\/2025\/06\/WhatsApp-Image-2025-06-07-at-17.24.501-696x392.jpeg 696w, https:\/\/prensa.sma.gob.ar\/wp-content\/uploads\/2025\/06\/WhatsApp-Image-2025-06-07-at-17.24.501-1068x601.jpeg 1068w, https:\/\/prensa.sma.gob.ar\/wp-content\/uploads\/2025\/06\/WhatsApp-Image-2025-06-07-at-17.24.501.jpeg 1600w\" sizes=\"auto, (max-width: 1024px) 100vw, 1024px\" \/><\/figure>\n<\/figure>\n","protected":false},"excerpt":{"rendered":"<p>Con la presencia de casi 120 familias del barrio Aitue, se realiz\u00f3 el cuarto taller \u00abDe la Tierra al Barrio\u00bb, organizado por el Instituto Municipal de Vivienda y H\u00e1bitat (IVH) y las organizaciones que lo acompa\u00f1an. El encuentro, que se llev\u00f3 a cabo este s\u00e1bado en el Cpem 57, reuni\u00f3 a m\u00e1s de 150 vecinas [&hellip;]<\/p>\n","protected":false},"author":2,"featured_media":7765,"comment_status":"closed","ping_status":"open","sticky":false,"template":"","format":"standard","meta":{"footnotes":""},"categories":[16,14,17,37],"tags":[],"class_list":{"0":"post-7758","1":"post","2":"type-post","3":"status-publish","4":"format-standard","5":"has-post-thumbnail","7":"category-destacadas","8":"category-noticias","9":"category-portada","10":"category-vivienda"},"_links":{"self":[{"href":"https:\/\/prensa.sma.gob.ar\/index.php?rest_route=\/wp\/v2\/posts\/7758","targetHints":{"allow":["GET"]}}],"collection":[{"href":"https:\/\/prensa.sma.gob.ar\/index.php?rest_route=\/wp\/v2\/posts"}],"about":[{"href":"https:\/\/prensa.sma.gob.ar\/index.php?rest_route=\/wp\/v2\/types\/post"}],"author":[{"embeddable":true,"href":"https:\/\/prensa.sma.gob.ar\/index.php?rest_route=\/wp\/v2\/users\/2"}],"replies":[{"embeddable":true,"href":"https:\/\/prensa.sma.gob.ar\/index.php?rest_route=%2Fwp%2Fv2%2Fcomments&post=7758"}],"version-history":[{"count":1,"href":"https:\/\/prensa.sma.gob.ar\/index.php?rest_route=\/wp\/v2\/posts\/7758\/revisions"}],"predecessor-version":[{"id":7771,"href":"https:\/\/prensa.sma.gob.ar\/index.php?rest_route=\/wp\/v2\/posts\/7758\/revisions\/7771"}],"wp:featuredmedia":[{"embeddable":true,"href":"https:\/\/prensa.sma.gob.ar\/index.php?rest_route=\/wp\/v2\/media\/7765"}],"wp:attachment":[{"href":"https:\/\/prensa.sma.gob.ar\/index.php?rest_route=%2Fwp%2Fv2%2Fmedia&parent=7758"}],"wp:term":[{"taxonomy":"category","embeddable":true,"href":"https:\/\/prensa.sma.gob.ar\/index.php?rest_route=%2Fwp%2Fv2%2Fcategories&post=7758"},{"taxonomy":"post_tag","embeddable":true,"href":"https:\/\/prensa.sma.gob.ar\/index.php?rest_route=%2Fwp%2Fv2%2Ftags&post=7758"}],"curies":[{"name":"wp","href":"https:\/\/api.w.org\/{rel}","templated":true}]}}