{"id":7775,"date":"2025-06-09T16:45:15","date_gmt":"2025-06-09T16:45:15","guid":{"rendered":"https:\/\/prensa.sma.gob.ar\/?p=7775"},"modified":"2025-06-09T16:45:16","modified_gmt":"2025-06-09T16:45:16","slug":"el-municipio-y-el-cef-9-retoman-las-gestiones-para-la-construccion-del-natatorio-publico","status":"publish","type":"post","link":"https:\/\/prensa.sma.gob.ar\/?p=7775","title":{"rendered":"El Municipio y el CEF 9 retoman las gestiones para la construcci\u00f3n del natatorio p\u00fablico"},"content":{"rendered":"\n<p>El intendente municipal, Carlos Saloniti, y las autoridades del Centro de Educaci\u00f3n F\u00edsica (CEF) N\u00ba 9, encabezadas por su directora, Andrea Lucero, acordaron retomar las gestiones ante la provincia de Neuqu\u00e9n para la construcci\u00f3n de un natatorio p\u00fablico cerrado.<\/p>\n\n\n\n<p>Durante el encuentro, realizado este lunes en el despacho del intendente, surgi\u00f3 el compromiso de avanzar con el Proyecto Ejecutivo como paso necesario para iniciar las gestiones formales ante el Ejecutivo provincial.<\/p>\n\n\n\n<p>De la reuni\u00f3n participaron, adem\u00e1s del jefe comunal y de la directora del CEF N\u00ba 9, el vicedirector de la instituci\u00f3n, Carlos Valenzuela; la regente Vanina Machuca, y el regente Juan Garc\u00eda.<\/p>\n\n\n\n<p>La profesora Lucero reafirm\u00f3 la necesidad de retomar las acciones concretas para construir el natatorio, que permitir\u00e1 fomentar el deporte en San Mart\u00edn de los Andes, y record\u00f3 que el CEF N\u00ba 9, que no tiene edificio propio, tiene una matr\u00edcula de unas mil personas, de entre 4 y 80 a\u00f1os de edad.<\/p>\n\n\n\n<p>Record\u00f3 que el objetivo del proyecto es potenciar la salud integral de la poblaci\u00f3n sanmartinense, brindar la ense\u00f1anza de la nataci\u00f3n como integraci\u00f3n y enriquecimiento de las vivencias y calidad de vida, y ofrecer la posibilidad de recreaci\u00f3n de una actividad que no est\u00e1 debidamente cubierta en nuestra comunidad.<\/p>\n\n\n\n<p>El intendente Saloniti se comprometi\u00f3 retomar las gestiones ante el Gobierno provincial, por entender que es una buena oportunidad para avanzar en el Proyecto Ejecutivo, teniendo en cuenta las pol\u00edticas del Estado neuquino de atender las necesidades de infraestructura, servicios y mejoramiento de la calidad de vida de las vecinas y vecinos de cada municipio.<\/p>\n\n\n\n<p>El Centro de Educaci\u00f3n F\u00edsica N\u00ba 9 tiene asignado un terreno desde el a\u00f1o 2016, por votaci\u00f3n del Concejo Deliberante de nuestra ciudad. Seg\u00fan la Ordenanza N\u00b0 11035, fue desafectado del dominio p\u00fablico un terreno de 3070 m\u00b2, que era parte del remanente del Lote A-4 de la Chacra 2.<\/p>\n\n\n\n<p>\u201cAutor\u00edzase al Departamento Ejecutivo a transferir al Consejo Provincial de Educaci\u00f3n, a t\u00edtulo gratuito, la fracci\u00f3n de terreno desafectada en la presente, con destino a la construcci\u00f3n de un natatorio climatizado, cubierto y p\u00fablico\u201d, se\u00f1ala la norma.<\/p>\n\n\n\n<p>Como antecedente, la Ordenanza 3698 del a\u00f1o 2000 estableci\u00f3 el \u201cPlan Director Evolutivo y Participativo del Polideportivo Municipal de Chacra II\u201d y autoriz\u00f3 al Ejecutivo municipal a \u201cgenerar, ante las sucesivas necesidades de ampliaci\u00f3n o mejora de instalaciones, instancias de concertaci\u00f3n que privilegien bajos impactos paisaj\u00edsticos y accesibilidad comunitaria\u201d.<\/p>\n\n\n\n<p>En base a estas ordenanzas, el 3 de agosto de 2016 se realiz\u00f3 la Audiencia P\u00fablica n\u00b0 9 para tratar la reserva, a favor del Consejo Provincial de Educaci\u00f3n, de terreno ubicado en el sector de Chacra II, para construcci\u00f3n de un natatorio climatizado, cubierto y p\u00fablico. Durante aquel encuentro, funcionarios municipales, concejales y vecinos expresaron su apoyo a la iniciativa.<\/p>\n\n\n\n<figure class=\"wp-block-gallery has-nested-images columns-default is-cropped wp-block-gallery-1 is-layout-flex wp-block-gallery-is-layout-flex\">\n<figure class=\"wp-block-image size-large\"><img loading=\"lazy\" decoding=\"async\" width=\"1024\" height=\"576\" data-id=\"7778\" src=\"https:\/\/prensa.sma.gob.ar\/wp-content\/uploads\/2025\/06\/WhatsApp-Image-2025-06-09-at-10.06.19-3-1024x576.jpeg\" alt=\"\" class=\"wp-image-7778\" srcset=\"https:\/\/prensa.sma.gob.ar\/wp-content\/uploads\/2025\/06\/WhatsApp-Image-2025-06-09-at-10.06.19-3-1024x576.jpeg 1024w, https:\/\/prensa.sma.gob.ar\/wp-content\/uploads\/2025\/06\/WhatsApp-Image-2025-06-09-at-10.06.19-3-300x169.jpeg 300w, https:\/\/prensa.sma.gob.ar\/wp-content\/uploads\/2025\/06\/WhatsApp-Image-2025-06-09-at-10.06.19-3-768x432.jpeg 768w, https:\/\/prensa.sma.gob.ar\/wp-content\/uploads\/2025\/06\/WhatsApp-Image-2025-06-09-at-10.06.19-3-1536x864.jpeg 1536w, https:\/\/prensa.sma.gob.ar\/wp-content\/uploads\/2025\/06\/WhatsApp-Image-2025-06-09-at-10.06.19-3-747x420.jpeg 747w, https:\/\/prensa.sma.gob.ar\/wp-content\/uploads\/2025\/06\/WhatsApp-Image-2025-06-09-at-10.06.19-3-696x392.jpeg 696w, https:\/\/prensa.sma.gob.ar\/wp-content\/uploads\/2025\/06\/WhatsApp-Image-2025-06-09-at-10.06.19-3-1068x601.jpeg 1068w, https:\/\/prensa.sma.gob.ar\/wp-content\/uploads\/2025\/06\/WhatsApp-Image-2025-06-09-at-10.06.19-3.jpeg 1600w\" sizes=\"auto, (max-width: 1024px) 100vw, 1024px\" \/><\/figure>\n\n\n\n<figure class=\"wp-block-image size-large\"><img loading=\"lazy\" decoding=\"async\" width=\"1024\" height=\"576\" data-id=\"7776\" src=\"https:\/\/prensa.sma.gob.ar\/wp-content\/uploads\/2025\/06\/WhatsApp-Image-2025-06-09-at-10.06.19-5-1024x576.jpeg\" alt=\"\" class=\"wp-image-7776\" srcset=\"https:\/\/prensa.sma.gob.ar\/wp-content\/uploads\/2025\/06\/WhatsApp-Image-2025-06-09-at-10.06.19-5-1024x576.jpeg 1024w, https:\/\/prensa.sma.gob.ar\/wp-content\/uploads\/2025\/06\/WhatsApp-Image-2025-06-09-at-10.06.19-5-300x169.jpeg 300w, https:\/\/prensa.sma.gob.ar\/wp-content\/uploads\/2025\/06\/WhatsApp-Image-2025-06-09-at-10.06.19-5-768x432.jpeg 768w, https:\/\/prensa.sma.gob.ar\/wp-content\/uploads\/2025\/06\/WhatsApp-Image-2025-06-09-at-10.06.19-5-1536x864.jpeg 1536w, https:\/\/prensa.sma.gob.ar\/wp-content\/uploads\/2025\/06\/WhatsApp-Image-2025-06-09-at-10.06.19-5-747x420.jpeg 747w, https:\/\/prensa.sma.gob.ar\/wp-content\/uploads\/2025\/06\/WhatsApp-Image-2025-06-09-at-10.06.19-5-696x392.jpeg 696w, https:\/\/prensa.sma.gob.ar\/wp-content\/uploads\/2025\/06\/WhatsApp-Image-2025-06-09-at-10.06.19-5-1068x601.jpeg 1068w, https:\/\/prensa.sma.gob.ar\/wp-content\/uploads\/2025\/06\/WhatsApp-Image-2025-06-09-at-10.06.19-5.jpeg 1600w\" sizes=\"auto, (max-width: 1024px) 100vw, 1024px\" \/><\/figure>\n<\/figure>\n","protected":false},"excerpt":{"rendered":"<p>El intendente municipal, Carlos Saloniti, y las autoridades del Centro de Educaci\u00f3n F\u00edsica (CEF) N\u00ba 9, encabezadas por su directora, Andrea Lucero, acordaron retomar las gestiones ante la provincia de Neuqu\u00e9n para la construcci\u00f3n de un natatorio p\u00fablico cerrado. Durante el encuentro, realizado este lunes en el despacho del intendente, surgi\u00f3 el compromiso de avanzar [&hellip;]<\/p>\n","protected":false},"author":2,"featured_media":7777,"comment_status":"closed","ping_status":"open","sticky":false,"template":"","format":"standard","meta":{"footnotes":""},"categories":[7,16,9,14],"tags":[],"class_list":{"0":"post-7775","1":"post","2":"type-post","3":"status-publish","4":"format-standard","5":"has-post-thumbnail","7":"category-deportes","8":"category-destacadas","9":"category-educacion","10":"category-noticias"},"_links":{"self":[{"href":"https:\/\/prensa.sma.gob.ar\/index.php?rest_route=\/wp\/v2\/posts\/7775","targetHints":{"allow":["GET"]}}],"collection":[{"href":"https:\/\/prensa.sma.gob.ar\/index.php?rest_route=\/wp\/v2\/posts"}],"about":[{"href":"https:\/\/prensa.sma.gob.ar\/index.php?rest_route=\/wp\/v2\/types\/post"}],"author":[{"embeddable":true,"href":"https:\/\/prensa.sma.gob.ar\/index.php?rest_route=\/wp\/v2\/users\/2"}],"replies":[{"embeddable":true,"href":"https:\/\/prensa.sma.gob.ar\/index.php?rest_route=%2Fwp%2Fv2%2Fcomments&post=7775"}],"version-history":[{"count":1,"href":"https:\/\/prensa.sma.gob.ar\/index.php?rest_route=\/wp\/v2\/posts\/7775\/revisions"}],"predecessor-version":[{"id":7779,"href":"https:\/\/prensa.sma.gob.ar\/index.php?rest_route=\/wp\/v2\/posts\/7775\/revisions\/7779"}],"wp:featuredmedia":[{"embeddable":true,"href":"https:\/\/prensa.sma.gob.ar\/index.php?rest_route=\/wp\/v2\/media\/7777"}],"wp:attachment":[{"href":"https:\/\/prensa.sma.gob.ar\/index.php?rest_route=%2Fwp%2Fv2%2Fmedia&parent=7775"}],"wp:term":[{"taxonomy":"category","embeddable":true,"href":"https:\/\/prensa.sma.gob.ar\/index.php?rest_route=%2Fwp%2Fv2%2Fcategories&post=7775"},{"taxonomy":"post_tag","embeddable":true,"href":"https:\/\/prensa.sma.gob.ar\/index.php?rest_route=%2Fwp%2Fv2%2Ftags&post=7775"}],"curies":[{"name":"wp","href":"https:\/\/api.w.org\/{rel}","templated":true}]}}