{"id":7788,"date":"2025-06-11T17:41:49","date_gmt":"2025-06-11T17:41:49","guid":{"rendered":"https:\/\/prensa.sma.gob.ar\/?p=7788"},"modified":"2025-06-11T17:41:50","modified_gmt":"2025-06-11T17:41:50","slug":"el-intendente-saloniti-y-autoridades-del-aeropuerto-chapelco-recorrieron-las-obras-en-la-pista","status":"publish","type":"post","link":"https:\/\/prensa.sma.gob.ar\/?p=7788","title":{"rendered":"El intendente Saloniti y autoridades del aeropuerto Chapelco recorrieron las obras en la pista"},"content":{"rendered":"\n<p>El intendente de San Mart\u00edn de los Andes, Carlos Saloniti, recorri\u00f3 las obras que se realizan en la calle de rodaje de las aeronaves en el aeropuerto Aviador Carlos Campos, financiadas por el Estado provincial.<\/p>\n\n\n\n<p>De la recorrida particip\u00f3 el director provincial de Aeropuertos, a cargo de la estaci\u00f3n a\u00e9rea de nuestra ciudad, Millante Hassler, quien explic\u00f3 los detalles de los trabajos que realiza la empresa Fracchia.<\/p>\n\n\n\n<p>Hassler detall\u00f3 que los trabajos de esta primera etapa en la calle de rodaje del aeropuerto incluyen atender las principales tareas previas a la temporada de invierno. Explic\u00f3 que se hicieron dos trabajos de frezado para hacer bacheo y se trabaj\u00f3 con asfalto caliente. Para el mes de octubre est\u00e1n previstas las mejoras integrales y definitivas en la pista.<\/p>\n\n\n\n<p>El intendente Saloniti agradeci\u00f3 \u201cla decisi\u00f3n del Gobierno provincial por esta inversi\u00f3n y por acompa\u00f1ar a nuestra ciudad y a la regi\u00f3n sur de la provincia, pensando en la temporada pr\u00f3xima\u201d. Record\u00f3 que este trabajo sobre la pista \u201cse suma a la obra de mejoramiento de la estaci\u00f3n a\u00e9rea para potenciar al turismo y mejorar la vida de nuestras vecinas y vecinos\u201d.<\/p>\n\n\n\n<p>Durante la recorrida, Saloniti estuvo acompa\u00f1ado por el secretario de Obras y Servicios P\u00fablicos, Hector Dur\u00e1n; y por el secretario de Econom\u00eda y Hacienda Municipal, Mat\u00edas Consoli.<\/p>\n\n\n\n<p>El Estado provincial invertir\u00e1 en el aeropuerto Chapelco $465 millones en pavimentos mientras ultima los detalles para la firma de la adjudicaci\u00f3n de las obras en el edificio terminal, con una inversi\u00f3n proyectada de $2.500 millones.<\/p>\n\n\n\n<p>Adem\u00e1s, se est\u00e1n ejecutando tareas de mejora en el estacionamiento no pavimentado y limpieza de las franjas de seguridad, con colaboraci\u00f3n de personal de Vialidad Provincial.<\/p>\n\n\n\n<figure class=\"wp-block-gallery has-nested-images columns-default is-cropped wp-block-gallery-1 is-layout-flex wp-block-gallery-is-layout-flex\">\n<figure class=\"wp-block-image size-large\"><img loading=\"lazy\" decoding=\"async\" width=\"1024\" height=\"894\" data-id=\"7793\" src=\"https:\/\/prensa.sma.gob.ar\/wp-content\/uploads\/2025\/06\/aEROPUERTO-5-1024x894.jpg\" alt=\"\" class=\"wp-image-7793\" srcset=\"https:\/\/prensa.sma.gob.ar\/wp-content\/uploads\/2025\/06\/aEROPUERTO-5-1024x894.jpg 1024w, https:\/\/prensa.sma.gob.ar\/wp-content\/uploads\/2025\/06\/aEROPUERTO-5-300x262.jpg 300w, https:\/\/prensa.sma.gob.ar\/wp-content\/uploads\/2025\/06\/aEROPUERTO-5-768x671.jpg 768w, https:\/\/prensa.sma.gob.ar\/wp-content\/uploads\/2025\/06\/aEROPUERTO-5-481x420.jpg 481w, https:\/\/prensa.sma.gob.ar\/wp-content\/uploads\/2025\/06\/aEROPUERTO-5-696x608.jpg 696w, https:\/\/prensa.sma.gob.ar\/wp-content\/uploads\/2025\/06\/aEROPUERTO-5-1068x933.jpg 1068w, https:\/\/prensa.sma.gob.ar\/wp-content\/uploads\/2025\/06\/aEROPUERTO-5.jpg 1200w\" sizes=\"auto, (max-width: 1024px) 100vw, 1024px\" \/><\/figure>\n\n\n\n<figure class=\"wp-block-image size-large\"><img loading=\"lazy\" decoding=\"async\" width=\"1024\" height=\"720\" data-id=\"7790\" src=\"https:\/\/prensa.sma.gob.ar\/wp-content\/uploads\/2025\/06\/AEROPUERTO-2-1-1024x720.jpg\" alt=\"\" class=\"wp-image-7790\" srcset=\"https:\/\/prensa.sma.gob.ar\/wp-content\/uploads\/2025\/06\/AEROPUERTO-2-1-1024x720.jpg 1024w, https:\/\/prensa.sma.gob.ar\/wp-content\/uploads\/2025\/06\/AEROPUERTO-2-1-300x211.jpg 300w, https:\/\/prensa.sma.gob.ar\/wp-content\/uploads\/2025\/06\/AEROPUERTO-2-1-768x540.jpg 768w, https:\/\/prensa.sma.gob.ar\/wp-content\/uploads\/2025\/06\/AEROPUERTO-2-1-597x420.jpg 597w, https:\/\/prensa.sma.gob.ar\/wp-content\/uploads\/2025\/06\/AEROPUERTO-2-1-696x490.jpg 696w, https:\/\/prensa.sma.gob.ar\/wp-content\/uploads\/2025\/06\/AEROPUERTO-2-1-1068x751.jpg 1068w, https:\/\/prensa.sma.gob.ar\/wp-content\/uploads\/2025\/06\/AEROPUERTO-2-1.jpg 1200w\" sizes=\"auto, (max-width: 1024px) 100vw, 1024px\" \/><\/figure>\n\n\n\n<figure class=\"wp-block-image size-large\"><img loading=\"lazy\" decoding=\"async\" width=\"1024\" height=\"771\" data-id=\"7792\" src=\"https:\/\/prensa.sma.gob.ar\/wp-content\/uploads\/2025\/06\/aEROPUERTO-4-1024x771.jpg\" alt=\"\" class=\"wp-image-7792\" srcset=\"https:\/\/prensa.sma.gob.ar\/wp-content\/uploads\/2025\/06\/aEROPUERTO-4-1024x771.jpg 1024w, https:\/\/prensa.sma.gob.ar\/wp-content\/uploads\/2025\/06\/aEROPUERTO-4-300x226.jpg 300w, https:\/\/prensa.sma.gob.ar\/wp-content\/uploads\/2025\/06\/aEROPUERTO-4-768x578.jpg 768w, https:\/\/prensa.sma.gob.ar\/wp-content\/uploads\/2025\/06\/aEROPUERTO-4-558x420.jpg 558w, https:\/\/prensa.sma.gob.ar\/wp-content\/uploads\/2025\/06\/aEROPUERTO-4-80x60.jpg 80w, https:\/\/prensa.sma.gob.ar\/wp-content\/uploads\/2025\/06\/aEROPUERTO-4-696x524.jpg 696w, https:\/\/prensa.sma.gob.ar\/wp-content\/uploads\/2025\/06\/aEROPUERTO-4-1068x804.jpg 1068w, https:\/\/prensa.sma.gob.ar\/wp-content\/uploads\/2025\/06\/aEROPUERTO-4.jpg 1200w\" sizes=\"auto, (max-width: 1024px) 100vw, 1024px\" \/><\/figure>\n<\/figure>\n","protected":false},"excerpt":{"rendered":"<p>El intendente de San Mart\u00edn de los Andes, Carlos Saloniti, recorri\u00f3 las obras que se realizan en la calle de rodaje de las aeronaves en el aeropuerto Aviador Carlos Campos, financiadas por el Estado provincial. De la recorrida particip\u00f3 el director provincial de Aeropuertos, a cargo de la estaci\u00f3n a\u00e9rea de nuestra ciudad, Millante Hassler, [&hellip;]<\/p>\n","protected":false},"author":2,"featured_media":7791,"comment_status":"closed","ping_status":"open","sticky":false,"template":"","format":"standard","meta":{"footnotes":""},"categories":[16,14,17],"tags":[],"class_list":{"0":"post-7788","1":"post","2":"type-post","3":"status-publish","4":"format-standard","5":"has-post-thumbnail","7":"category-destacadas","8":"category-noticias","9":"category-portada"},"_links":{"self":[{"href":"https:\/\/prensa.sma.gob.ar\/index.php?rest_route=\/wp\/v2\/posts\/7788","targetHints":{"allow":["GET"]}}],"collection":[{"href":"https:\/\/prensa.sma.gob.ar\/index.php?rest_route=\/wp\/v2\/posts"}],"about":[{"href":"https:\/\/prensa.sma.gob.ar\/index.php?rest_route=\/wp\/v2\/types\/post"}],"author":[{"embeddable":true,"href":"https:\/\/prensa.sma.gob.ar\/index.php?rest_route=\/wp\/v2\/users\/2"}],"replies":[{"embeddable":true,"href":"https:\/\/prensa.sma.gob.ar\/index.php?rest_route=%2Fwp%2Fv2%2Fcomments&post=7788"}],"version-history":[{"count":1,"href":"https:\/\/prensa.sma.gob.ar\/index.php?rest_route=\/wp\/v2\/posts\/7788\/revisions"}],"predecessor-version":[{"id":7794,"href":"https:\/\/prensa.sma.gob.ar\/index.php?rest_route=\/wp\/v2\/posts\/7788\/revisions\/7794"}],"wp:featuredmedia":[{"embeddable":true,"href":"https:\/\/prensa.sma.gob.ar\/index.php?rest_route=\/wp\/v2\/media\/7791"}],"wp:attachment":[{"href":"https:\/\/prensa.sma.gob.ar\/index.php?rest_route=%2Fwp%2Fv2%2Fmedia&parent=7788"}],"wp:term":[{"taxonomy":"category","embeddable":true,"href":"https:\/\/prensa.sma.gob.ar\/index.php?rest_route=%2Fwp%2Fv2%2Fcategories&post=7788"},{"taxonomy":"post_tag","embeddable":true,"href":"https:\/\/prensa.sma.gob.ar\/index.php?rest_route=%2Fwp%2Fv2%2Ftags&post=7788"}],"curies":[{"name":"wp","href":"https:\/\/api.w.org\/{rel}","templated":true}]}}