{"id":7800,"date":"2025-06-12T15:38:38","date_gmt":"2025-06-12T15:38:38","guid":{"rendered":"https:\/\/prensa.sma.gob.ar\/?p=7800"},"modified":"2025-06-12T15:39:21","modified_gmt":"2025-06-12T15:39:21","slug":"convocatoria-abierta-a-la-comunidad-para-la-promesa-a-la-bandera","status":"publish","type":"post","link":"https:\/\/prensa.sma.gob.ar\/?p=7800","title":{"rendered":"Convocatoria abierta a la comunidad para la Promesa a la Bandera"},"content":{"rendered":"\n<p>Pueden participar a todas aquellas personas que deseen realizar por primera vez su Promesa a la Bandera o reafirmar su compromiso con nuestra insignia.<\/p>\n\n\n\n<p>La promesa a la Bandera se llevar\u00e1 a cabo durante el acto oficial que se realizar\u00e1 el 20 de junio a las 13 horas en el Sal\u00f3n Municipal.<\/p>\n\n\n\n<p>Inscripci\u00f3n previa en el siguiente enlace:<\/p>\n\n\n\n<p><a href=\"https:\/\/docs.google.com\/forms\/d\/e\/1FAIpQLScPHbf0h4QCksm0tfNCr8WSEz1ZpXOwY5kCZ1AA3NVjaqWWnA\/viewform\"><strong>https:\/\/docs.google.com\/forms\/d\/e\/1FAIpQLScPHbf0h4QCksm0tfNCr8WSEz1ZpXOwY5kCZ1AA3NVjaqWWnA\/viewform<\/strong><\/a><\/p>\n","protected":false},"excerpt":{"rendered":"<p>Pueden participar a todas aquellas personas que deseen realizar por primera vez su Promesa a la Bandera o reafirmar su compromiso con nuestra insignia. La promesa a la Bandera se llevar\u00e1 a cabo durante el acto oficial que se realizar\u00e1 el 20 de junio a las 13 horas en el Sal\u00f3n Municipal. Inscripci\u00f3n previa en [&hellip;]<\/p>\n","protected":false},"author":2,"featured_media":7802,"comment_status":"closed","ping_status":"open","sticky":false,"template":"","format":"standard","meta":{"footnotes":""},"categories":[16,14],"tags":[],"class_list":{"0":"post-7800","1":"post","2":"type-post","3":"status-publish","4":"format-standard","5":"has-post-thumbnail","7":"category-destacadas","8":"category-noticias"},"_links":{"self":[{"href":"https:\/\/prensa.sma.gob.ar\/index.php?rest_route=\/wp\/v2\/posts\/7800","targetHints":{"allow":["GET"]}}],"collection":[{"href":"https:\/\/prensa.sma.gob.ar\/index.php?rest_route=\/wp\/v2\/posts"}],"about":[{"href":"https:\/\/prensa.sma.gob.ar\/index.php?rest_route=\/wp\/v2\/types\/post"}],"author":[{"embeddable":true,"href":"https:\/\/prensa.sma.gob.ar\/index.php?rest_route=\/wp\/v2\/users\/2"}],"replies":[{"embeddable":true,"href":"https:\/\/prensa.sma.gob.ar\/index.php?rest_route=%2Fwp%2Fv2%2Fcomments&post=7800"}],"version-history":[{"count":1,"href":"https:\/\/prensa.sma.gob.ar\/index.php?rest_route=\/wp\/v2\/posts\/7800\/revisions"}],"predecessor-version":[{"id":7803,"href":"https:\/\/prensa.sma.gob.ar\/index.php?rest_route=\/wp\/v2\/posts\/7800\/revisions\/7803"}],"wp:featuredmedia":[{"embeddable":true,"href":"https:\/\/prensa.sma.gob.ar\/index.php?rest_route=\/wp\/v2\/media\/7802"}],"wp:attachment":[{"href":"https:\/\/prensa.sma.gob.ar\/index.php?rest_route=%2Fwp%2Fv2%2Fmedia&parent=7800"}],"wp:term":[{"taxonomy":"category","embeddable":true,"href":"https:\/\/prensa.sma.gob.ar\/index.php?rest_route=%2Fwp%2Fv2%2Fcategories&post=7800"},{"taxonomy":"post_tag","embeddable":true,"href":"https:\/\/prensa.sma.gob.ar\/index.php?rest_route=%2Fwp%2Fv2%2Ftags&post=7800"}],"curies":[{"name":"wp","href":"https:\/\/api.w.org\/{rel}","templated":true}]}}