{"id":7804,"date":"2025-06-12T16:20:52","date_gmt":"2025-06-12T16:20:52","guid":{"rendered":"https:\/\/prensa.sma.gob.ar\/?p=7804"},"modified":"2025-06-12T16:50:18","modified_gmt":"2025-06-12T16:50:18","slug":"el-intendente-saloniti-acompano-al-gobernador-figueroa-en-la-recorrida-por-una-de-las-epet-que-construye-la-provincia","status":"publish","type":"post","link":"https:\/\/prensa.sma.gob.ar\/?p=7804","title":{"rendered":"El intendente Saloniti acompa\u00f1\u00f3 al gobernador Figueroa a una de las Epet que construye Provincia"},"content":{"rendered":"\n<p>El gobernador de Neuqu\u00e9n, Rolando Figueroa, recorri\u00f3 la obra de la Escuela Provincial de Educaci\u00f3n T\u00e9cnica (Epet) N\u00ba 25, que el Estado neuquino construye en la ciudad de Plottier. De la actividad particip\u00f3 el intendente Carlos Saloniti y otros jefes comunales de municipios en los que tambi\u00e9n se construyen o licitan establecimientos t\u00e9cnicos similares.<\/p>\n\n\n\n<p>El mandatario provincial estuvo acompa\u00f1ado por la ministra de Educaci\u00f3n, Soledad Mart\u00ednez; la secretaria de Obras P\u00fablicas, Tanya Bertoldi; y otras autoridades y t\u00e9cnicos del Gobierno neuquino.<\/p>\n\n\n\n<p>Figuera y Saloniti estuvieron acompa\u00f1ados por los intendentes de Rinc\u00f3n de los Sauces, Centenario, Villa La Angostura y San Patricio del Cha\u00f1ar, localidades en las que \u2013junto a San Mart\u00edn de los Andes- el Gobierno provincial construye o licita escuelas t\u00e9cnicas.<\/p>\n\n\n\n<p>\u201cEstamos ejecutando \u2014o en proceso licitatorio\u2014 nuevas Epet, que, sumadas a la ampliaci\u00f3n de la de Zapala, conforman m\u00e1s de 40.000 metros cuadrados de infraestructura para escuelas t\u00e9cnicas en la provincia\u201d, se\u00f1al\u00f3 el mandatario provincial.<\/p>\n\n\n\n<p>Agreg\u00f3 que el Estado provincial \u201cest\u00e1 invirtiendo en infraestructura, en las becas estudiantiles Gregorio \u00c1lvarez y en los docentes, porque creemos que la educaci\u00f3n es la mejor inversi\u00f3n que puede hacer un pueblo\u201d.<\/p>\n\n\n\n<figure class=\"wp-block-gallery has-nested-images columns-default is-cropped wp-block-gallery-1 is-layout-flex wp-block-gallery-is-layout-flex\">\n<figure class=\"wp-block-image size-large\"><img loading=\"lazy\" decoding=\"async\" width=\"1024\" height=\"683\" data-id=\"7819\" src=\"https:\/\/prensa.sma.gob.ar\/wp-content\/uploads\/2025\/06\/WhatsApp-Image-2025-06-12-at-12.05.58-1-1024x683.jpeg\" alt=\"\" class=\"wp-image-7819\" srcset=\"https:\/\/prensa.sma.gob.ar\/wp-content\/uploads\/2025\/06\/WhatsApp-Image-2025-06-12-at-12.05.58-1-1024x683.jpeg 1024w, https:\/\/prensa.sma.gob.ar\/wp-content\/uploads\/2025\/06\/WhatsApp-Image-2025-06-12-at-12.05.58-1-300x200.jpeg 300w, https:\/\/prensa.sma.gob.ar\/wp-content\/uploads\/2025\/06\/WhatsApp-Image-2025-06-12-at-12.05.58-1-768x512.jpeg 768w, https:\/\/prensa.sma.gob.ar\/wp-content\/uploads\/2025\/06\/WhatsApp-Image-2025-06-12-at-12.05.58-1-1536x1024.jpeg 1536w, https:\/\/prensa.sma.gob.ar\/wp-content\/uploads\/2025\/06\/WhatsApp-Image-2025-06-12-at-12.05.58-1-2048x1365.jpeg 2048w, https:\/\/prensa.sma.gob.ar\/wp-content\/uploads\/2025\/06\/WhatsApp-Image-2025-06-12-at-12.05.58-1-630x420.jpeg 630w, https:\/\/prensa.sma.gob.ar\/wp-content\/uploads\/2025\/06\/WhatsApp-Image-2025-06-12-at-12.05.58-1-696x464.jpeg 696w, https:\/\/prensa.sma.gob.ar\/wp-content\/uploads\/2025\/06\/WhatsApp-Image-2025-06-12-at-12.05.58-1-1068x712.jpeg 1068w, https:\/\/prensa.sma.gob.ar\/wp-content\/uploads\/2025\/06\/WhatsApp-Image-2025-06-12-at-12.05.58-1-1920x1280.jpeg 1920w\" sizes=\"auto, (max-width: 1024px) 100vw, 1024px\" \/><\/figure>\n\n\n\n<figure class=\"wp-block-image size-large\"><img loading=\"lazy\" decoding=\"async\" width=\"1024\" height=\"683\" data-id=\"7809\" src=\"https:\/\/prensa.sma.gob.ar\/wp-content\/uploads\/2025\/06\/WhatsApp-Image-2025-06-12-at-12.00.57-1024x683.jpeg\" alt=\"\" class=\"wp-image-7809\" srcset=\"https:\/\/prensa.sma.gob.ar\/wp-content\/uploads\/2025\/06\/WhatsApp-Image-2025-06-12-at-12.00.57-1024x683.jpeg 1024w, https:\/\/prensa.sma.gob.ar\/wp-content\/uploads\/2025\/06\/WhatsApp-Image-2025-06-12-at-12.00.57-300x200.jpeg 300w, https:\/\/prensa.sma.gob.ar\/wp-content\/uploads\/2025\/06\/WhatsApp-Image-2025-06-12-at-12.00.57-768x512.jpeg 768w, https:\/\/prensa.sma.gob.ar\/wp-content\/uploads\/2025\/06\/WhatsApp-Image-2025-06-12-at-12.00.57-1536x1024.jpeg 1536w, https:\/\/prensa.sma.gob.ar\/wp-content\/uploads\/2025\/06\/WhatsApp-Image-2025-06-12-at-12.00.57-2048x1365.jpeg 2048w, https:\/\/prensa.sma.gob.ar\/wp-content\/uploads\/2025\/06\/WhatsApp-Image-2025-06-12-at-12.00.57-630x420.jpeg 630w, https:\/\/prensa.sma.gob.ar\/wp-content\/uploads\/2025\/06\/WhatsApp-Image-2025-06-12-at-12.00.57-696x464.jpeg 696w, https:\/\/prensa.sma.gob.ar\/wp-content\/uploads\/2025\/06\/WhatsApp-Image-2025-06-12-at-12.00.57-1068x712.jpeg 1068w, https:\/\/prensa.sma.gob.ar\/wp-content\/uploads\/2025\/06\/WhatsApp-Image-2025-06-12-at-12.00.57-1920x1280.jpeg 1920w\" sizes=\"auto, (max-width: 1024px) 100vw, 1024px\" \/><\/figure>\n\n\n\n<figure class=\"wp-block-image size-large\"><img loading=\"lazy\" decoding=\"async\" width=\"1024\" height=\"683\" data-id=\"7808\" src=\"https:\/\/prensa.sma.gob.ar\/wp-content\/uploads\/2025\/06\/WhatsApp-Image-2025-06-12-at-12.00.57-1-1024x683.jpeg\" alt=\"\" class=\"wp-image-7808\" srcset=\"https:\/\/prensa.sma.gob.ar\/wp-content\/uploads\/2025\/06\/WhatsApp-Image-2025-06-12-at-12.00.57-1-1024x683.jpeg 1024w, https:\/\/prensa.sma.gob.ar\/wp-content\/uploads\/2025\/06\/WhatsApp-Image-2025-06-12-at-12.00.57-1-300x200.jpeg 300w, https:\/\/prensa.sma.gob.ar\/wp-content\/uploads\/2025\/06\/WhatsApp-Image-2025-06-12-at-12.00.57-1-768x512.jpeg 768w, https:\/\/prensa.sma.gob.ar\/wp-content\/uploads\/2025\/06\/WhatsApp-Image-2025-06-12-at-12.00.57-1-1536x1024.jpeg 1536w, https:\/\/prensa.sma.gob.ar\/wp-content\/uploads\/2025\/06\/WhatsApp-Image-2025-06-12-at-12.00.57-1-2048x1365.jpeg 2048w, https:\/\/prensa.sma.gob.ar\/wp-content\/uploads\/2025\/06\/WhatsApp-Image-2025-06-12-at-12.00.57-1-630x420.jpeg 630w, https:\/\/prensa.sma.gob.ar\/wp-content\/uploads\/2025\/06\/WhatsApp-Image-2025-06-12-at-12.00.57-1-696x464.jpeg 696w, https:\/\/prensa.sma.gob.ar\/wp-content\/uploads\/2025\/06\/WhatsApp-Image-2025-06-12-at-12.00.57-1-1068x712.jpeg 1068w, https:\/\/prensa.sma.gob.ar\/wp-content\/uploads\/2025\/06\/WhatsApp-Image-2025-06-12-at-12.00.57-1-1920x1280.jpeg 1920w\" sizes=\"auto, (max-width: 1024px) 100vw, 1024px\" \/><\/figure>\n\n\n\n<figure class=\"wp-block-image size-large\"><img loading=\"lazy\" decoding=\"async\" width=\"1024\" height=\"683\" data-id=\"7810\" src=\"https:\/\/prensa.sma.gob.ar\/wp-content\/uploads\/2025\/06\/WhatsApp-Image-2025-06-12-at-12.00.58-1024x683.jpeg\" alt=\"\" class=\"wp-image-7810\" srcset=\"https:\/\/prensa.sma.gob.ar\/wp-content\/uploads\/2025\/06\/WhatsApp-Image-2025-06-12-at-12.00.58-1024x683.jpeg 1024w, https:\/\/prensa.sma.gob.ar\/wp-content\/uploads\/2025\/06\/WhatsApp-Image-2025-06-12-at-12.00.58-300x200.jpeg 300w, https:\/\/prensa.sma.gob.ar\/wp-content\/uploads\/2025\/06\/WhatsApp-Image-2025-06-12-at-12.00.58-768x512.jpeg 768w, https:\/\/prensa.sma.gob.ar\/wp-content\/uploads\/2025\/06\/WhatsApp-Image-2025-06-12-at-12.00.58-1536x1024.jpeg 1536w, https:\/\/prensa.sma.gob.ar\/wp-content\/uploads\/2025\/06\/WhatsApp-Image-2025-06-12-at-12.00.58-2048x1365.jpeg 2048w, https:\/\/prensa.sma.gob.ar\/wp-content\/uploads\/2025\/06\/WhatsApp-Image-2025-06-12-at-12.00.58-630x420.jpeg 630w, https:\/\/prensa.sma.gob.ar\/wp-content\/uploads\/2025\/06\/WhatsApp-Image-2025-06-12-at-12.00.58-696x464.jpeg 696w, https:\/\/prensa.sma.gob.ar\/wp-content\/uploads\/2025\/06\/WhatsApp-Image-2025-06-12-at-12.00.58-1068x712.jpeg 1068w, https:\/\/prensa.sma.gob.ar\/wp-content\/uploads\/2025\/06\/WhatsApp-Image-2025-06-12-at-12.00.58-1920x1280.jpeg 1920w\" sizes=\"auto, (max-width: 1024px) 100vw, 1024px\" \/><\/figure>\n\n\n\n<figure class=\"wp-block-image size-large\"><img loading=\"lazy\" decoding=\"async\" width=\"1024\" height=\"683\" data-id=\"7815\" src=\"https:\/\/prensa.sma.gob.ar\/wp-content\/uploads\/2025\/06\/WhatsApp-Image-2025-06-12-at-12.01.02-1-1024x683.jpeg\" alt=\"\" class=\"wp-image-7815\" srcset=\"https:\/\/prensa.sma.gob.ar\/wp-content\/uploads\/2025\/06\/WhatsApp-Image-2025-06-12-at-12.01.02-1-1024x683.jpeg 1024w, https:\/\/prensa.sma.gob.ar\/wp-content\/uploads\/2025\/06\/WhatsApp-Image-2025-06-12-at-12.01.02-1-300x200.jpeg 300w, https:\/\/prensa.sma.gob.ar\/wp-content\/uploads\/2025\/06\/WhatsApp-Image-2025-06-12-at-12.01.02-1-768x512.jpeg 768w, https:\/\/prensa.sma.gob.ar\/wp-content\/uploads\/2025\/06\/WhatsApp-Image-2025-06-12-at-12.01.02-1-1536x1024.jpeg 1536w, https:\/\/prensa.sma.gob.ar\/wp-content\/uploads\/2025\/06\/WhatsApp-Image-2025-06-12-at-12.01.02-1-2048x1365.jpeg 2048w, https:\/\/prensa.sma.gob.ar\/wp-content\/uploads\/2025\/06\/WhatsApp-Image-2025-06-12-at-12.01.02-1-630x420.jpeg 630w, https:\/\/prensa.sma.gob.ar\/wp-content\/uploads\/2025\/06\/WhatsApp-Image-2025-06-12-at-12.01.02-1-696x464.jpeg 696w, https:\/\/prensa.sma.gob.ar\/wp-content\/uploads\/2025\/06\/WhatsApp-Image-2025-06-12-at-12.01.02-1-1068x712.jpeg 1068w, https:\/\/prensa.sma.gob.ar\/wp-content\/uploads\/2025\/06\/WhatsApp-Image-2025-06-12-at-12.01.02-1-1920x1280.jpeg 1920w\" sizes=\"auto, (max-width: 1024px) 100vw, 1024px\" \/><\/figure>\n\n\n\n<figure class=\"wp-block-image size-large\"><img loading=\"lazy\" decoding=\"async\" width=\"1024\" height=\"683\" data-id=\"7817\" src=\"https:\/\/prensa.sma.gob.ar\/wp-content\/uploads\/2025\/06\/WhatsApp-Image-2025-06-12-at-12.01.03-1024x683.jpeg\" alt=\"\" class=\"wp-image-7817\" srcset=\"https:\/\/prensa.sma.gob.ar\/wp-content\/uploads\/2025\/06\/WhatsApp-Image-2025-06-12-at-12.01.03-1024x683.jpeg 1024w, https:\/\/prensa.sma.gob.ar\/wp-content\/uploads\/2025\/06\/WhatsApp-Image-2025-06-12-at-12.01.03-300x200.jpeg 300w, https:\/\/prensa.sma.gob.ar\/wp-content\/uploads\/2025\/06\/WhatsApp-Image-2025-06-12-at-12.01.03-768x512.jpeg 768w, https:\/\/prensa.sma.gob.ar\/wp-content\/uploads\/2025\/06\/WhatsApp-Image-2025-06-12-at-12.01.03-1536x1024.jpeg 1536w, https:\/\/prensa.sma.gob.ar\/wp-content\/uploads\/2025\/06\/WhatsApp-Image-2025-06-12-at-12.01.03-2048x1365.jpeg 2048w, https:\/\/prensa.sma.gob.ar\/wp-content\/uploads\/2025\/06\/WhatsApp-Image-2025-06-12-at-12.01.03-630x420.jpeg 630w, https:\/\/prensa.sma.gob.ar\/wp-content\/uploads\/2025\/06\/WhatsApp-Image-2025-06-12-at-12.01.03-696x464.jpeg 696w, https:\/\/prensa.sma.gob.ar\/wp-content\/uploads\/2025\/06\/WhatsApp-Image-2025-06-12-at-12.01.03-1068x712.jpeg 1068w, https:\/\/prensa.sma.gob.ar\/wp-content\/uploads\/2025\/06\/WhatsApp-Image-2025-06-12-at-12.01.03-1920x1280.jpeg 1920w\" sizes=\"auto, (max-width: 1024px) 100vw, 1024px\" \/><\/figure>\n\n\n\n<figure class=\"wp-block-image size-large\"><img loading=\"lazy\" decoding=\"async\" width=\"1024\" height=\"683\" data-id=\"7818\" src=\"https:\/\/prensa.sma.gob.ar\/wp-content\/uploads\/2025\/06\/WhatsApp-Image-2025-06-12-at-12.01.04-1024x683.jpeg\" alt=\"\" class=\"wp-image-7818\" srcset=\"https:\/\/prensa.sma.gob.ar\/wp-content\/uploads\/2025\/06\/WhatsApp-Image-2025-06-12-at-12.01.04-1024x683.jpeg 1024w, https:\/\/prensa.sma.gob.ar\/wp-content\/uploads\/2025\/06\/WhatsApp-Image-2025-06-12-at-12.01.04-300x200.jpeg 300w, https:\/\/prensa.sma.gob.ar\/wp-content\/uploads\/2025\/06\/WhatsApp-Image-2025-06-12-at-12.01.04-768x512.jpeg 768w, https:\/\/prensa.sma.gob.ar\/wp-content\/uploads\/2025\/06\/WhatsApp-Image-2025-06-12-at-12.01.04-1536x1024.jpeg 1536w, https:\/\/prensa.sma.gob.ar\/wp-content\/uploads\/2025\/06\/WhatsApp-Image-2025-06-12-at-12.01.04-2048x1365.jpeg 2048w, https:\/\/prensa.sma.gob.ar\/wp-content\/uploads\/2025\/06\/WhatsApp-Image-2025-06-12-at-12.01.04-630x420.jpeg 630w, https:\/\/prensa.sma.gob.ar\/wp-content\/uploads\/2025\/06\/WhatsApp-Image-2025-06-12-at-12.01.04-696x464.jpeg 696w, https:\/\/prensa.sma.gob.ar\/wp-content\/uploads\/2025\/06\/WhatsApp-Image-2025-06-12-at-12.01.04-1068x712.jpeg 1068w, https:\/\/prensa.sma.gob.ar\/wp-content\/uploads\/2025\/06\/WhatsApp-Image-2025-06-12-at-12.01.04-1920x1280.jpeg 1920w\" sizes=\"auto, (max-width: 1024px) 100vw, 1024px\" \/><\/figure>\n\n\n\n<figure class=\"wp-block-image size-large\"><img loading=\"lazy\" decoding=\"async\" width=\"1024\" height=\"683\" data-id=\"7812\" src=\"https:\/\/prensa.sma.gob.ar\/wp-content\/uploads\/2025\/06\/WhatsApp-Image-2025-06-12-at-12.01.00-1024x683.jpeg\" alt=\"\" class=\"wp-image-7812\" srcset=\"https:\/\/prensa.sma.gob.ar\/wp-content\/uploads\/2025\/06\/WhatsApp-Image-2025-06-12-at-12.01.00-1024x683.jpeg 1024w, https:\/\/prensa.sma.gob.ar\/wp-content\/uploads\/2025\/06\/WhatsApp-Image-2025-06-12-at-12.01.00-300x200.jpeg 300w, https:\/\/prensa.sma.gob.ar\/wp-content\/uploads\/2025\/06\/WhatsApp-Image-2025-06-12-at-12.01.00-768x512.jpeg 768w, https:\/\/prensa.sma.gob.ar\/wp-content\/uploads\/2025\/06\/WhatsApp-Image-2025-06-12-at-12.01.00-1536x1024.jpeg 1536w, https:\/\/prensa.sma.gob.ar\/wp-content\/uploads\/2025\/06\/WhatsApp-Image-2025-06-12-at-12.01.00-2048x1365.jpeg 2048w, https:\/\/prensa.sma.gob.ar\/wp-content\/uploads\/2025\/06\/WhatsApp-Image-2025-06-12-at-12.01.00-630x420.jpeg 630w, https:\/\/prensa.sma.gob.ar\/wp-content\/uploads\/2025\/06\/WhatsApp-Image-2025-06-12-at-12.01.00-696x464.jpeg 696w, https:\/\/prensa.sma.gob.ar\/wp-content\/uploads\/2025\/06\/WhatsApp-Image-2025-06-12-at-12.01.00-1068x712.jpeg 1068w, https:\/\/prensa.sma.gob.ar\/wp-content\/uploads\/2025\/06\/WhatsApp-Image-2025-06-12-at-12.01.00-1920x1280.jpeg 1920w\" sizes=\"auto, (max-width: 1024px) 100vw, 1024px\" \/><\/figure>\n\n\n\n<figure class=\"wp-block-image size-large\"><img loading=\"lazy\" decoding=\"async\" width=\"1024\" height=\"683\" data-id=\"7813\" src=\"https:\/\/prensa.sma.gob.ar\/wp-content\/uploads\/2025\/06\/WhatsApp-Image-2025-06-12-at-12.01.01-1-1024x683.jpeg\" alt=\"\" class=\"wp-image-7813\" srcset=\"https:\/\/prensa.sma.gob.ar\/wp-content\/uploads\/2025\/06\/WhatsApp-Image-2025-06-12-at-12.01.01-1-1024x683.jpeg 1024w, https:\/\/prensa.sma.gob.ar\/wp-content\/uploads\/2025\/06\/WhatsApp-Image-2025-06-12-at-12.01.01-1-300x200.jpeg 300w, https:\/\/prensa.sma.gob.ar\/wp-content\/uploads\/2025\/06\/WhatsApp-Image-2025-06-12-at-12.01.01-1-768x512.jpeg 768w, https:\/\/prensa.sma.gob.ar\/wp-content\/uploads\/2025\/06\/WhatsApp-Image-2025-06-12-at-12.01.01-1-1536x1024.jpeg 1536w, https:\/\/prensa.sma.gob.ar\/wp-content\/uploads\/2025\/06\/WhatsApp-Image-2025-06-12-at-12.01.01-1-2048x1365.jpeg 2048w, https:\/\/prensa.sma.gob.ar\/wp-content\/uploads\/2025\/06\/WhatsApp-Image-2025-06-12-at-12.01.01-1-630x420.jpeg 630w, https:\/\/prensa.sma.gob.ar\/wp-content\/uploads\/2025\/06\/WhatsApp-Image-2025-06-12-at-12.01.01-1-696x464.jpeg 696w, https:\/\/prensa.sma.gob.ar\/wp-content\/uploads\/2025\/06\/WhatsApp-Image-2025-06-12-at-12.01.01-1-1068x712.jpeg 1068w, https:\/\/prensa.sma.gob.ar\/wp-content\/uploads\/2025\/06\/WhatsApp-Image-2025-06-12-at-12.01.01-1-1920x1280.jpeg 1920w\" sizes=\"auto, (max-width: 1024px) 100vw, 1024px\" \/><\/figure>\n\n\n\n<figure class=\"wp-block-image size-large\"><img loading=\"lazy\" decoding=\"async\" width=\"1024\" height=\"576\" data-id=\"7807\" src=\"https:\/\/prensa.sma.gob.ar\/wp-content\/uploads\/2025\/06\/WhatsApp-Image-2025-06-12-at-12.00.52-1024x576.jpeg\" alt=\"\" class=\"wp-image-7807\" srcset=\"https:\/\/prensa.sma.gob.ar\/wp-content\/uploads\/2025\/06\/WhatsApp-Image-2025-06-12-at-12.00.52-1024x576.jpeg 1024w, https:\/\/prensa.sma.gob.ar\/wp-content\/uploads\/2025\/06\/WhatsApp-Image-2025-06-12-at-12.00.52-300x169.jpeg 300w, https:\/\/prensa.sma.gob.ar\/wp-content\/uploads\/2025\/06\/WhatsApp-Image-2025-06-12-at-12.00.52-768x432.jpeg 768w, https:\/\/prensa.sma.gob.ar\/wp-content\/uploads\/2025\/06\/WhatsApp-Image-2025-06-12-at-12.00.52-1536x864.jpeg 1536w, https:\/\/prensa.sma.gob.ar\/wp-content\/uploads\/2025\/06\/WhatsApp-Image-2025-06-12-at-12.00.52-2048x1152.jpeg 2048w, https:\/\/prensa.sma.gob.ar\/wp-content\/uploads\/2025\/06\/WhatsApp-Image-2025-06-12-at-12.00.52-747x420.jpeg 747w, https:\/\/prensa.sma.gob.ar\/wp-content\/uploads\/2025\/06\/WhatsApp-Image-2025-06-12-at-12.00.52-696x392.jpeg 696w, https:\/\/prensa.sma.gob.ar\/wp-content\/uploads\/2025\/06\/WhatsApp-Image-2025-06-12-at-12.00.52-1068x601.jpeg 1068w, https:\/\/prensa.sma.gob.ar\/wp-content\/uploads\/2025\/06\/WhatsApp-Image-2025-06-12-at-12.00.52-1920x1080.jpeg 1920w\" sizes=\"auto, (max-width: 1024px) 100vw, 1024px\" \/><\/figure>\n\n\n\n<figure class=\"wp-block-image size-large\"><img loading=\"lazy\" decoding=\"async\" width=\"1024\" height=\"576\" data-id=\"7806\" src=\"https:\/\/prensa.sma.gob.ar\/wp-content\/uploads\/2025\/06\/WhatsApp-Image-2025-06-12-at-12.00.51-1024x576.jpeg\" alt=\"\" class=\"wp-image-7806\" srcset=\"https:\/\/prensa.sma.gob.ar\/wp-content\/uploads\/2025\/06\/WhatsApp-Image-2025-06-12-at-12.00.51-1024x576.jpeg 1024w, https:\/\/prensa.sma.gob.ar\/wp-content\/uploads\/2025\/06\/WhatsApp-Image-2025-06-12-at-12.00.51-300x169.jpeg 300w, https:\/\/prensa.sma.gob.ar\/wp-content\/uploads\/2025\/06\/WhatsApp-Image-2025-06-12-at-12.00.51-768x432.jpeg 768w, https:\/\/prensa.sma.gob.ar\/wp-content\/uploads\/2025\/06\/WhatsApp-Image-2025-06-12-at-12.00.51-1536x864.jpeg 1536w, https:\/\/prensa.sma.gob.ar\/wp-content\/uploads\/2025\/06\/WhatsApp-Image-2025-06-12-at-12.00.51-2048x1152.jpeg 2048w, https:\/\/prensa.sma.gob.ar\/wp-content\/uploads\/2025\/06\/WhatsApp-Image-2025-06-12-at-12.00.51-747x420.jpeg 747w, https:\/\/prensa.sma.gob.ar\/wp-content\/uploads\/2025\/06\/WhatsApp-Image-2025-06-12-at-12.00.51-696x392.jpeg 696w, https:\/\/prensa.sma.gob.ar\/wp-content\/uploads\/2025\/06\/WhatsApp-Image-2025-06-12-at-12.00.51-1068x601.jpeg 1068w, https:\/\/prensa.sma.gob.ar\/wp-content\/uploads\/2025\/06\/WhatsApp-Image-2025-06-12-at-12.00.51-1920x1080.jpeg 1920w\" sizes=\"auto, (max-width: 1024px) 100vw, 1024px\" \/><\/figure>\n\n\n\n<figure class=\"wp-block-image size-large\"><img loading=\"lazy\" decoding=\"async\" width=\"1024\" height=\"576\" data-id=\"7805\" src=\"https:\/\/prensa.sma.gob.ar\/wp-content\/uploads\/2025\/06\/WhatsApp-Image-2025-06-12-at-12.00.50-1024x576.jpeg\" alt=\"\" class=\"wp-image-7805\" srcset=\"https:\/\/prensa.sma.gob.ar\/wp-content\/uploads\/2025\/06\/WhatsApp-Image-2025-06-12-at-12.00.50-1024x576.jpeg 1024w, https:\/\/prensa.sma.gob.ar\/wp-content\/uploads\/2025\/06\/WhatsApp-Image-2025-06-12-at-12.00.50-300x169.jpeg 300w, https:\/\/prensa.sma.gob.ar\/wp-content\/uploads\/2025\/06\/WhatsApp-Image-2025-06-12-at-12.00.50-768x432.jpeg 768w, https:\/\/prensa.sma.gob.ar\/wp-content\/uploads\/2025\/06\/WhatsApp-Image-2025-06-12-at-12.00.50-1536x864.jpeg 1536w, https:\/\/prensa.sma.gob.ar\/wp-content\/uploads\/2025\/06\/WhatsApp-Image-2025-06-12-at-12.00.50-2048x1152.jpeg 2048w, https:\/\/prensa.sma.gob.ar\/wp-content\/uploads\/2025\/06\/WhatsApp-Image-2025-06-12-at-12.00.50-747x420.jpeg 747w, https:\/\/prensa.sma.gob.ar\/wp-content\/uploads\/2025\/06\/WhatsApp-Image-2025-06-12-at-12.00.50-696x392.jpeg 696w, https:\/\/prensa.sma.gob.ar\/wp-content\/uploads\/2025\/06\/WhatsApp-Image-2025-06-12-at-12.00.50-1068x601.jpeg 1068w, https:\/\/prensa.sma.gob.ar\/wp-content\/uploads\/2025\/06\/WhatsApp-Image-2025-06-12-at-12.00.50-1920x1080.jpeg 1920w\" sizes=\"auto, (max-width: 1024px) 100vw, 1024px\" \/><\/figure>\n<\/figure>\n","protected":false},"excerpt":{"rendered":"<p>El gobernador de Neuqu\u00e9n, Rolando Figueroa, recorri\u00f3 la obra de la Escuela Provincial de Educaci\u00f3n T\u00e9cnica (Epet) N\u00ba 25, que el Estado neuquino construye en la ciudad de Plottier. De la actividad particip\u00f3 el intendente Carlos Saloniti y otros jefes comunales de municipios en los que tambi\u00e9n se construyen o licitan establecimientos t\u00e9cnicos similares. El [&hellip;]<\/p>\n","protected":false},"author":2,"featured_media":7811,"comment_status":"closed","ping_status":"open","sticky":false,"template":"","format":"standard","meta":{"footnotes":""},"categories":[16,9,14,17],"tags":[],"class_list":{"0":"post-7804","1":"post","2":"type-post","3":"status-publish","4":"format-standard","5":"has-post-thumbnail","7":"category-destacadas","8":"category-educacion","9":"category-noticias","10":"category-portada"},"_links":{"self":[{"href":"https:\/\/prensa.sma.gob.ar\/index.php?rest_route=\/wp\/v2\/posts\/7804","targetHints":{"allow":["GET"]}}],"collection":[{"href":"https:\/\/prensa.sma.gob.ar\/index.php?rest_route=\/wp\/v2\/posts"}],"about":[{"href":"https:\/\/prensa.sma.gob.ar\/index.php?rest_route=\/wp\/v2\/types\/post"}],"author":[{"embeddable":true,"href":"https:\/\/prensa.sma.gob.ar\/index.php?rest_route=\/wp\/v2\/users\/2"}],"replies":[{"embeddable":true,"href":"https:\/\/prensa.sma.gob.ar\/index.php?rest_route=%2Fwp%2Fv2%2Fcomments&post=7804"}],"version-history":[{"count":5,"href":"https:\/\/prensa.sma.gob.ar\/index.php?rest_route=\/wp\/v2\/posts\/7804\/revisions"}],"predecessor-version":[{"id":7826,"href":"https:\/\/prensa.sma.gob.ar\/index.php?rest_route=\/wp\/v2\/posts\/7804\/revisions\/7826"}],"wp:featuredmedia":[{"embeddable":true,"href":"https:\/\/prensa.sma.gob.ar\/index.php?rest_route=\/wp\/v2\/media\/7811"}],"wp:attachment":[{"href":"https:\/\/prensa.sma.gob.ar\/index.php?rest_route=%2Fwp%2Fv2%2Fmedia&parent=7804"}],"wp:term":[{"taxonomy":"category","embeddable":true,"href":"https:\/\/prensa.sma.gob.ar\/index.php?rest_route=%2Fwp%2Fv2%2Fcategories&post=7804"},{"taxonomy":"post_tag","embeddable":true,"href":"https:\/\/prensa.sma.gob.ar\/index.php?rest_route=%2Fwp%2Fv2%2Ftags&post=7804"}],"curies":[{"name":"wp","href":"https:\/\/api.w.org\/{rel}","templated":true}]}}