{"id":7827,"date":"2025-06-13T02:45:32","date_gmt":"2025-06-13T02:45:32","guid":{"rendered":"https:\/\/prensa.sma.gob.ar\/?p=7827"},"modified":"2025-06-13T11:38:11","modified_gmt":"2025-06-13T11:38:11","slug":"san-martin-de-los-andes-tendra-una-nueva-escuela-de-educacion-tecnica","status":"publish","type":"post","link":"https:\/\/prensa.sma.gob.ar\/?p=7827","title":{"rendered":"San Mart\u00edn de los Andes tendr\u00e1 una nueva Escuela Provincial de Educaci\u00f3n T\u00e9cnica"},"content":{"rendered":"\n<p>El gobierno de Neuqu\u00e9n confirm\u00f3 que San Mart\u00edn de los Andes tendr\u00e1 una nueva Escuela Provincial de Educaci\u00f3n T\u00e9cnica (Epet), de 3.500 metros cuadrados, como parte del plan de fortalecimiento de este modelo educativo.<\/p>\n\n\n\n<p>El anuncio se conoci\u00f3 este jueves, durante una visita que realiz\u00f3 el gobernador Rolando Figueroa a la nueva Epet de Plottier, en la que estuvo acompa\u00f1ado por el intendente Carlos Saloniti y otros jefes comunales de municipios en los que tambi\u00e9n se construyen o licitan establecimientos t\u00e9cnicos similares.<\/p>\n\n\n\n<p>El mandatario provincial estuvo acompa\u00f1ado por la ministra de Educaci\u00f3n, Soledad Mart\u00ednez; la secretaria de Obras P\u00fablicas, Tanya Bertoldi; y otras autoridades y t\u00e9cnicos del Gobierno neuquino.<\/p>\n\n\n\n<p>Junto a Figueroa y Saloniti estuvieron los intendentes de Rinc\u00f3n de los Sauces, Centenario, Villa La Angostura y San Patricio del Cha\u00f1ar, localidades en las que \u2013junto a San Mart\u00edn de los Andes- el Gobierno provincial construye, licita o proyecta escuelas t\u00e9cnicas.<\/p>\n\n\n\n<p>\u201cEstamos ejecutando \u2014o en proceso licitatorio\u2014 nuevas Epet, que, sumadas a la ampliaci\u00f3n de la de Zapala, conforman m\u00e1s de 40.000 metros cuadrados de infraestructura para escuelas t\u00e9cnicas en la provincia\u201d, se\u00f1al\u00f3 el mandatario provincial.<\/p>\n\n\n\n<p>Agreg\u00f3 que el Estado provincial \u201cest\u00e1 invirtiendo en infraestructura, en las becas estudiantiles Gregorio \u00c1lvarez y en los docentes, porque creemos que la educaci\u00f3n es la mejor inversi\u00f3n que puede hacer un pueblo\u201d.<\/p>\n\n\n\n<p>\u201cComo parte de una pol\u00edtica de fortalecimiento de la educaci\u00f3n t\u00e9cnica, la provincia avanza en la construcci\u00f3n de 40.000 metros cuadrados repartidos en ocho edificios nuevos. En algunos establecimientos ya se iniciaron las obras y en los restantes comenzar\u00e1n en lo que queda del a\u00f1o\u201d, inform\u00f3.<\/p>\n\n\n\n<p>La ministra de Educaci\u00f3n, Soledad Mart\u00ednez, destac\u00f3 \u201cla importancia de que nos acompa\u00f1en los intendentes porque en los planos y recorriendo esta escuela se cobra dimensi\u00f3n de estas obras\u201d. All\u00ed anunci\u00f3 que \u201ctenemos dos modelos de escuelas t\u00e9cnicas, que en caso de San Martin de los Andes y Villa La Angostura, que son las pr\u00f3ximas que queremos desarrollar, tendr\u00e1n 3.500 metros cuadrados, porque esa superficie obedece a la proyecci\u00f3n de matr\u00edcula y a la necesidad de cada localidad\u201d.<\/p>\n\n\n\n<figure class=\"wp-block-gallery has-nested-images columns-default is-cropped wp-block-gallery-1 is-layout-flex wp-block-gallery-is-layout-flex\">\n<figure class=\"wp-block-image size-large\"><img loading=\"lazy\" decoding=\"async\" width=\"1024\" height=\"754\" data-id=\"7829\" src=\"https:\/\/prensa.sma.gob.ar\/wp-content\/uploads\/2025\/06\/epet-1-1024x754.jpg\" alt=\"\" class=\"wp-image-7829\" srcset=\"https:\/\/prensa.sma.gob.ar\/wp-content\/uploads\/2025\/06\/epet-1-1024x754.jpg 1024w, https:\/\/prensa.sma.gob.ar\/wp-content\/uploads\/2025\/06\/epet-1-300x221.jpg 300w, https:\/\/prensa.sma.gob.ar\/wp-content\/uploads\/2025\/06\/epet-1-768x566.jpg 768w, https:\/\/prensa.sma.gob.ar\/wp-content\/uploads\/2025\/06\/epet-1-570x420.jpg 570w, https:\/\/prensa.sma.gob.ar\/wp-content\/uploads\/2025\/06\/epet-1-80x60.jpg 80w, https:\/\/prensa.sma.gob.ar\/wp-content\/uploads\/2025\/06\/epet-1-696x513.jpg 696w, https:\/\/prensa.sma.gob.ar\/wp-content\/uploads\/2025\/06\/epet-1-1068x787.jpg 1068w, https:\/\/prensa.sma.gob.ar\/wp-content\/uploads\/2025\/06\/epet-1.jpg 1500w\" sizes=\"auto, (max-width: 1024px) 100vw, 1024px\" \/><\/figure>\n\n\n\n<figure class=\"wp-block-image size-large\"><img loading=\"lazy\" decoding=\"async\" width=\"1024\" height=\"683\" data-id=\"7809\" src=\"https:\/\/prensa.sma.gob.ar\/wp-content\/uploads\/2025\/06\/WhatsApp-Image-2025-06-12-at-12.00.57-1024x683.jpeg\" alt=\"\" class=\"wp-image-7809\" srcset=\"https:\/\/prensa.sma.gob.ar\/wp-content\/uploads\/2025\/06\/WhatsApp-Image-2025-06-12-at-12.00.57-1024x683.jpeg 1024w, https:\/\/prensa.sma.gob.ar\/wp-content\/uploads\/2025\/06\/WhatsApp-Image-2025-06-12-at-12.00.57-300x200.jpeg 300w, https:\/\/prensa.sma.gob.ar\/wp-content\/uploads\/2025\/06\/WhatsApp-Image-2025-06-12-at-12.00.57-768x512.jpeg 768w, https:\/\/prensa.sma.gob.ar\/wp-content\/uploads\/2025\/06\/WhatsApp-Image-2025-06-12-at-12.00.57-1536x1024.jpeg 1536w, https:\/\/prensa.sma.gob.ar\/wp-content\/uploads\/2025\/06\/WhatsApp-Image-2025-06-12-at-12.00.57-2048x1365.jpeg 2048w, https:\/\/prensa.sma.gob.ar\/wp-content\/uploads\/2025\/06\/WhatsApp-Image-2025-06-12-at-12.00.57-630x420.jpeg 630w, https:\/\/prensa.sma.gob.ar\/wp-content\/uploads\/2025\/06\/WhatsApp-Image-2025-06-12-at-12.00.57-696x464.jpeg 696w, https:\/\/prensa.sma.gob.ar\/wp-content\/uploads\/2025\/06\/WhatsApp-Image-2025-06-12-at-12.00.57-1068x712.jpeg 1068w, https:\/\/prensa.sma.gob.ar\/wp-content\/uploads\/2025\/06\/WhatsApp-Image-2025-06-12-at-12.00.57-1920x1280.jpeg 1920w\" sizes=\"auto, (max-width: 1024px) 100vw, 1024px\" \/><\/figure>\n\n\n\n<figure class=\"wp-block-image size-large\"><img loading=\"lazy\" decoding=\"async\" width=\"1024\" height=\"683\" data-id=\"7811\" src=\"https:\/\/prensa.sma.gob.ar\/wp-content\/uploads\/2025\/06\/WhatsApp-Image-2025-06-12-at-12.01.00-1-1024x683.jpeg\" alt=\"\" class=\"wp-image-7811\" srcset=\"https:\/\/prensa.sma.gob.ar\/wp-content\/uploads\/2025\/06\/WhatsApp-Image-2025-06-12-at-12.01.00-1-1024x683.jpeg 1024w, https:\/\/prensa.sma.gob.ar\/wp-content\/uploads\/2025\/06\/WhatsApp-Image-2025-06-12-at-12.01.00-1-300x200.jpeg 300w, https:\/\/prensa.sma.gob.ar\/wp-content\/uploads\/2025\/06\/WhatsApp-Image-2025-06-12-at-12.01.00-1-768x512.jpeg 768w, https:\/\/prensa.sma.gob.ar\/wp-content\/uploads\/2025\/06\/WhatsApp-Image-2025-06-12-at-12.01.00-1-1536x1024.jpeg 1536w, https:\/\/prensa.sma.gob.ar\/wp-content\/uploads\/2025\/06\/WhatsApp-Image-2025-06-12-at-12.01.00-1-2048x1365.jpeg 2048w, https:\/\/prensa.sma.gob.ar\/wp-content\/uploads\/2025\/06\/WhatsApp-Image-2025-06-12-at-12.01.00-1-630x420.jpeg 630w, https:\/\/prensa.sma.gob.ar\/wp-content\/uploads\/2025\/06\/WhatsApp-Image-2025-06-12-at-12.01.00-1-696x464.jpeg 696w, https:\/\/prensa.sma.gob.ar\/wp-content\/uploads\/2025\/06\/WhatsApp-Image-2025-06-12-at-12.01.00-1-1068x712.jpeg 1068w, https:\/\/prensa.sma.gob.ar\/wp-content\/uploads\/2025\/06\/WhatsApp-Image-2025-06-12-at-12.01.00-1-1920x1280.jpeg 1920w\" sizes=\"auto, (max-width: 1024px) 100vw, 1024px\" \/><\/figure>\n<\/figure>\n","protected":false},"excerpt":{"rendered":"<p>El gobierno de Neuqu\u00e9n confirm\u00f3 que San Mart\u00edn de los Andes tendr\u00e1 una nueva Escuela Provincial de Educaci\u00f3n T\u00e9cnica (Epet), de 3.500 metros cuadrados, como parte del plan de fortalecimiento de este modelo educativo. El anuncio se conoci\u00f3 este jueves, durante una visita que realiz\u00f3 el gobernador Rolando Figueroa a la nueva Epet de Plottier, [&hellip;]<\/p>\n","protected":false},"author":2,"featured_media":7828,"comment_status":"closed","ping_status":"open","sticky":false,"template":"","format":"standard","meta":{"footnotes":""},"categories":[16,9,14,17],"tags":[],"class_list":{"0":"post-7827","1":"post","2":"type-post","3":"status-publish","4":"format-standard","5":"has-post-thumbnail","7":"category-destacadas","8":"category-educacion","9":"category-noticias","10":"category-portada"},"_links":{"self":[{"href":"https:\/\/prensa.sma.gob.ar\/index.php?rest_route=\/wp\/v2\/posts\/7827","targetHints":{"allow":["GET"]}}],"collection":[{"href":"https:\/\/prensa.sma.gob.ar\/index.php?rest_route=\/wp\/v2\/posts"}],"about":[{"href":"https:\/\/prensa.sma.gob.ar\/index.php?rest_route=\/wp\/v2\/types\/post"}],"author":[{"embeddable":true,"href":"https:\/\/prensa.sma.gob.ar\/index.php?rest_route=\/wp\/v2\/users\/2"}],"replies":[{"embeddable":true,"href":"https:\/\/prensa.sma.gob.ar\/index.php?rest_route=%2Fwp%2Fv2%2Fcomments&post=7827"}],"version-history":[{"count":3,"href":"https:\/\/prensa.sma.gob.ar\/index.php?rest_route=\/wp\/v2\/posts\/7827\/revisions"}],"predecessor-version":[{"id":7833,"href":"https:\/\/prensa.sma.gob.ar\/index.php?rest_route=\/wp\/v2\/posts\/7827\/revisions\/7833"}],"wp:featuredmedia":[{"embeddable":true,"href":"https:\/\/prensa.sma.gob.ar\/index.php?rest_route=\/wp\/v2\/media\/7828"}],"wp:attachment":[{"href":"https:\/\/prensa.sma.gob.ar\/index.php?rest_route=%2Fwp%2Fv2%2Fmedia&parent=7827"}],"wp:term":[{"taxonomy":"category","embeddable":true,"href":"https:\/\/prensa.sma.gob.ar\/index.php?rest_route=%2Fwp%2Fv2%2Fcategories&post=7827"},{"taxonomy":"post_tag","embeddable":true,"href":"https:\/\/prensa.sma.gob.ar\/index.php?rest_route=%2Fwp%2Fv2%2Ftags&post=7827"}],"curies":[{"name":"wp","href":"https:\/\/api.w.org\/{rel}","templated":true}]}}