{"id":7834,"date":"2025-06-13T12:06:10","date_gmt":"2025-06-13T12:06:10","guid":{"rendered":"https:\/\/prensa.sma.gob.ar\/?p=7834"},"modified":"2025-06-13T12:06:11","modified_gmt":"2025-06-13T12:06:11","slug":"mi-primer-objetivo-es-acondicionar-y-mantener-los-tres-gimnasios-municipales","status":"publish","type":"post","link":"https:\/\/prensa.sma.gob.ar\/?p=7834","title":{"rendered":"\u201cMi primer objetivo es acondicionar y mantener los tres gimnasios municipales\u201d"},"content":{"rendered":"\n<p>La Subsecretar\u00eda de Deportes comenz\u00f3 con un relevamiento general en los tres gimnasios municipales, con el objetivo de evaluar sus condiciones actuales y determinar los trabajos de mantenimiento y acondicionamiento que se comenzar\u00e1n a ejecutar en los pr\u00f3ximos d\u00edas.<\/p>\n\n\n\n<p>El nuevo subsecretario de Deportes, Ian Bruno Reparaz, se\u00f1al\u00f3 que \u201cel primer objetivo es acondicionar y mantener los tres gimnasios municipales. Hay varias cosas para hacer; ya hicimos el primer relevamiento completo en el Chango Soria junto a la Direcci\u00f3n de Mantenimiento, y visualizamos todo lo que hay que mejorar\u201d.<\/p>\n\n\n\n<p>Durante la inspecci\u00f3n en este gimnasio se destac\u00f3 la necesidad de intervenir en los dep\u00f3sitos, vestuarios, tableros el\u00e9ctricos, ba\u00f1os p\u00fablicos, techo y el exterior del edificio.<\/p>\n\n\n\n<p>Asimismo, Bruno inform\u00f3 que tambi\u00e9n se realizaron recorridas por el gimnasio Javier Carriqueo, y que pr\u00f3ximamente se har\u00e1 lo mismo en el gimnasio de El Arenal. \u201cLos tres est\u00e1n funcionando actualmente, pero tienen detalles para resolver, y queremos hacer foco en eso\u201d, subray\u00f3. A su vez, adelant\u00f3 que la Subsecretar\u00eda tambi\u00e9n est\u00e1 trabajando en la pista de atletismo de la cancha municipal, proyectando mejoras para ese espacio.<\/p>\n\n\n\n<p>\u201cLos gimnasios son espacios de la comunidad. Debemos tenerlos en condiciones, hay presupuesto para hacerlo y ese es mi primer objetivo\u201d, asegur\u00f3 Ian, quien adem\u00e1s tiene a su cargo la Subsecretar\u00eda de Producci\u00f3n, Empleo y Juventud. Agreg\u00f3 que otro de los objetivos es \u201cmejorar otros espacios, como los playones municipales, porque son para las pibas y los pibes de los barrios\u201d.<\/p>\n\n\n\n<p>En ese marco, tambi\u00e9n expres\u00f3 su intenci\u00f3n de avanzar en pol\u00edticas integrales de desarrollo deportivo: \u201cMe estoy poniendo en marcha para conformar el Consejo de Deportes. Quiero trabajarlo en conjunto con la comunidad, con los clubes deportivos y sociales, el Concejo Deliberante y los y las deportistas de nuestra ciudad. La idea es generar espacios participativos que nos permitan mejorar el acompa\u00f1amiento institucional, reforzar la ayuda a los clubes y construir pol\u00edticas deportivas m\u00e1s s\u00f3lidas y equitativas\u201d.<\/p>\n\n\n\n<p>Por \u00faltimo, el subsecretario indic\u00f3 que \u201ctambi\u00e9n queremos articular con el sector privado, porque en los gimnasios municipales tenemos actividades que si no podemos afrontar desde la Subsecretar\u00eda, las trabajamos con prestadores para que sigan estando disponibles para la comunidad\u201d.<\/p>\n","protected":false},"excerpt":{"rendered":"<p>La Subsecretar\u00eda de Deportes comenz\u00f3 con un relevamiento general en los tres gimnasios municipales, con el objetivo de evaluar sus condiciones actuales y determinar los trabajos de mantenimiento y acondicionamiento que se comenzar\u00e1n a ejecutar en los pr\u00f3ximos d\u00edas. El nuevo subsecretario de Deportes, Ian Bruno Reparaz, se\u00f1al\u00f3 que \u201cel primer objetivo es acondicionar y [&hellip;]<\/p>\n","protected":false},"author":2,"featured_media":7835,"comment_status":"closed","ping_status":"open","sticky":false,"template":"","format":"standard","meta":{"footnotes":""},"categories":[7,16,14],"tags":[],"class_list":{"0":"post-7834","1":"post","2":"type-post","3":"status-publish","4":"format-standard","5":"has-post-thumbnail","7":"category-deportes","8":"category-destacadas","9":"category-noticias"},"_links":{"self":[{"href":"https:\/\/prensa.sma.gob.ar\/index.php?rest_route=\/wp\/v2\/posts\/7834","targetHints":{"allow":["GET"]}}],"collection":[{"href":"https:\/\/prensa.sma.gob.ar\/index.php?rest_route=\/wp\/v2\/posts"}],"about":[{"href":"https:\/\/prensa.sma.gob.ar\/index.php?rest_route=\/wp\/v2\/types\/post"}],"author":[{"embeddable":true,"href":"https:\/\/prensa.sma.gob.ar\/index.php?rest_route=\/wp\/v2\/users\/2"}],"replies":[{"embeddable":true,"href":"https:\/\/prensa.sma.gob.ar\/index.php?rest_route=%2Fwp%2Fv2%2Fcomments&post=7834"}],"version-history":[{"count":1,"href":"https:\/\/prensa.sma.gob.ar\/index.php?rest_route=\/wp\/v2\/posts\/7834\/revisions"}],"predecessor-version":[{"id":7836,"href":"https:\/\/prensa.sma.gob.ar\/index.php?rest_route=\/wp\/v2\/posts\/7834\/revisions\/7836"}],"wp:featuredmedia":[{"embeddable":true,"href":"https:\/\/prensa.sma.gob.ar\/index.php?rest_route=\/wp\/v2\/media\/7835"}],"wp:attachment":[{"href":"https:\/\/prensa.sma.gob.ar\/index.php?rest_route=%2Fwp%2Fv2%2Fmedia&parent=7834"}],"wp:term":[{"taxonomy":"category","embeddable":true,"href":"https:\/\/prensa.sma.gob.ar\/index.php?rest_route=%2Fwp%2Fv2%2Fcategories&post=7834"},{"taxonomy":"post_tag","embeddable":true,"href":"https:\/\/prensa.sma.gob.ar\/index.php?rest_route=%2Fwp%2Fv2%2Ftags&post=7834"}],"curies":[{"name":"wp","href":"https:\/\/api.w.org\/{rel}","templated":true}]}}