{"id":8083,"date":"2025-07-02T12:31:34","date_gmt":"2025-07-02T12:31:34","guid":{"rendered":"https:\/\/prensa.sma.gob.ar\/?p=8083"},"modified":"2025-07-02T12:31:35","modified_gmt":"2025-07-02T12:31:35","slug":"se-analizaron-los-avances-del-convenio-para-el-nuevo-sistema-de-agua-en-payla-menuko-y-newen-antug","status":"publish","type":"post","link":"https:\/\/prensa.sma.gob.ar\/?p=8083","title":{"rendered":"Se analizaron los avances del convenio para el nuevo sistema de agua en Payla Menuko y Newen Antug"},"content":{"rendered":"\n<p>Funcionarios municipales y representantes de la comunidad Curruhuinca, Defensor\u00eda del Pueblo y Concejo Deliberante analizaron la marcha del convenio para trabajar en el mejoramiento del sistema de agua existente en los parajes Payla Menuko y Newen Antug.<\/p>\n\n\n\n<p>Durante el encuentro, realizado este lunes en el Sal\u00f3n Municipal, se repasaron los avances vinculados al convenio firmado el pasado 26 de mayo entre el intendente Carlos Saloniti y el gobernador Rolando Figueroa, que contempla una inversi\u00f3n de $151.528.859,59 destinada a la compra de insumos y materiales necesarios para ejecutar la obra.<\/p>\n\n\n\n<p>El proyecto se encuentra actualmente a la espera del desembolso del monto acordado para poder iniciar las compras.<\/p>\n\n\n\n<p>Ante la veda clim\u00e1tica y las dificultades de acceso a la zona de trabajo, fue necesario repensar el protocolo de entrega de agua, a fin de garantizar el abastecimiento ante posibles cortes hasta que la obra pueda ser ejecutada.<\/p>\n\n\n\n<p>Participaron de la reuni\u00f3n el secretario de Turismo a cargo de la Secretar\u00eda de Gobierno, Alejandro Apaolaza; la subsecretaria de Gobierno, a cargo de la coordinaci\u00f3n de gesti\u00f3n de esta tem\u00e1tica, Mar\u00eda Antonela Tabares; los concejales Pablo Padilla y Marcela Valenzuela; las asesoras Ail\u00edn Bustos y Macarena Pav\u00e9s; el defensor del Pueblo y del Ambiente, Gonzalo Salaberry; Konas del paraje Payla Menuko Virginia Colip\u00e1n y Mauricio Curruhuinca; Kona del paraje Newen Antug, Hugo Meli\u00f1anco; y Pablo Castillo, de la Direcci\u00f3n de Protecci\u00f3n Civil.<\/p>\n\n\n\n<figure class=\"wp-block-gallery has-nested-images columns-default is-cropped wp-block-gallery-1 is-layout-flex wp-block-gallery-is-layout-flex\">\n<figure class=\"wp-block-image size-large\"><img loading=\"lazy\" decoding=\"async\" width=\"1024\" height=\"768\" data-id=\"8086\" src=\"https:\/\/prensa.sma.gob.ar\/wp-content\/uploads\/2025\/07\/WhatsApp-Image-2025-06-30-at-15.40.202-1024x768.jpeg\" alt=\"\" class=\"wp-image-8086\" srcset=\"https:\/\/prensa.sma.gob.ar\/wp-content\/uploads\/2025\/07\/WhatsApp-Image-2025-06-30-at-15.40.202-1024x768.jpeg 1024w, https:\/\/prensa.sma.gob.ar\/wp-content\/uploads\/2025\/07\/WhatsApp-Image-2025-06-30-at-15.40.202-300x225.jpeg 300w, https:\/\/prensa.sma.gob.ar\/wp-content\/uploads\/2025\/07\/WhatsApp-Image-2025-06-30-at-15.40.202-768x576.jpeg 768w, https:\/\/prensa.sma.gob.ar\/wp-content\/uploads\/2025\/07\/WhatsApp-Image-2025-06-30-at-15.40.202-1536x1152.jpeg 1536w, https:\/\/prensa.sma.gob.ar\/wp-content\/uploads\/2025\/07\/WhatsApp-Image-2025-06-30-at-15.40.202-2048x1536.jpeg 2048w, https:\/\/prensa.sma.gob.ar\/wp-content\/uploads\/2025\/07\/WhatsApp-Image-2025-06-30-at-15.40.202-560x420.jpeg 560w, https:\/\/prensa.sma.gob.ar\/wp-content\/uploads\/2025\/07\/WhatsApp-Image-2025-06-30-at-15.40.202-80x60.jpeg 80w, https:\/\/prensa.sma.gob.ar\/wp-content\/uploads\/2025\/07\/WhatsApp-Image-2025-06-30-at-15.40.202-696x522.jpeg 696w, https:\/\/prensa.sma.gob.ar\/wp-content\/uploads\/2025\/07\/WhatsApp-Image-2025-06-30-at-15.40.202-1068x801.jpeg 1068w, https:\/\/prensa.sma.gob.ar\/wp-content\/uploads\/2025\/07\/WhatsApp-Image-2025-06-30-at-15.40.202-1920x1440.jpeg 1920w\" sizes=\"auto, (max-width: 1024px) 100vw, 1024px\" \/><\/figure>\n\n\n\n<figure class=\"wp-block-image size-large\"><img loading=\"lazy\" decoding=\"async\" width=\"1024\" height=\"768\" data-id=\"8085\" src=\"https:\/\/prensa.sma.gob.ar\/wp-content\/uploads\/2025\/07\/WhatsApp-Image-2025-06-30-at-15.40.21-1024x768.jpeg\" alt=\"\" class=\"wp-image-8085\" srcset=\"https:\/\/prensa.sma.gob.ar\/wp-content\/uploads\/2025\/07\/WhatsApp-Image-2025-06-30-at-15.40.21-1024x768.jpeg 1024w, https:\/\/prensa.sma.gob.ar\/wp-content\/uploads\/2025\/07\/WhatsApp-Image-2025-06-30-at-15.40.21-300x225.jpeg 300w, https:\/\/prensa.sma.gob.ar\/wp-content\/uploads\/2025\/07\/WhatsApp-Image-2025-06-30-at-15.40.21-768x576.jpeg 768w, https:\/\/prensa.sma.gob.ar\/wp-content\/uploads\/2025\/07\/WhatsApp-Image-2025-06-30-at-15.40.21-1536x1152.jpeg 1536w, https:\/\/prensa.sma.gob.ar\/wp-content\/uploads\/2025\/07\/WhatsApp-Image-2025-06-30-at-15.40.21-2048x1536.jpeg 2048w, https:\/\/prensa.sma.gob.ar\/wp-content\/uploads\/2025\/07\/WhatsApp-Image-2025-06-30-at-15.40.21-560x420.jpeg 560w, https:\/\/prensa.sma.gob.ar\/wp-content\/uploads\/2025\/07\/WhatsApp-Image-2025-06-30-at-15.40.21-80x60.jpeg 80w, https:\/\/prensa.sma.gob.ar\/wp-content\/uploads\/2025\/07\/WhatsApp-Image-2025-06-30-at-15.40.21-696x522.jpeg 696w, https:\/\/prensa.sma.gob.ar\/wp-content\/uploads\/2025\/07\/WhatsApp-Image-2025-06-30-at-15.40.21-1068x801.jpeg 1068w, https:\/\/prensa.sma.gob.ar\/wp-content\/uploads\/2025\/07\/WhatsApp-Image-2025-06-30-at-15.40.21-1920x1440.jpeg 1920w\" sizes=\"auto, (max-width: 1024px) 100vw, 1024px\" \/><\/figure>\n\n\n\n<figure class=\"wp-block-image size-large\"><img loading=\"lazy\" decoding=\"async\" width=\"1024\" height=\"793\" data-id=\"8084\" src=\"https:\/\/prensa.sma.gob.ar\/wp-content\/uploads\/2025\/07\/WhatsApp-Image-2025-06-30-at-15.40.211-1024x793.jpeg\" alt=\"\" class=\"wp-image-8084\" srcset=\"https:\/\/prensa.sma.gob.ar\/wp-content\/uploads\/2025\/07\/WhatsApp-Image-2025-06-30-at-15.40.211-1024x793.jpeg 1024w, https:\/\/prensa.sma.gob.ar\/wp-content\/uploads\/2025\/07\/WhatsApp-Image-2025-06-30-at-15.40.211-300x232.jpeg 300w, https:\/\/prensa.sma.gob.ar\/wp-content\/uploads\/2025\/07\/WhatsApp-Image-2025-06-30-at-15.40.211-768x595.jpeg 768w, https:\/\/prensa.sma.gob.ar\/wp-content\/uploads\/2025\/07\/WhatsApp-Image-2025-06-30-at-15.40.211-1536x1190.jpeg 1536w, https:\/\/prensa.sma.gob.ar\/wp-content\/uploads\/2025\/07\/WhatsApp-Image-2025-06-30-at-15.40.211-2048x1587.jpeg 2048w, https:\/\/prensa.sma.gob.ar\/wp-content\/uploads\/2025\/07\/WhatsApp-Image-2025-06-30-at-15.40.211-542x420.jpeg 542w, https:\/\/prensa.sma.gob.ar\/wp-content\/uploads\/2025\/07\/WhatsApp-Image-2025-06-30-at-15.40.211-696x539.jpeg 696w, https:\/\/prensa.sma.gob.ar\/wp-content\/uploads\/2025\/07\/WhatsApp-Image-2025-06-30-at-15.40.211-1068x827.jpeg 1068w, https:\/\/prensa.sma.gob.ar\/wp-content\/uploads\/2025\/07\/WhatsApp-Image-2025-06-30-at-15.40.211-1920x1487.jpeg 1920w\" sizes=\"auto, (max-width: 1024px) 100vw, 1024px\" \/><\/figure>\n<\/figure>\n","protected":false},"excerpt":{"rendered":"<p>Funcionarios municipales y representantes de la comunidad Curruhuinca, Defensor\u00eda del Pueblo y Concejo Deliberante analizaron la marcha del convenio para trabajar en el mejoramiento del sistema de agua existente en los parajes Payla Menuko y Newen Antug. Durante el encuentro, realizado este lunes en el Sal\u00f3n Municipal, se repasaron los avances vinculados al convenio firmado [&hellip;]<\/p>\n","protected":false},"author":2,"featured_media":8087,"comment_status":"closed","ping_status":"open","sticky":false,"template":"","format":"standard","meta":{"footnotes":""},"categories":[16,11,14],"tags":[],"class_list":{"0":"post-8083","1":"post","2":"type-post","3":"status-publish","4":"format-standard","5":"has-post-thumbnail","7":"category-destacadas","8":"category-gobierno","9":"category-noticias"},"_links":{"self":[{"href":"https:\/\/prensa.sma.gob.ar\/index.php?rest_route=\/wp\/v2\/posts\/8083","targetHints":{"allow":["GET"]}}],"collection":[{"href":"https:\/\/prensa.sma.gob.ar\/index.php?rest_route=\/wp\/v2\/posts"}],"about":[{"href":"https:\/\/prensa.sma.gob.ar\/index.php?rest_route=\/wp\/v2\/types\/post"}],"author":[{"embeddable":true,"href":"https:\/\/prensa.sma.gob.ar\/index.php?rest_route=\/wp\/v2\/users\/2"}],"replies":[{"embeddable":true,"href":"https:\/\/prensa.sma.gob.ar\/index.php?rest_route=%2Fwp%2Fv2%2Fcomments&post=8083"}],"version-history":[{"count":1,"href":"https:\/\/prensa.sma.gob.ar\/index.php?rest_route=\/wp\/v2\/posts\/8083\/revisions"}],"predecessor-version":[{"id":8088,"href":"https:\/\/prensa.sma.gob.ar\/index.php?rest_route=\/wp\/v2\/posts\/8083\/revisions\/8088"}],"wp:featuredmedia":[{"embeddable":true,"href":"https:\/\/prensa.sma.gob.ar\/index.php?rest_route=\/wp\/v2\/media\/8087"}],"wp:attachment":[{"href":"https:\/\/prensa.sma.gob.ar\/index.php?rest_route=%2Fwp%2Fv2%2Fmedia&parent=8083"}],"wp:term":[{"taxonomy":"category","embeddable":true,"href":"https:\/\/prensa.sma.gob.ar\/index.php?rest_route=%2Fwp%2Fv2%2Fcategories&post=8083"},{"taxonomy":"post_tag","embeddable":true,"href":"https:\/\/prensa.sma.gob.ar\/index.php?rest_route=%2Fwp%2Fv2%2Ftags&post=8083"}],"curies":[{"name":"wp","href":"https:\/\/api.w.org\/{rel}","templated":true}]}}