{"id":8147,"date":"2025-07-23T14:11:06","date_gmt":"2025-07-23T14:11:06","guid":{"rendered":"https:\/\/prensa.sma.gob.ar\/?p=8147"},"modified":"2025-07-27T21:01:09","modified_gmt":"2025-07-27T21:01:09","slug":"prioridades-en-el-despeje-de-calles-y-rutas-durante-la-temporada-invernal","status":"publish","type":"post","link":"https:\/\/prensa.sma.gob.ar\/?p=8147","title":{"rendered":"Prioridades en el despeje de calles y rutas durante la temporada invernal"},"content":{"rendered":"\n<p>El Municipio recuerda que se mantiene vigente el orden de prioridades establecido hace varios a\u00f1os, entre varias instituciones, para el despeje y la atenci\u00f3n de calles y rutas en el ejido urbano de San Mart\u00edn de los Andes en \u00e9pocas de nevadas o heladas fuertes.<\/p>\n\n\n\n<p>Este orden contempla en primer t\u00e9rmino el despeje de calles utilizadas por el transporte urbano de pasajeros; luego las v\u00edas de acceso a las instituciones que intervienen en emergencias (Hospital, Bomberos, dependencias policiales); luego los ingresos a los barrios con una \u00fanica v\u00eda de acceso (para evitar que queden aislados).<\/p>\n\n\n\n<p>Si la nevada es persistente, una vez completado este circuito de prioridades, se realiza un repaso sobre las mismas \u00e1reas. Si la nevada se detiene, las m\u00e1quinas del Municipio trabajar\u00e1n en calles internas de los barrios m\u00e1s afectados, priorizando adem\u00e1s la atenci\u00f3n de vecinas y vecinos adultos mayores, personas con discapacidad o emergencias.<\/p>\n\n\n\n<p>Este criterio fue establecido hace varios a\u00f1os por la Direcci\u00f3n de Protecci\u00f3n Civil del Municipio gracias al trabajo coordinado de las instituciones que intervienen en las emergencias provocadas por nevadas, heladas u otros fen\u00f3menos clim\u00e1ticos propios de esta \u00e9poca.<\/p>\n\n\n\n<p>El Municipio recuerda, adem\u00e1s, la importancia de prestar atenci\u00f3n al paso de veh\u00edculos de emergencia y despejar las v\u00edas ante la proximidad de ambulancias o veh\u00edculos de Bomberos, Polic\u00eda, Protecci\u00f3n Civil, Gendarmer\u00eda Nacional, Prefectura y otras instituciones que intervienen en emergencias.<\/p>\n\n\n\n<p><\/p>\n","protected":false},"excerpt":{"rendered":"<p>El Municipio recuerda que se mantiene vigente el orden de prioridades establecido hace varios a\u00f1os, entre varias instituciones, para el despeje y la atenci\u00f3n de calles y rutas en el ejido urbano de San Mart\u00edn de los Andes en \u00e9pocas de nevadas o heladas fuertes. Este orden contempla en primer t\u00e9rmino el despeje de calles [&hellip;]<\/p>\n","protected":false},"author":3,"featured_media":8148,"comment_status":"closed","ping_status":"open","sticky":false,"template":"","format":"standard","meta":{"footnotes":""},"categories":[16,14,17],"tags":[],"class_list":{"0":"post-8147","1":"post","2":"type-post","3":"status-publish","4":"format-standard","5":"has-post-thumbnail","7":"category-destacadas","8":"category-noticias","9":"category-portada"},"_links":{"self":[{"href":"https:\/\/prensa.sma.gob.ar\/index.php?rest_route=\/wp\/v2\/posts\/8147","targetHints":{"allow":["GET"]}}],"collection":[{"href":"https:\/\/prensa.sma.gob.ar\/index.php?rest_route=\/wp\/v2\/posts"}],"about":[{"href":"https:\/\/prensa.sma.gob.ar\/index.php?rest_route=\/wp\/v2\/types\/post"}],"author":[{"embeddable":true,"href":"https:\/\/prensa.sma.gob.ar\/index.php?rest_route=\/wp\/v2\/users\/3"}],"replies":[{"embeddable":true,"href":"https:\/\/prensa.sma.gob.ar\/index.php?rest_route=%2Fwp%2Fv2%2Fcomments&post=8147"}],"version-history":[{"count":1,"href":"https:\/\/prensa.sma.gob.ar\/index.php?rest_route=\/wp\/v2\/posts\/8147\/revisions"}],"predecessor-version":[{"id":8149,"href":"https:\/\/prensa.sma.gob.ar\/index.php?rest_route=\/wp\/v2\/posts\/8147\/revisions\/8149"}],"wp:featuredmedia":[{"embeddable":true,"href":"https:\/\/prensa.sma.gob.ar\/index.php?rest_route=\/wp\/v2\/media\/8148"}],"wp:attachment":[{"href":"https:\/\/prensa.sma.gob.ar\/index.php?rest_route=%2Fwp%2Fv2%2Fmedia&parent=8147"}],"wp:term":[{"taxonomy":"category","embeddable":true,"href":"https:\/\/prensa.sma.gob.ar\/index.php?rest_route=%2Fwp%2Fv2%2Fcategories&post=8147"},{"taxonomy":"post_tag","embeddable":true,"href":"https:\/\/prensa.sma.gob.ar\/index.php?rest_route=%2Fwp%2Fv2%2Ftags&post=8147"}],"curies":[{"name":"wp","href":"https:\/\/api.w.org\/{rel}","templated":true}]}}