{"id":8164,"date":"2025-07-04T18:02:51","date_gmt":"2025-07-04T18:02:51","guid":{"rendered":"https:\/\/prensa.sma.gob.ar\/?p=8164"},"modified":"2025-07-06T23:19:14","modified_gmt":"2025-07-06T23:19:14","slug":"gracias-a-la-decision-de-tres-provincias-la-gente-va-tener-la-factibilidad-de-gas-que-necesita","status":"publish","type":"post","link":"https:\/\/prensa.sma.gob.ar\/?p=8164","title":{"rendered":"\u201cGracias a la decisi\u00f3n de tres provincias, la gente va tener la factibilidad de gas que necesita\u201d"},"content":{"rendered":"\n<p>El intendente de San Mart\u00edn de los Andes, Carlos Saloniti, celebr\u00f3 la firma del acta de inicio de obra para la finalizaci\u00f3n y puesta en servicio y ampliaci\u00f3n del Gasoducto Cordillerano. Ratific\u00f3 el rol del Estado y la decisi\u00f3n pol\u00edtica de los gobernadores de Neuqu\u00e9n, R\u00edo Negro y Chubut y afirm\u00f3 que \u201cdif\u00edcilmente quien no hace nada deje huellas\u201d.<\/p>\n\n\n\n<p>Saloniti acompa\u00f1\u00f3 al gobernador de Neuqu\u00e9n, Rolando Figueroa, al encuentro con sus pares de Chubut, Ignacio Torres; y de R\u00edo Negro, Alberto Weretilneck, en el que se firm\u00f3 el acta de inicio de obra para la finalizaci\u00f3n y puesta en servicio y habilitaci\u00f3n y ampliaci\u00f3n de capacidad de transporte del Sistema Cordillerano Patag\u00f3nico.<\/p>\n\n\n\n<p>Con este acto, realizado en Rawson, Chubut, se formaliz\u00f3 el inicio de la obra de ampliaci\u00f3n del Gasoducto Cordillerano, en un acto donde los tres mandatarios provinciales acordaron el comienzo de los trabajos con representantes de Camuzzi y el Ente Nacional Regulador del Gas (Enargas).<\/p>\n\n\n\n<p>Se trata de una obra clave que, en Neuqu\u00e9n, permitir\u00e1 llevar gas natural a Villa La Angostura, San Mart\u00edn de los Andes, Jun\u00edn de los Andes y otros lugares del sur de la provincia. Incluyendo R\u00edo Negro y Chubut, se beneficiar\u00e1n m\u00e1s de 12.000 hogares, escuelas y hospitales de 25 localidades donde hoy el sistema est\u00e1 colapsado.<\/p>\n\n\n\n<p>\u201cMe siento honrado y agradecido de estar ac\u00e1, en la casa de Gobierno de Chubut. Por supuesto que la causa que nos moviliza excede cualquier an\u00e1lisis, la posibilidad de que nuestra gente tenga gas es la mejor noticia que se puede dar, justo en una semana que tuvimos una ola polar. Poder dar hoy viernes esta noticia marca el reflejo de lo que venimos trabajando\u201d, se\u00f1al\u00f3 el jefe comunal.<\/p>\n\n\n\n<p>\u201cSi el Estado no est\u00e1, es muy dif\u00edcil que la gente que m\u00e1s lo necesita pueda salir adelante. Por eso, quienes hacemos pol\u00edtica, lo hacemos convencidos de que para eso estamos ac\u00e1. Estoy orgullosos de la decisi\u00f3n que han tomado tres gobernadores. Dif\u00edcilmente, la gente que no hace nada deje huellas y esta decisi\u00f3n tripartita es clara y real, no es ficticia, es saber que la gente va a estar contenta porque va a ir a Camuzzi y va a tener la factibilidad que necesita\u201d, afirm\u00f3.<\/p>\n\n\n\n<p>\u201cLa gente de San Mart\u00edn de los Andes, de Villa La Angostura, de Jun\u00edn de los Andes volver\u00e1 a tener esperanza porque va a tener factibilidades para la instalaci\u00f3n de gas\u201d, afirm\u00f3 Saloniti, uno de los dos jefes comunales que fue invitado a hablar junto al intendente de Gobernador Costa (Chubut), Miguel G\u00f3mez.<\/p>\n\n\n\n<p>\u201cNo pod\u00eda ser que, en la Regi\u00f3n Patag\u00f3nica, con lo que implica Vaca Muerta, no tuvi\u00e9ramos factibilidades. Esto tiene que ver con decisiones pol\u00edtica que tomaron tres gobernadores que tienen la convicci\u00f3n de hacer lo que hay que hacer. Se pueden hacer mil teor\u00edas, mil explicaciones, pero las decisiones pol\u00edticas se toman y se llevan adelante\u201d, afirm\u00f3 Saloniti.<\/p>\n\n\n\n<p>Las obras demandar\u00e1n una inversi\u00f3n estimada de 50 mil millones de pesos. El Banco Provincia del Neuqu\u00e9n (BPN) otorg\u00f3 esta semana un pr\u00e9stamo de 12.400 millones de pesos a la empresa Camuzzi para ejecutar los trabajos. El Banco del Chubut financiar\u00e1 a la firma un monto similar.<\/p>\n\n\n\n<p>El sistema, que t\u00e9cnicamente se denomina Cordillerano Patag\u00f3nico, se fortalecer\u00e1 a partir de la instalaci\u00f3n de dos plantas compresoras. La finalizaci\u00f3n de obras est\u00e1 prevista para tener capacidad de compresi\u00f3n en el invierno de 2026, seg\u00fan informaron desde Camuzzi.<\/p>\n","protected":false},"excerpt":{"rendered":"<p>El intendente de San Mart\u00edn de los Andes, Carlos Saloniti, celebr\u00f3 la firma del acta de inicio de obra para la finalizaci\u00f3n y puesta en servicio y ampliaci\u00f3n del Gasoducto Cordillerano. Ratific\u00f3 el rol del Estado y la decisi\u00f3n pol\u00edtica de los gobernadores de Neuqu\u00e9n, R\u00edo Negro y Chubut y afirm\u00f3 que \u201cdif\u00edcilmente quien no [&hellip;]<\/p>\n","protected":false},"author":2,"featured_media":8165,"comment_status":"closed","ping_status":"open","sticky":false,"template":"","format":"standard","meta":{"footnotes":""},"categories":[16,14,17],"tags":[],"class_list":{"0":"post-8164","1":"post","2":"type-post","3":"status-publish","4":"format-standard","5":"has-post-thumbnail","7":"category-destacadas","8":"category-noticias","9":"category-portada"},"_links":{"self":[{"href":"https:\/\/prensa.sma.gob.ar\/index.php?rest_route=\/wp\/v2\/posts\/8164","targetHints":{"allow":["GET"]}}],"collection":[{"href":"https:\/\/prensa.sma.gob.ar\/index.php?rest_route=\/wp\/v2\/posts"}],"about":[{"href":"https:\/\/prensa.sma.gob.ar\/index.php?rest_route=\/wp\/v2\/types\/post"}],"author":[{"embeddable":true,"href":"https:\/\/prensa.sma.gob.ar\/index.php?rest_route=\/wp\/v2\/users\/2"}],"replies":[{"embeddable":true,"href":"https:\/\/prensa.sma.gob.ar\/index.php?rest_route=%2Fwp%2Fv2%2Fcomments&post=8164"}],"version-history":[{"count":3,"href":"https:\/\/prensa.sma.gob.ar\/index.php?rest_route=\/wp\/v2\/posts\/8164\/revisions"}],"predecessor-version":[{"id":8197,"href":"https:\/\/prensa.sma.gob.ar\/index.php?rest_route=\/wp\/v2\/posts\/8164\/revisions\/8197"}],"wp:featuredmedia":[{"embeddable":true,"href":"https:\/\/prensa.sma.gob.ar\/index.php?rest_route=\/wp\/v2\/media\/8165"}],"wp:attachment":[{"href":"https:\/\/prensa.sma.gob.ar\/index.php?rest_route=%2Fwp%2Fv2%2Fmedia&parent=8164"}],"wp:term":[{"taxonomy":"category","embeddable":true,"href":"https:\/\/prensa.sma.gob.ar\/index.php?rest_route=%2Fwp%2Fv2%2Fcategories&post=8164"},{"taxonomy":"post_tag","embeddable":true,"href":"https:\/\/prensa.sma.gob.ar\/index.php?rest_route=%2Fwp%2Fv2%2Ftags&post=8164"}],"curies":[{"name":"wp","href":"https:\/\/api.w.org\/{rel}","templated":true}]}}