{"id":8172,"date":"2025-07-04T18:00:22","date_gmt":"2025-07-04T18:00:22","guid":{"rendered":"https:\/\/prensa.sma.gob.ar\/?p=8172"},"modified":"2025-07-05T23:38:10","modified_gmt":"2025-07-05T23:38:10","slug":"gasoducto-cordillerano-se-inicia-la-obra-que-llevara-el-gas-a-12-000-hogares-patagonicos","status":"publish","type":"post","link":"https:\/\/prensa.sma.gob.ar\/?p=8172","title":{"rendered":"Gasoducto Cordillerano: se inicia la obra que llevar\u00e1 el gas a 12.000 hogares patag\u00f3nicos"},"content":{"rendered":"\n<p>Se formaliz\u00f3 este viernes el inicio de la obra de ampliaci\u00f3n del Gasoducto Cordillerano, durante un acto que encabezaron el gobernador neuquino <strong>Rolando Figueroa<\/strong> y sus pares de R\u00edo Negro, <strong>Alberto Weretilneck<\/strong> y de Chubut, <strong>Ignacio Torres<\/strong>. En la localidad chubutense de Rawson, los tres mandatarios acordaron el comienzo de los trabajos con representantes de Camuzzi y el Ente Nacional Regulador del Gas (Enargas).<\/p>\n\n\n\n<p>En la ocasi\u00f3n, se firm\u00f3 el acta de inicio de obra para la finalizaci\u00f3n, puesta en servicio y habilitaci\u00f3n de la ampliaci\u00f3n de capacidad de transporte del sistema Cordillerano Patag\u00f3nico. Lo suscribieron, adem\u00e1s de los tres gobernadores, el presidente de Camuzzi, Jaime Barba y el interventor del Enargas, Carlos Casares.<\/p>\n\n\n\n<p>Se trata de una obra clave que, en Neuqu\u00e9n, permitir\u00e1 llevar gas natural a Villa La Angostura, San Mart\u00edn de los Andes, Jun\u00edn de los Andes y otros lugares del sur de la provincia. Incluyendo R\u00edo Negro y Chubut, se beneficiar\u00e1n m\u00e1s de 12.000 hogares, escuelas y hospitales de 25 localidades donde hoy el sistema est\u00e1 colapsado.<\/p>\n\n\n\n<p>En su discurso, Figueroa destac\u00f3 que <em>\u201clos patag\u00f3nicos seguimos poniendo el hombro y parad\u00f3jicamente, despu\u00e9s de nutrir de energ\u00eda a la Argentina, nuestros vecinos no pueden tener gas en la zona cordillerana\u201d. \u201cEstas son las injusticias que duelen y que nos hacen a los patag\u00f3nicos estar m\u00e1s unidos que nunca\u201d<\/em>, asegur\u00f3.<\/p>\n\n\n\n<p><em>\u201cM\u00e1s all\u00e1 de que las fuerzas presidenciales se peleen unos con otros, nosotros hoy estamos reunidos, muy distantes a la Capital Federal, para buscar una soluci\u00f3n importante a nuestros problemas\u201d<\/em>, dijo el mandatario neuquino.<\/p>\n\n\n\n<p>Adem\u00e1s, se\u00f1al\u00f3 que <em>\u201cla ciudadan\u00eda de nuestras provincias lo que nos pide es que resolvamos los problemas\u201d<\/em> y se pregunt\u00f3: <em>\u201c\u00bfDe qu\u00e9 sirve que se sigan peleando unos con otros all\u00e1 con una mirada tan distante y tan miope respecto de lo que pasa en esta fr\u00eda Patagonia?\u201d.<\/em><\/p>\n\n\n\n<p><em>\u201c\u00bfQu\u00e9 mueve m\u00e1s a la Argentina y nos da autodeterminaci\u00f3n que la energ\u00eda?\u201d<\/em>, indic\u00f3 y remarc\u00f3 que <em>\u201choy la verdadera libertad, la libertad que se siente y se respira, viene del lado de nuestra energ\u00eda, y la energ\u00eda la proyecta la Patagonia\u201d. \u201cSi a los patag\u00f3nicos nos va bien, por primera vez vamos a poder decir que entre todos pusimos de pie a la Argentina\u201d<\/em>, concluy\u00f3.<\/p>\n\n\n\n<p>Por su parte, Torres resalt\u00f3 que <em>\u201cestamos hablando de resultados tangibles\u201d<\/em> y destac\u00f3 la inversi\u00f3n que se realizar\u00e1 con el objetivo de lograr el pr\u00f3ximo invierno <em>\u201cno padecer m\u00e1s estos trastornos que genera no tener acceso a algo tan indispensable y b\u00e1sico como es el gas\u201d.<\/em><\/p>\n\n\n\n<p><em>\u201cLo vamos a resolver con decisi\u00f3n pol\u00edtica de encarar el problema, porque ser\u00eda m\u00e1s f\u00e1cil quejarnos y decir que esta obra la tendr\u00eda que haber hecho el gobierno nacional. Nos sentamos, nos pusimos de acuerdo y encontramos un esquema de apalancamiento financiero para poder realizar esta obra tan necesaria\u201d<\/em>, agreg\u00f3.<\/p>\n\n\n\n<p>Adem\u00e1s, enfatiz\u00f3 sobre <em>\u201clo surrealista de pensar que siendo el motor energ\u00e9tico de la Argentina haya pueblos aislados energ\u00e9ticamente y pueblos que no tienen acceso al gas. Es una injusticia que es producto de muchos a\u00f1os de una mirada centralista y unitaria\u201d.<\/em><\/p>\n\n\n\n<p><em>\u201cPara mantener una macroeconom\u00eda estable hacen falta esos d\u00f3lares que se producen en la Patagonia\u201d<\/em>, indic\u00f3 y consider\u00f3 que el gobierno nacional <em>\u201cle prende una vela todos los d\u00edas a Vaca Muerta para poder tener un crecimiento exponencial, exportar m\u00e1s y generar esas divisas\u201d.<\/em><\/p>\n\n\n\n<p>Weretilneck opin\u00f3 que <em>\u201ca veces cuando nos toca afrontar y resolver temas como el que estamos hablando, a uno le da una mayor dosis de rebeld\u00eda, porque sabemos la importancia que tiene la Patagonia en el sistema energ\u00e9tico nacional\u201d.<\/em><\/p>\n\n\n\n<p><em>\u201cTodo el sistema energ\u00e9tico en nuestro pa\u00eds funciona y existe por lo que produce la Patagonia. Por eso esta obra tiene una importancia trascendental\u201d<\/em>, afirm\u00f3 el mandatario rionegrino y remarc\u00f3 la relevancia de la ampliaci\u00f3n del gasoducto porque un rasgo caracter\u00edstico de la Patagonia <em>\u201ces el crecimiento permanente\u201d.<\/em><\/p>\n\n\n\n<p><em>\u201cQuiero agradecer y ennoblece el gesto de los dos gobernadores, porque ustedes saben que R\u00edo Negro no tiene banco. En la gran crisis del 95 perdimos el Banco de la provincia, con lo cual esta primera instancia de financiamiento se hizo a trav\u00e9s de los dos bancos de la provincia, y nosotros lo que estamos haciendo es fundamentalmente acompa\u00f1ar, rescatar y valorar la decisi\u00f3n\u201d<\/em>, concluy\u00f3 Weretilneck.<\/p>\n\n\n\n<p><strong>Financiamiento del BPN y obras<\/strong><\/p>\n\n\n\n<p>Las obras demandar\u00e1n una inversi\u00f3n estimada de 50 mil millones de pesos. El Banco Provincia del Neuqu\u00e9n (BPN) otorg\u00f3 esta semana un pr\u00e9stamo de 12.400 millones de pesos a la empresa Camuzzi para ejecutar los trabajos. El Banco del Chubut financiar\u00e1 a la firma un monto similar.<\/p>\n\n\n\n<p>El sistema, que t\u00e9cnicamente se denomina Cordillerano Patag\u00f3nico, se fortalecer\u00e1 a partir de la instalaci\u00f3n de dos plantas compresoras. La finalizaci\u00f3n de obras est\u00e1 prevista para tener capacidad de compresi\u00f3n en el invierno de 2026, seg\u00fan informaron desde Camuzzi.<\/p>\n\n\n\n<p>Por la provincia del Neuqu\u00e9n, tambi\u00e9n participaron del acto los intendentes de San Mart\u00edn de los Andes, Carlos Saloniti; de Villa La Angostura, Javier Murer y de Jun\u00edn de los Andes, Luis Madue\u00f1o.<\/p>\n","protected":false},"excerpt":{"rendered":"<p>Se formaliz\u00f3 este viernes el inicio de la obra de ampliaci\u00f3n del Gasoducto Cordillerano, durante un acto que encabezaron el gobernador neuquino Rolando Figueroa y sus pares de R\u00edo Negro, Alberto Weretilneck y de Chubut, Ignacio Torres. En la localidad chubutense de Rawson, los tres mandatarios acordaron el comienzo de los trabajos con representantes de [&hellip;]<\/p>\n","protected":false},"author":2,"featured_media":8173,"comment_status":"closed","ping_status":"open","sticky":false,"template":"","format":"standard","meta":{"footnotes":""},"categories":[16,14,17],"tags":[],"class_list":{"0":"post-8172","1":"post","2":"type-post","3":"status-publish","4":"format-standard","5":"has-post-thumbnail","7":"category-destacadas","8":"category-noticias","9":"category-portada"},"_links":{"self":[{"href":"https:\/\/prensa.sma.gob.ar\/index.php?rest_route=\/wp\/v2\/posts\/8172","targetHints":{"allow":["GET"]}}],"collection":[{"href":"https:\/\/prensa.sma.gob.ar\/index.php?rest_route=\/wp\/v2\/posts"}],"about":[{"href":"https:\/\/prensa.sma.gob.ar\/index.php?rest_route=\/wp\/v2\/types\/post"}],"author":[{"embeddable":true,"href":"https:\/\/prensa.sma.gob.ar\/index.php?rest_route=\/wp\/v2\/users\/2"}],"replies":[{"embeddable":true,"href":"https:\/\/prensa.sma.gob.ar\/index.php?rest_route=%2Fwp%2Fv2%2Fcomments&post=8172"}],"version-history":[{"count":1,"href":"https:\/\/prensa.sma.gob.ar\/index.php?rest_route=\/wp\/v2\/posts\/8172\/revisions"}],"predecessor-version":[{"id":8174,"href":"https:\/\/prensa.sma.gob.ar\/index.php?rest_route=\/wp\/v2\/posts\/8172\/revisions\/8174"}],"wp:featuredmedia":[{"embeddable":true,"href":"https:\/\/prensa.sma.gob.ar\/index.php?rest_route=\/wp\/v2\/media\/8173"}],"wp:attachment":[{"href":"https:\/\/prensa.sma.gob.ar\/index.php?rest_route=%2Fwp%2Fv2%2Fmedia&parent=8172"}],"wp:term":[{"taxonomy":"category","embeddable":true,"href":"https:\/\/prensa.sma.gob.ar\/index.php?rest_route=%2Fwp%2Fv2%2Fcategories&post=8172"},{"taxonomy":"post_tag","embeddable":true,"href":"https:\/\/prensa.sma.gob.ar\/index.php?rest_route=%2Fwp%2Fv2%2Ftags&post=8172"}],"curies":[{"name":"wp","href":"https:\/\/api.w.org\/{rel}","templated":true}]}}