{"id":8203,"date":"2025-07-07T12:26:18","date_gmt":"2025-07-07T12:26:18","guid":{"rendered":"https:\/\/prensa.sma.gob.ar\/?p=8203"},"modified":"2025-07-08T12:28:28","modified_gmt":"2025-07-08T12:28:28","slug":"el-intendente-saloniti-y-el-municipio-recuerdan-a-luz-maria-sapag-a-15-anos-de-su-fallecimiento","status":"publish","type":"post","link":"https:\/\/prensa.sma.gob.ar\/?p=8203","title":{"rendered":"El intendente Saloniti y el Municipio recuerdan a Luz Mar\u00eda Sapag, a 15 a\u00f1os de su fallecimiento"},"content":{"rendered":"\n<p>El intendente de San Mart\u00edn de los Andes, Carlos Saloniti, y el Municipio, recuerdan a Luz Mar\u00eda Sapag, a 15 a\u00f1os de su fallecimiento.<\/p>\n\n\n\n<p>Luz fue electa tres veces como intendente de nuestra ciudad (1991, 1995 y 2007); fue Senadora de la Naci\u00f3n (2001-2007), Convencional Nacional Constituyente (1994) y Diputada Provincial (1999-2001).<\/p>\n\n\n\n<p>Desde sus inicios en la gesti\u00f3n municipal, como Secretaria de Gobierno en 1987, Luz impuso una caracter\u00edstica propia y ejemplar en el manejo de lo p\u00fablico y, desde all\u00ed, ha marcado el camino pol\u00edtico y ejecutivo de muchas personas que le sucedieron.<\/p>\n\n\n\n<p>Este aniversario renueva la ocasi\u00f3n para destacar sus valores personales, pol\u00edticos partidarios y de gesti\u00f3n.<\/p>\n","protected":false},"excerpt":{"rendered":"<p>El intendente de San Mart\u00edn de los Andes, Carlos Saloniti, y el Municipio, recuerdan a Luz Mar\u00eda Sapag, a 15 a\u00f1os de su fallecimiento. Luz fue electa tres veces como intendente de nuestra ciudad (1991, 1995 y 2007); fue Senadora de la Naci\u00f3n (2001-2007), Convencional Nacional Constituyente (1994) y Diputada Provincial (1999-2001). Desde sus inicios [&hellip;]<\/p>\n","protected":false},"author":2,"featured_media":8207,"comment_status":"closed","ping_status":"open","sticky":false,"template":"","format":"standard","meta":{"footnotes":""},"categories":[16,14],"tags":[],"class_list":{"0":"post-8203","1":"post","2":"type-post","3":"status-publish","4":"format-standard","5":"has-post-thumbnail","7":"category-destacadas","8":"category-noticias"},"_links":{"self":[{"href":"https:\/\/prensa.sma.gob.ar\/index.php?rest_route=\/wp\/v2\/posts\/8203","targetHints":{"allow":["GET"]}}],"collection":[{"href":"https:\/\/prensa.sma.gob.ar\/index.php?rest_route=\/wp\/v2\/posts"}],"about":[{"href":"https:\/\/prensa.sma.gob.ar\/index.php?rest_route=\/wp\/v2\/types\/post"}],"author":[{"embeddable":true,"href":"https:\/\/prensa.sma.gob.ar\/index.php?rest_route=\/wp\/v2\/users\/2"}],"replies":[{"embeddable":true,"href":"https:\/\/prensa.sma.gob.ar\/index.php?rest_route=%2Fwp%2Fv2%2Fcomments&post=8203"}],"version-history":[{"count":1,"href":"https:\/\/prensa.sma.gob.ar\/index.php?rest_route=\/wp\/v2\/posts\/8203\/revisions"}],"predecessor-version":[{"id":8209,"href":"https:\/\/prensa.sma.gob.ar\/index.php?rest_route=\/wp\/v2\/posts\/8203\/revisions\/8209"}],"wp:featuredmedia":[{"embeddable":true,"href":"https:\/\/prensa.sma.gob.ar\/index.php?rest_route=\/wp\/v2\/media\/8207"}],"wp:attachment":[{"href":"https:\/\/prensa.sma.gob.ar\/index.php?rest_route=%2Fwp%2Fv2%2Fmedia&parent=8203"}],"wp:term":[{"taxonomy":"category","embeddable":true,"href":"https:\/\/prensa.sma.gob.ar\/index.php?rest_route=%2Fwp%2Fv2%2Fcategories&post=8203"},{"taxonomy":"post_tag","embeddable":true,"href":"https:\/\/prensa.sma.gob.ar\/index.php?rest_route=%2Fwp%2Fv2%2Ftags&post=8203"}],"curies":[{"name":"wp","href":"https:\/\/api.w.org\/{rel}","templated":true}]}}