{"id":8204,"date":"2025-07-13T13:57:12","date_gmt":"2025-07-13T13:57:12","guid":{"rendered":"https:\/\/prensa.sma.gob.ar\/?p=8204"},"modified":"2025-07-14T12:53:26","modified_gmt":"2025-07-14T12:53:26","slug":"el-municipio-y-saem-lanzan-un-abono-mensual-para-residentes-entre-otros-beneficios","status":"publish","type":"post","link":"https:\/\/prensa.sma.gob.ar\/?p=8204","title":{"rendered":"El Municipio y SAEM lanzan un abono mensual para residentes, entre otros beneficios\u00a0"},"content":{"rendered":"\n<p>El Municipio de San Mart\u00edn de los Andes y la empresa SAEM lanzan nuevas mejoras para facilitar el estacionamiento a vecinos y vecinas, aprobadas recientemente por el Concejo Deliberante.<\/p>\n\n\n\n<p>Una de las principales novedades es la creaci\u00f3n de un abono mensual exclusivo para quienes utilizan habitualmente el estacionamiento medido, facilitando su acceso a una tarifa preferencial.<\/p>\n\n\n\n<p>Tambi\u00e9n se aplicar\u00e1 una promoci\u00f3n para aquellos usuarios que realicen cargas superiores a $30.000, quienes recibir\u00e1n un 10% adicional de cr\u00e9dito como bonificaci\u00f3n.<\/p>\n\n\n\n<p>Tras el acuerdo entre el Ejecutivo y la empresa, el Concejo Deliberante aprob\u00f3 la ordenanza que crea un abono mensual para personas con domicilio en San Mart\u00edn de los Andes y que el costo del abono ser\u00e1 de 100 horas al valor de la primera hora. A tarifas de julio se trata de un abono de $ 94.586 mensual.&nbsp;&nbsp;<\/p>\n\n\n\n<p>Los requisitos son: ser persona f\u00edsica; ser titular del dominio; domicilio acreditado en el Documento Nacional de Identidad; el veh\u00edculo debe estar radicado en San Martin de los Andes; y poseer c\u00e9dula verde y licencia de conducir vigente.&nbsp;<\/p>\n\n\n\n<p>La ordenanza aprobada tambi\u00e9n incluye la mencionada promoci\u00f3n por carga igual o mayor a $ 30.000, que tendr\u00e1 un cr\u00e9dito adicional del 10%.&nbsp;<\/p>\n\n\n\n<p>La norma establece que los beneficios entrar\u00e1n en vigencia a partir de su promulgaci\u00f3n y que SAEM tendr\u00e1 entre cuatro y quince d\u00edas, seg\u00fan sea el beneficio, contados desde la fecha de promulgaci\u00f3n.<\/p>\n\n\n\n<p>La ordenanza se\u00f1ala que \u00abesta iniciativa constituye una alternativa m\u00e1s econ\u00f3mica para aquellos veh\u00edculos que permanecen varias horas diarias estacionados en el radio que comprende el estacionamiento medido\u00bb.<\/p>\n\n\n\n<p>Tambi\u00e9n recuerda que \u201ca solicitud de los contribuyentes, se ha pensado y consensuado con la empresa SAEM en un abono mensual que cubra esas largas estad\u00edas a un costo menor con respecto a la tarifa com\u00fan\u201d.<\/p>\n\n\n\n<p>SAEM inform\u00f3 que otra de las determinaciones es fomentar el estacionamiento desde comercios habilitados. De acuerdo a esta medida, los locales que lo requieran podr\u00e1n realizar el estacionamiento de sus clientes directamente desde sus negocios, brindando un servicio diferencial. El Municipio y Saem coinciden en que esta iniciativa busca apoyar principalmente al sector gastron\u00f3mico, tur\u00edstico y comercial.<\/p>\n","protected":false},"excerpt":{"rendered":"<p>El Municipio de San Mart\u00edn de los Andes y la empresa SAEM lanzan nuevas mejoras para facilitar el estacionamiento a vecinos y vecinas, aprobadas recientemente por el Concejo Deliberante. Una de las principales novedades es la creaci\u00f3n de un abono mensual exclusivo para quienes utilizan habitualmente el estacionamiento medido, facilitando su acceso a una tarifa [&hellip;]<\/p>\n","protected":false},"author":2,"featured_media":8205,"comment_status":"closed","ping_status":"open","sticky":false,"template":"","format":"standard","meta":{"footnotes":""},"categories":[16,14,17],"tags":[],"class_list":{"0":"post-8204","1":"post","2":"type-post","3":"status-publish","4":"format-standard","5":"has-post-thumbnail","7":"category-destacadas","8":"category-noticias","9":"category-portada"},"_links":{"self":[{"href":"https:\/\/prensa.sma.gob.ar\/index.php?rest_route=\/wp\/v2\/posts\/8204","targetHints":{"allow":["GET"]}}],"collection":[{"href":"https:\/\/prensa.sma.gob.ar\/index.php?rest_route=\/wp\/v2\/posts"}],"about":[{"href":"https:\/\/prensa.sma.gob.ar\/index.php?rest_route=\/wp\/v2\/types\/post"}],"author":[{"embeddable":true,"href":"https:\/\/prensa.sma.gob.ar\/index.php?rest_route=\/wp\/v2\/users\/2"}],"replies":[{"embeddable":true,"href":"https:\/\/prensa.sma.gob.ar\/index.php?rest_route=%2Fwp%2Fv2%2Fcomments&post=8204"}],"version-history":[{"count":1,"href":"https:\/\/prensa.sma.gob.ar\/index.php?rest_route=\/wp\/v2\/posts\/8204\/revisions"}],"predecessor-version":[{"id":8206,"href":"https:\/\/prensa.sma.gob.ar\/index.php?rest_route=\/wp\/v2\/posts\/8204\/revisions\/8206"}],"wp:featuredmedia":[{"embeddable":true,"href":"https:\/\/prensa.sma.gob.ar\/index.php?rest_route=\/wp\/v2\/media\/8205"}],"wp:attachment":[{"href":"https:\/\/prensa.sma.gob.ar\/index.php?rest_route=%2Fwp%2Fv2%2Fmedia&parent=8204"}],"wp:term":[{"taxonomy":"category","embeddable":true,"href":"https:\/\/prensa.sma.gob.ar\/index.php?rest_route=%2Fwp%2Fv2%2Fcategories&post=8204"},{"taxonomy":"post_tag","embeddable":true,"href":"https:\/\/prensa.sma.gob.ar\/index.php?rest_route=%2Fwp%2Fv2%2Ftags&post=8204"}],"curies":[{"name":"wp","href":"https:\/\/api.w.org\/{rel}","templated":true}]}}