{"id":8231,"date":"2025-07-08T15:33:36","date_gmt":"2025-07-08T15:33:36","guid":{"rendered":"https:\/\/prensa.sma.gob.ar\/?p=8231"},"modified":"2025-07-14T12:52:43","modified_gmt":"2025-07-14T12:52:43","slug":"curso-de-acompanante-terapeutico","status":"publish","type":"post","link":"https:\/\/prensa.sma.gob.ar\/?p=8231","title":{"rendered":"Curso de Acompa\u00f1ante Terap\u00e9utico"},"content":{"rendered":"\n<p>La Oficina de Empleo informa que se encuentra abierta la inscripci\u00f3n al Curso de Acompa\u00f1ante Terap\u00e9utico, a realizarse en nuestra localidad, a partir del lunes 28 de julio, finalizando el 17 de noviembre.<\/p>\n\n\n\n<p>Los interesados deber\u00e1n preinscribirse en el siguiente link <\/p>\n\n\n\n<p><a href=\"https:\/\/mintrabajoydl.neuquen.gob.ar\/...\/capacitacion...\">https:\/\/mintrabajoydl.neuquen.gob.ar\/&#8230;\/capacitacion&#8230;<\/a><\/p>\n\n\n\n<p>Para m\u00e1s consultas, comunicarse al WhatsApp de la Oficina, +5492944804989<\/p>\n\n\n<div class=\"wp-block-image\">\n<figure class=\"aligncenter size-full is-resized\"><img loading=\"lazy\" decoding=\"async\" width=\"696\" height=\"835\" src=\"https:\/\/prensa.sma.gob.ar\/wp-content\/uploads\/2025\/07\/517115183_1193500812822087_1976035186268234744_n.jpg\" alt=\"\" class=\"wp-image-8233\" style=\"width:418px;height:auto\" srcset=\"https:\/\/prensa.sma.gob.ar\/wp-content\/uploads\/2025\/07\/517115183_1193500812822087_1976035186268234744_n.jpg 696w, https:\/\/prensa.sma.gob.ar\/wp-content\/uploads\/2025\/07\/517115183_1193500812822087_1976035186268234744_n-250x300.jpg 250w, https:\/\/prensa.sma.gob.ar\/wp-content\/uploads\/2025\/07\/517115183_1193500812822087_1976035186268234744_n-350x420.jpg 350w\" sizes=\"auto, (max-width: 696px) 100vw, 696px\" \/><\/figure>\n<\/div>","protected":false},"excerpt":{"rendered":"<p>La Oficina de Empleo informa que se encuentra abierta la inscripci\u00f3n al Curso de Acompa\u00f1ante Terap\u00e9utico, a realizarse en nuestra localidad, a partir del lunes 28 de julio, finalizando el 17 de noviembre. Los interesados deber\u00e1n preinscribirse en el siguiente link https:\/\/mintrabajoydl.neuquen.gob.ar\/&#8230;\/capacitacion&#8230; Para m\u00e1s consultas, comunicarse al WhatsApp de la Oficina, +5492944804989<\/p>\n","protected":false},"author":2,"featured_media":8232,"comment_status":"closed","ping_status":"open","sticky":false,"template":"","format":"standard","meta":{"footnotes":""},"categories":[1],"tags":[],"class_list":{"0":"post-8231","1":"post","2":"type-post","3":"status-publish","4":"format-standard","5":"has-post-thumbnail","7":"category-uncategorized"},"_links":{"self":[{"href":"https:\/\/prensa.sma.gob.ar\/index.php?rest_route=\/wp\/v2\/posts\/8231","targetHints":{"allow":["GET"]}}],"collection":[{"href":"https:\/\/prensa.sma.gob.ar\/index.php?rest_route=\/wp\/v2\/posts"}],"about":[{"href":"https:\/\/prensa.sma.gob.ar\/index.php?rest_route=\/wp\/v2\/types\/post"}],"author":[{"embeddable":true,"href":"https:\/\/prensa.sma.gob.ar\/index.php?rest_route=\/wp\/v2\/users\/2"}],"replies":[{"embeddable":true,"href":"https:\/\/prensa.sma.gob.ar\/index.php?rest_route=%2Fwp%2Fv2%2Fcomments&post=8231"}],"version-history":[{"count":1,"href":"https:\/\/prensa.sma.gob.ar\/index.php?rest_route=\/wp\/v2\/posts\/8231\/revisions"}],"predecessor-version":[{"id":8234,"href":"https:\/\/prensa.sma.gob.ar\/index.php?rest_route=\/wp\/v2\/posts\/8231\/revisions\/8234"}],"wp:featuredmedia":[{"embeddable":true,"href":"https:\/\/prensa.sma.gob.ar\/index.php?rest_route=\/wp\/v2\/media\/8232"}],"wp:attachment":[{"href":"https:\/\/prensa.sma.gob.ar\/index.php?rest_route=%2Fwp%2Fv2%2Fmedia&parent=8231"}],"wp:term":[{"taxonomy":"category","embeddable":true,"href":"https:\/\/prensa.sma.gob.ar\/index.php?rest_route=%2Fwp%2Fv2%2Fcategories&post=8231"},{"taxonomy":"post_tag","embeddable":true,"href":"https:\/\/prensa.sma.gob.ar\/index.php?rest_route=%2Fwp%2Fv2%2Ftags&post=8231"}],"curies":[{"name":"wp","href":"https:\/\/api.w.org\/{rel}","templated":true}]}}