{"id":827,"date":"2024-07-02T21:55:22","date_gmt":"2024-07-02T21:55:22","guid":{"rendered":"https:\/\/prensa.sma.gob.ar\/?p=827"},"modified":"2024-07-03T11:05:41","modified_gmt":"2024-07-03T11:05:41","slug":"cuadrillas-municipales-activas-durante-la-madrugada-de-este-martes","status":"publish","type":"post","link":"https:\/\/prensa.sma.gob.ar\/?p=827","title":{"rendered":"Cuadrillas activas durante la madrugada de este martes"},"content":{"rendered":"\n<p>Pasada la medianoche se activaron las guardias de Protecci\u00f3n Civil y de la Secretar\u00eda de Servicios P\u00fablicos del Municipio para atender varias emergencias que se produjeron durante las lluvias de las \u00faltimas horas.<\/p>\n\n\n\n<p>Una de las primeras salidas de la guardia de Protecci\u00f3n Civil fue para asistir con bomba de agua a una vivienda ubicada en 3 de Caballer\u00eda al 800, en momentos en que la lluvia era muy intensa en nuestra ciudad.<\/p>\n\n\n\n<figure class=\"wp-block-image size-large\"><img loading=\"lazy\" decoding=\"async\" width=\"1024\" height=\"576\" src=\"https:\/\/prensa.sma.gob.ar\/wp-content\/uploads\/2024\/07\/DEFENSA-CIVIL-6-1024x576.jpg\" alt=\"\" class=\"wp-image-829\" srcset=\"https:\/\/prensa.sma.gob.ar\/wp-content\/uploads\/2024\/07\/DEFENSA-CIVIL-6-1024x576.jpg 1024w, https:\/\/prensa.sma.gob.ar\/wp-content\/uploads\/2024\/07\/DEFENSA-CIVIL-6-300x169.jpg 300w, https:\/\/prensa.sma.gob.ar\/wp-content\/uploads\/2024\/07\/DEFENSA-CIVIL-6-768x432.jpg 768w, https:\/\/prensa.sma.gob.ar\/wp-content\/uploads\/2024\/07\/DEFENSA-CIVIL-6-747x420.jpg 747w, https:\/\/prensa.sma.gob.ar\/wp-content\/uploads\/2024\/07\/DEFENSA-CIVIL-6-696x392.jpg 696w, https:\/\/prensa.sma.gob.ar\/wp-content\/uploads\/2024\/07\/DEFENSA-CIVIL-6-1068x601.jpg 1068w, https:\/\/prensa.sma.gob.ar\/wp-content\/uploads\/2024\/07\/DEFENSA-CIVIL-6.jpg 1280w\" sizes=\"auto, (max-width: 1024px) 100vw, 1024px\" \/><\/figure>\n\n\n\n<p>Uno de los motivos fue la ca\u00edda de piedras en la zona de las 85 Viviendas, en Chacra 30. Una cuadrilla de Servicios P\u00fablicos trabaj\u00f3 en el lugar, donde se registraba una fuerte ca\u00edda de agua.<\/p>\n\n\n\n<figure class=\"wp-block-gallery has-nested-images columns-default is-cropped wp-block-gallery-1 is-layout-flex wp-block-gallery-is-layout-flex\">\n<figure class=\"wp-block-image size-large\"><img loading=\"lazy\" decoding=\"async\" width=\"1024\" height=\"576\" data-id=\"830\" src=\"https:\/\/prensa.sma.gob.ar\/wp-content\/uploads\/2024\/07\/DEFENSA-CIVIL-5-1024x576.jpg\" alt=\"\" class=\"wp-image-830\" srcset=\"https:\/\/prensa.sma.gob.ar\/wp-content\/uploads\/2024\/07\/DEFENSA-CIVIL-5-1024x576.jpg 1024w, https:\/\/prensa.sma.gob.ar\/wp-content\/uploads\/2024\/07\/DEFENSA-CIVIL-5-300x169.jpg 300w, https:\/\/prensa.sma.gob.ar\/wp-content\/uploads\/2024\/07\/DEFENSA-CIVIL-5-768x432.jpg 768w, https:\/\/prensa.sma.gob.ar\/wp-content\/uploads\/2024\/07\/DEFENSA-CIVIL-5-747x420.jpg 747w, https:\/\/prensa.sma.gob.ar\/wp-content\/uploads\/2024\/07\/DEFENSA-CIVIL-5-696x392.jpg 696w, https:\/\/prensa.sma.gob.ar\/wp-content\/uploads\/2024\/07\/DEFENSA-CIVIL-5-1068x601.jpg 1068w, https:\/\/prensa.sma.gob.ar\/wp-content\/uploads\/2024\/07\/DEFENSA-CIVIL-5.jpg 1280w\" sizes=\"auto, (max-width: 1024px) 100vw, 1024px\" \/><\/figure>\n<\/figure>\n\n\n\n<p>Tambi\u00e9n se report\u00f3 la entrada de agua a una vivienda por un arroyo desbordado, que activ\u00f3 a la guardia de Guardas Ambientales para asistir a la familia afectada.<\/p>\n\n\n\n<figure class=\"wp-block-image size-large\"><img loading=\"lazy\" decoding=\"async\" width=\"1024\" height=\"576\" src=\"https:\/\/prensa.sma.gob.ar\/wp-content\/uploads\/2024\/07\/DEFENSA-CIVIL-8-1024x576.jpg\" alt=\"\" class=\"wp-image-836\" srcset=\"https:\/\/prensa.sma.gob.ar\/wp-content\/uploads\/2024\/07\/DEFENSA-CIVIL-8-1024x576.jpg 1024w, https:\/\/prensa.sma.gob.ar\/wp-content\/uploads\/2024\/07\/DEFENSA-CIVIL-8-300x169.jpg 300w, https:\/\/prensa.sma.gob.ar\/wp-content\/uploads\/2024\/07\/DEFENSA-CIVIL-8-768x432.jpg 768w, https:\/\/prensa.sma.gob.ar\/wp-content\/uploads\/2024\/07\/DEFENSA-CIVIL-8-1536x864.jpg 1536w, https:\/\/prensa.sma.gob.ar\/wp-content\/uploads\/2024\/07\/DEFENSA-CIVIL-8-747x420.jpg 747w, https:\/\/prensa.sma.gob.ar\/wp-content\/uploads\/2024\/07\/DEFENSA-CIVIL-8-696x392.jpg 696w, https:\/\/prensa.sma.gob.ar\/wp-content\/uploads\/2024\/07\/DEFENSA-CIVIL-8-1068x601.jpg 1068w, https:\/\/prensa.sma.gob.ar\/wp-content\/uploads\/2024\/07\/DEFENSA-CIVIL-8.jpg 1600w\" sizes=\"auto, (max-width: 1024px) 100vw, 1024px\" \/><\/figure>\n\n\n\n<p>Tambi\u00e9n se trabaj\u00f3 en la esquina de Rodolfo G\u00f3mez y Quinquela Mart\u00edn, por anegamiento de una vivienda.<\/p>\n\n\n\n<figure class=\"wp-block-image size-large\"><img loading=\"lazy\" decoding=\"async\" width=\"1024\" height=\"576\" src=\"https:\/\/prensa.sma.gob.ar\/wp-content\/uploads\/2024\/07\/DEFENSA-CIVIL-9-1024x576.jpg\" alt=\"\" class=\"wp-image-832\" srcset=\"https:\/\/prensa.sma.gob.ar\/wp-content\/uploads\/2024\/07\/DEFENSA-CIVIL-9-1024x576.jpg 1024w, https:\/\/prensa.sma.gob.ar\/wp-content\/uploads\/2024\/07\/DEFENSA-CIVIL-9-300x169.jpg 300w, https:\/\/prensa.sma.gob.ar\/wp-content\/uploads\/2024\/07\/DEFENSA-CIVIL-9-768x432.jpg 768w, https:\/\/prensa.sma.gob.ar\/wp-content\/uploads\/2024\/07\/DEFENSA-CIVIL-9-1536x864.jpg 1536w, https:\/\/prensa.sma.gob.ar\/wp-content\/uploads\/2024\/07\/DEFENSA-CIVIL-9-747x420.jpg 747w, https:\/\/prensa.sma.gob.ar\/wp-content\/uploads\/2024\/07\/DEFENSA-CIVIL-9-696x392.jpg 696w, https:\/\/prensa.sma.gob.ar\/wp-content\/uploads\/2024\/07\/DEFENSA-CIVIL-9-1068x601.jpg 1068w, https:\/\/prensa.sma.gob.ar\/wp-content\/uploads\/2024\/07\/DEFENSA-CIVIL-9.jpg 1600w\" sizes=\"auto, (max-width: 1024px) 100vw, 1024px\" \/><\/figure>\n\n\n\n<p>Otro sitio en el que se trabaj\u00f3 durante la madrugada es en la cuesta Juez Quiroga, por un derrumbe con ca\u00eda de piedras sobre la calzada. Se se\u00f1alizo el lugar para que durante esta ma\u00f1ana personal de Hidr\u00e1ulica pueda trabajar y quitarlas.<\/p>\n\n\n\n<figure class=\"wp-block-image size-large\"><img loading=\"lazy\" decoding=\"async\" width=\"1024\" height=\"576\" src=\"https:\/\/prensa.sma.gob.ar\/wp-content\/uploads\/2024\/07\/DEFENSA-CIVIL-4-1024x576.jpg\" alt=\"\" class=\"wp-image-835\" srcset=\"https:\/\/prensa.sma.gob.ar\/wp-content\/uploads\/2024\/07\/DEFENSA-CIVIL-4-1024x576.jpg 1024w, https:\/\/prensa.sma.gob.ar\/wp-content\/uploads\/2024\/07\/DEFENSA-CIVIL-4-300x169.jpg 300w, https:\/\/prensa.sma.gob.ar\/wp-content\/uploads\/2024\/07\/DEFENSA-CIVIL-4-768x432.jpg 768w, https:\/\/prensa.sma.gob.ar\/wp-content\/uploads\/2024\/07\/DEFENSA-CIVIL-4-747x420.jpg 747w, https:\/\/prensa.sma.gob.ar\/wp-content\/uploads\/2024\/07\/DEFENSA-CIVIL-4-696x392.jpg 696w, https:\/\/prensa.sma.gob.ar\/wp-content\/uploads\/2024\/07\/DEFENSA-CIVIL-4-1068x601.jpg 1068w, https:\/\/prensa.sma.gob.ar\/wp-content\/uploads\/2024\/07\/DEFENSA-CIVIL-4.jpg 1280w\" sizes=\"auto, (max-width: 1024px) 100vw, 1024px\" \/><\/figure>\n\n\n\n<p>Personal de Protecci\u00f3n Civil trabaj\u00f3 en el camino Array\u00e1n debido al desborde de una cascada que provoc\u00f3 el ingreso de agua en viviendas de la zona.<\/p>\n\n\n\n<figure class=\"wp-block-image size-large\"><img loading=\"lazy\" decoding=\"async\" width=\"1024\" height=\"576\" src=\"https:\/\/prensa.sma.gob.ar\/wp-content\/uploads\/2024\/07\/DEFENSA-CIVIL-2-1-1024x576.jpg\" alt=\"\" class=\"wp-image-837\" srcset=\"https:\/\/prensa.sma.gob.ar\/wp-content\/uploads\/2024\/07\/DEFENSA-CIVIL-2-1-1024x576.jpg 1024w, https:\/\/prensa.sma.gob.ar\/wp-content\/uploads\/2024\/07\/DEFENSA-CIVIL-2-1-300x169.jpg 300w, https:\/\/prensa.sma.gob.ar\/wp-content\/uploads\/2024\/07\/DEFENSA-CIVIL-2-1-768x432.jpg 768w, https:\/\/prensa.sma.gob.ar\/wp-content\/uploads\/2024\/07\/DEFENSA-CIVIL-2-1-747x420.jpg 747w, https:\/\/prensa.sma.gob.ar\/wp-content\/uploads\/2024\/07\/DEFENSA-CIVIL-2-1-696x392.jpg 696w, https:\/\/prensa.sma.gob.ar\/wp-content\/uploads\/2024\/07\/DEFENSA-CIVIL-2-1-1068x601.jpg 1068w, https:\/\/prensa.sma.gob.ar\/wp-content\/uploads\/2024\/07\/DEFENSA-CIVIL-2-1.jpg 1280w\" sizes=\"auto, (max-width: 1024px) 100vw, 1024px\" \/><\/figure>\n\n\n\n<p>Tambi\u00e9n el personal de Protecci\u00f3n Civil se traslad\u00f3 para asistir a una unidad del transporte urbano que hab\u00eda ca\u00eddo a la banquina en el camino Array\u00e1n.<\/p>\n\n\n\n<figure class=\"wp-block-image size-large\"><img loading=\"lazy\" decoding=\"async\" width=\"1024\" height=\"576\" src=\"https:\/\/prensa.sma.gob.ar\/wp-content\/uploads\/2024\/07\/DEFENSA-CIVIL1-1024x576.jpg\" alt=\"\" class=\"wp-image-833\" srcset=\"https:\/\/prensa.sma.gob.ar\/wp-content\/uploads\/2024\/07\/DEFENSA-CIVIL1-1024x576.jpg 1024w, https:\/\/prensa.sma.gob.ar\/wp-content\/uploads\/2024\/07\/DEFENSA-CIVIL1-300x169.jpg 300w, https:\/\/prensa.sma.gob.ar\/wp-content\/uploads\/2024\/07\/DEFENSA-CIVIL1-768x432.jpg 768w, https:\/\/prensa.sma.gob.ar\/wp-content\/uploads\/2024\/07\/DEFENSA-CIVIL1-747x420.jpg 747w, https:\/\/prensa.sma.gob.ar\/wp-content\/uploads\/2024\/07\/DEFENSA-CIVIL1-696x392.jpg 696w, https:\/\/prensa.sma.gob.ar\/wp-content\/uploads\/2024\/07\/DEFENSA-CIVIL1-1068x601.jpg 1068w, https:\/\/prensa.sma.gob.ar\/wp-content\/uploads\/2024\/07\/DEFENSA-CIVIL1.jpg 1280w\" sizes=\"auto, (max-width: 1024px) 100vw, 1024px\" \/><\/figure>\n","protected":false},"excerpt":{"rendered":"<p>Pasada la medianoche se activaron las guardias de Protecci\u00f3n Civil y de la Secretar\u00eda de Servicios P\u00fablicos del Municipio para atender varias emergencias que se produjeron durante las lluvias de las \u00faltimas horas. Una de las primeras salidas de la guardia de Protecci\u00f3n Civil fue para asistir con bomba de agua a una vivienda ubicada [&hellip;]<\/p>\n","protected":false},"author":1,"featured_media":828,"comment_status":"open","ping_status":"open","sticky":false,"template":"","format":"standard","meta":{"footnotes":""},"categories":[16,14],"tags":[],"class_list":{"0":"post-827","1":"post","2":"type-post","3":"status-publish","4":"format-standard","5":"has-post-thumbnail","7":"category-destacadas","8":"category-noticias"},"_links":{"self":[{"href":"https:\/\/prensa.sma.gob.ar\/index.php?rest_route=\/wp\/v2\/posts\/827","targetHints":{"allow":["GET"]}}],"collection":[{"href":"https:\/\/prensa.sma.gob.ar\/index.php?rest_route=\/wp\/v2\/posts"}],"about":[{"href":"https:\/\/prensa.sma.gob.ar\/index.php?rest_route=\/wp\/v2\/types\/post"}],"author":[{"embeddable":true,"href":"https:\/\/prensa.sma.gob.ar\/index.php?rest_route=\/wp\/v2\/users\/1"}],"replies":[{"embeddable":true,"href":"https:\/\/prensa.sma.gob.ar\/index.php?rest_route=%2Fwp%2Fv2%2Fcomments&post=827"}],"version-history":[{"count":2,"href":"https:\/\/prensa.sma.gob.ar\/index.php?rest_route=\/wp\/v2\/posts\/827\/revisions"}],"predecessor-version":[{"id":863,"href":"https:\/\/prensa.sma.gob.ar\/index.php?rest_route=\/wp\/v2\/posts\/827\/revisions\/863"}],"wp:featuredmedia":[{"embeddable":true,"href":"https:\/\/prensa.sma.gob.ar\/index.php?rest_route=\/wp\/v2\/media\/828"}],"wp:attachment":[{"href":"https:\/\/prensa.sma.gob.ar\/index.php?rest_route=%2Fwp%2Fv2%2Fmedia&parent=827"}],"wp:term":[{"taxonomy":"category","embeddable":true,"href":"https:\/\/prensa.sma.gob.ar\/index.php?rest_route=%2Fwp%2Fv2%2Fcategories&post=827"},{"taxonomy":"post_tag","embeddable":true,"href":"https:\/\/prensa.sma.gob.ar\/index.php?rest_route=%2Fwp%2Fv2%2Ftags&post=827"}],"curies":[{"name":"wp","href":"https:\/\/api.w.org\/{rel}","templated":true}]}}