{"id":8308,"date":"2025-07-09T15:25:58","date_gmt":"2025-07-09T15:25:58","guid":{"rendered":"https:\/\/prensa.sma.gob.ar\/?p=8308"},"modified":"2025-07-11T16:34:22","modified_gmt":"2025-07-11T16:34:22","slug":"cesma-presentan-en-san-martin-de-los-andes-un-modelo-de-central-de-emergencias","status":"publish","type":"post","link":"https:\/\/prensa.sma.gob.ar\/?p=8308","title":{"rendered":"CESMA: Presentan en San Mart\u00edn de los Andes un modelo de Central de Emergencias"},"content":{"rendered":"\n<p>Este viernes 11 de julio, San Mart\u00edn de los Andes ser\u00e1 sede de la presentaci\u00f3n del Master Plan CESMA 2025\u20132040, una iniciativa pionera que busca profesionalizar la gesti\u00f3n de emergencias en localidades del interior del pa\u00eds, con tecnolog\u00eda de punta, articulaci\u00f3n ciudadana y protocolos de nivel internacional.<\/p>\n\n\n\n<p>CESMA (Central de Emergencias San Mart\u00edn de los Andes) es mucho m\u00e1s que un edificio o una l\u00ednea 911: es un modelo de gesti\u00f3n integral que ya est\u00e1 se pone en marcha y que incluye:<\/p>\n\n\n\n<p>Plataforma E-911 inteligente con localizaci\u00f3n y despacho en tiempo real.<\/p>\n\n\n\n<p>Protocolos de crisis, respuesta multiagencial y atenci\u00f3n comunitaria.<\/p>\n\n\n\n<p>Capacitaci\u00f3n permanente para operadores, t\u00e9cnicos y comunidad.<\/p>\n\n\n\n<p>Incorporaci\u00f3n del programa \u2018Ojos en Alerta\u2019, que permite a los vecinos denunciar situaciones sospechosas en tiempo real desde su celular.<\/p>\n\n\n\n<p>Articulaci\u00f3n binacional y proyecci\u00f3n regional (Jun\u00edn de los Andes, Villa La Angostura, Villa Traful).<\/p>\n\n\n\n<p>Impulsado por un grupo de ciudadanos con acompa\u00f1amiento municipal y provincial, CESMA derriba el mito de que un sistema de emergencias de alto nivel solo puede funcionar en Buenos Aires: cuando hay voluntad, compromiso y profesionalismo, todo municipio puede lograrlo.<\/p>\n\n\n\n<p>Facundo Arana, quien acompa\u00f1a la difusi\u00f3n del proyecto, lo resumi\u00f3 as\u00ed:<\/p>\n\n\n\n<p>\u00abEsto es lo que pasa cuando el dolor no paraliza, sino que impulsa. CESMA no es un plan, es una respuesta. Ya est\u00e1 funcionando, y es un faro para muchas ciudades del pa\u00eds.\u00bb<\/p>\n\n\n\n<p>Durante la jornada se presentar\u00e1 el plan completo, con referentes t\u00e9cnicos, funcionarios, empresarios, medios y representantes de distintas provincias y el creador del 112 de Madrid.<\/p>\n\n\n\n<p>PRESENTACI\u00d3N MASTER PLAN CESMA 2025\u20132040<\/p>\n\n\n\n<p>\ud83d\udccd Loi Suites Chapelco Hotel, San Mart\u00edn de los Andes<\/p>\n\n\n\n<p>\ud83d\uddd3 Viernes 11 de julio | 9 a 17 h<\/p>\n\n\n\n<p>\ud83d\udcf2 Instagram: @centralemergenciasma<\/p>\n\n\n\n<p>\ud83d\udcde Contacto: 11 6458 9562<\/p>\n\n\n\n<p>\ud83d\udce9&nbsp;<a href=\"mailto:centralemergenciassma@gmail.com\" target=\"_blank\" rel=\"noreferrer noopener\">centralemergenciassma@gmail.com<\/a><\/p>\n","protected":false},"excerpt":{"rendered":"<p>Este viernes 11 de julio, San Mart\u00edn de los Andes ser\u00e1 sede de la presentaci\u00f3n del Master Plan CESMA 2025\u20132040, una iniciativa pionera que busca profesionalizar la gesti\u00f3n de emergencias en localidades del interior del pa\u00eds, con tecnolog\u00eda de punta, articulaci\u00f3n ciudadana y protocolos de nivel internacional. CESMA (Central de Emergencias San Mart\u00edn de los [&hellip;]<\/p>\n","protected":false},"author":2,"featured_media":8310,"comment_status":"closed","ping_status":"open","sticky":false,"template":"","format":"standard","meta":{"footnotes":""},"categories":[16,14],"tags":[],"class_list":{"0":"post-8308","1":"post","2":"type-post","3":"status-publish","4":"format-standard","5":"has-post-thumbnail","7":"category-destacadas","8":"category-noticias"},"_links":{"self":[{"href":"https:\/\/prensa.sma.gob.ar\/index.php?rest_route=\/wp\/v2\/posts\/8308","targetHints":{"allow":["GET"]}}],"collection":[{"href":"https:\/\/prensa.sma.gob.ar\/index.php?rest_route=\/wp\/v2\/posts"}],"about":[{"href":"https:\/\/prensa.sma.gob.ar\/index.php?rest_route=\/wp\/v2\/types\/post"}],"author":[{"embeddable":true,"href":"https:\/\/prensa.sma.gob.ar\/index.php?rest_route=\/wp\/v2\/users\/2"}],"replies":[{"embeddable":true,"href":"https:\/\/prensa.sma.gob.ar\/index.php?rest_route=%2Fwp%2Fv2%2Fcomments&post=8308"}],"version-history":[{"count":1,"href":"https:\/\/prensa.sma.gob.ar\/index.php?rest_route=\/wp\/v2\/posts\/8308\/revisions"}],"predecessor-version":[{"id":8311,"href":"https:\/\/prensa.sma.gob.ar\/index.php?rest_route=\/wp\/v2\/posts\/8308\/revisions\/8311"}],"wp:featuredmedia":[{"embeddable":true,"href":"https:\/\/prensa.sma.gob.ar\/index.php?rest_route=\/wp\/v2\/media\/8310"}],"wp:attachment":[{"href":"https:\/\/prensa.sma.gob.ar\/index.php?rest_route=%2Fwp%2Fv2%2Fmedia&parent=8308"}],"wp:term":[{"taxonomy":"category","embeddable":true,"href":"https:\/\/prensa.sma.gob.ar\/index.php?rest_route=%2Fwp%2Fv2%2Fcategories&post=8308"},{"taxonomy":"post_tag","embeddable":true,"href":"https:\/\/prensa.sma.gob.ar\/index.php?rest_route=%2Fwp%2Fv2%2Ftags&post=8308"}],"curies":[{"name":"wp","href":"https:\/\/api.w.org\/{rel}","templated":true}]}}