{"id":8312,"date":"2025-07-11T16:31:45","date_gmt":"2025-07-11T16:31:45","guid":{"rendered":"https:\/\/prensa.sma.gob.ar\/?p=8312"},"modified":"2025-07-11T16:36:00","modified_gmt":"2025-07-11T16:36:00","slug":"reunion-de-instituciones-del-c-o-e-m-con-periodistas-de-san-martin-de-los-andes","status":"publish","type":"post","link":"https:\/\/prensa.sma.gob.ar\/?p=8312","title":{"rendered":"Reuni\u00f3n de instituciones del C.O.E.M. con periodistas de San Mart\u00edn de los Andes"},"content":{"rendered":"\n<p>Este jueves se realiz\u00f3 en el Sal\u00f3n Municipal una reuni\u00f3n de la que participaron responsables de las diferentes instituciones que intervienen en el Comit\u00e9 Operativo de Emergencia Municipal (C.O.E.M.) con periodistas de nuestra ciudad.<\/p>\n\n\n\n<p>El encuentro surgi\u00f3 de la \u00faltima reuni\u00f3n del C.O.E.M., de la que participaron representantes de instituciones nacionales, provinciales y municipales. Fue coordinado por las \u00e1reas de Prensa del Municipio y del Parque Nacional Lanin.<\/p>\n\n\n\n<p>La reuni\u00f3n permiti\u00f3 reafirmar la importancia del manejo de la informaci\u00f3n oficial, mejorar los canales de comunicaci\u00f3n y ratificar del rol de los medios de prensa ante situaciones de emergencia.<\/p>\n\n\n\n<p>Del intercambio de preguntas, respuestas, opiniones y sugerencias se gener\u00f3 un clima que ratific\u00f3 el objetivo primario de las instituciones y la prensa es acercar informaci\u00f3n de primera mano a a la comunidad.<\/p>\n\n\n\n<p>Del encuentro participaron integrantes de Protecci\u00f3n Civil, de Seguridad Ciudadana y de Tr\u00e1nsito y Transporte del Municipio, de Vialidad Nacional, de Vialidad Provincial, Gendarmer\u00eda Nacional, Polic\u00eda del Neuqu\u00e9n, Bomberos, Polic\u00eda Federal y del Parque Nacional Lanin.<\/p>\n\n\n\n<p>La reuni\u00f3n sirvi\u00f3, adem\u00e1s, para reafirmar el respeto personal y profesional como eslab\u00f3n imprescindible para el \u00e9xito de la labor cotidiana tanto de las y los trabajadores de Prensa como de las instituciones.<\/p>\n\n\n\n<figure class=\"wp-block-gallery has-nested-images columns-default is-cropped wp-block-gallery-1 is-layout-flex wp-block-gallery-is-layout-flex\">\n<figure class=\"wp-block-image size-large\"><img loading=\"lazy\" decoding=\"async\" width=\"1024\" height=\"568\" data-id=\"8314\" src=\"https:\/\/prensa.sma.gob.ar\/wp-content\/uploads\/2025\/07\/IMG-20250710-WA01671-1024x568.jpg\" alt=\"\" class=\"wp-image-8314\" srcset=\"https:\/\/prensa.sma.gob.ar\/wp-content\/uploads\/2025\/07\/IMG-20250710-WA01671-1024x568.jpg 1024w, https:\/\/prensa.sma.gob.ar\/wp-content\/uploads\/2025\/07\/IMG-20250710-WA01671-300x166.jpg 300w, https:\/\/prensa.sma.gob.ar\/wp-content\/uploads\/2025\/07\/IMG-20250710-WA01671-768x426.jpg 768w, https:\/\/prensa.sma.gob.ar\/wp-content\/uploads\/2025\/07\/IMG-20250710-WA01671-1536x852.jpg 1536w, https:\/\/prensa.sma.gob.ar\/wp-content\/uploads\/2025\/07\/IMG-20250710-WA01671-758x420.jpg 758w, https:\/\/prensa.sma.gob.ar\/wp-content\/uploads\/2025\/07\/IMG-20250710-WA01671-696x386.jpg 696w, https:\/\/prensa.sma.gob.ar\/wp-content\/uploads\/2025\/07\/IMG-20250710-WA01671-1068x592.jpg 1068w, https:\/\/prensa.sma.gob.ar\/wp-content\/uploads\/2025\/07\/IMG-20250710-WA01671.jpg 1600w\" sizes=\"auto, (max-width: 1024px) 100vw, 1024px\" \/><\/figure>\n\n\n\n<figure class=\"wp-block-image size-large\"><img loading=\"lazy\" decoding=\"async\" width=\"1024\" height=\"576\" data-id=\"8315\" src=\"https:\/\/prensa.sma.gob.ar\/wp-content\/uploads\/2025\/07\/IMG-20250710-WA01661-1024x576.jpg\" alt=\"\" class=\"wp-image-8315\" srcset=\"https:\/\/prensa.sma.gob.ar\/wp-content\/uploads\/2025\/07\/IMG-20250710-WA01661-1024x576.jpg 1024w, https:\/\/prensa.sma.gob.ar\/wp-content\/uploads\/2025\/07\/IMG-20250710-WA01661-300x169.jpg 300w, https:\/\/prensa.sma.gob.ar\/wp-content\/uploads\/2025\/07\/IMG-20250710-WA01661-768x432.jpg 768w, https:\/\/prensa.sma.gob.ar\/wp-content\/uploads\/2025\/07\/IMG-20250710-WA01661-1536x864.jpg 1536w, https:\/\/prensa.sma.gob.ar\/wp-content\/uploads\/2025\/07\/IMG-20250710-WA01661-747x420.jpg 747w, https:\/\/prensa.sma.gob.ar\/wp-content\/uploads\/2025\/07\/IMG-20250710-WA01661-696x392.jpg 696w, https:\/\/prensa.sma.gob.ar\/wp-content\/uploads\/2025\/07\/IMG-20250710-WA01661-1068x601.jpg 1068w, https:\/\/prensa.sma.gob.ar\/wp-content\/uploads\/2025\/07\/IMG-20250710-WA01661.jpg 1600w\" sizes=\"auto, (max-width: 1024px) 100vw, 1024px\" \/><\/figure>\n\n\n\n<figure class=\"wp-block-image size-large\"><img loading=\"lazy\" decoding=\"async\" width=\"1024\" height=\"576\" data-id=\"8316\" src=\"https:\/\/prensa.sma.gob.ar\/wp-content\/uploads\/2025\/07\/IMG-20250710-WA0161-1024x576.jpg\" alt=\"\" class=\"wp-image-8316\" srcset=\"https:\/\/prensa.sma.gob.ar\/wp-content\/uploads\/2025\/07\/IMG-20250710-WA0161-1024x576.jpg 1024w, https:\/\/prensa.sma.gob.ar\/wp-content\/uploads\/2025\/07\/IMG-20250710-WA0161-300x169.jpg 300w, https:\/\/prensa.sma.gob.ar\/wp-content\/uploads\/2025\/07\/IMG-20250710-WA0161-768x432.jpg 768w, https:\/\/prensa.sma.gob.ar\/wp-content\/uploads\/2025\/07\/IMG-20250710-WA0161-1536x864.jpg 1536w, https:\/\/prensa.sma.gob.ar\/wp-content\/uploads\/2025\/07\/IMG-20250710-WA0161-747x420.jpg 747w, https:\/\/prensa.sma.gob.ar\/wp-content\/uploads\/2025\/07\/IMG-20250710-WA0161-696x392.jpg 696w, https:\/\/prensa.sma.gob.ar\/wp-content\/uploads\/2025\/07\/IMG-20250710-WA0161-1068x601.jpg 1068w, https:\/\/prensa.sma.gob.ar\/wp-content\/uploads\/2025\/07\/IMG-20250710-WA0161.jpg 1600w\" sizes=\"auto, (max-width: 1024px) 100vw, 1024px\" \/><\/figure>\n\n\n\n<figure class=\"wp-block-image size-large\"><img loading=\"lazy\" decoding=\"async\" width=\"1024\" height=\"576\" data-id=\"8317\" src=\"https:\/\/prensa.sma.gob.ar\/wp-content\/uploads\/2025\/07\/IMG-20250710-WA01651-1024x576.jpg\" alt=\"\" class=\"wp-image-8317\" srcset=\"https:\/\/prensa.sma.gob.ar\/wp-content\/uploads\/2025\/07\/IMG-20250710-WA01651-1024x576.jpg 1024w, https:\/\/prensa.sma.gob.ar\/wp-content\/uploads\/2025\/07\/IMG-20250710-WA01651-300x169.jpg 300w, https:\/\/prensa.sma.gob.ar\/wp-content\/uploads\/2025\/07\/IMG-20250710-WA01651-768x432.jpg 768w, https:\/\/prensa.sma.gob.ar\/wp-content\/uploads\/2025\/07\/IMG-20250710-WA01651-1536x864.jpg 1536w, https:\/\/prensa.sma.gob.ar\/wp-content\/uploads\/2025\/07\/IMG-20250710-WA01651-747x420.jpg 747w, https:\/\/prensa.sma.gob.ar\/wp-content\/uploads\/2025\/07\/IMG-20250710-WA01651-696x392.jpg 696w, https:\/\/prensa.sma.gob.ar\/wp-content\/uploads\/2025\/07\/IMG-20250710-WA01651-1068x601.jpg 1068w, https:\/\/prensa.sma.gob.ar\/wp-content\/uploads\/2025\/07\/IMG-20250710-WA01651.jpg 1600w\" sizes=\"auto, (max-width: 1024px) 100vw, 1024px\" \/><\/figure>\n\n\n\n<figure class=\"wp-block-image size-large\"><img loading=\"lazy\" decoding=\"async\" width=\"1024\" height=\"633\" data-id=\"8318\" src=\"https:\/\/prensa.sma.gob.ar\/wp-content\/uploads\/2025\/07\/IMG-20250710-WA0159-1024x633.jpg\" alt=\"\" class=\"wp-image-8318\" srcset=\"https:\/\/prensa.sma.gob.ar\/wp-content\/uploads\/2025\/07\/IMG-20250710-WA0159-1024x633.jpg 1024w, https:\/\/prensa.sma.gob.ar\/wp-content\/uploads\/2025\/07\/IMG-20250710-WA0159-300x185.jpg 300w, https:\/\/prensa.sma.gob.ar\/wp-content\/uploads\/2025\/07\/IMG-20250710-WA0159-768x475.jpg 768w, https:\/\/prensa.sma.gob.ar\/wp-content\/uploads\/2025\/07\/IMG-20250710-WA0159-1536x949.jpg 1536w, https:\/\/prensa.sma.gob.ar\/wp-content\/uploads\/2025\/07\/IMG-20250710-WA0159-679x420.jpg 679w, https:\/\/prensa.sma.gob.ar\/wp-content\/uploads\/2025\/07\/IMG-20250710-WA0159-696x430.jpg 696w, https:\/\/prensa.sma.gob.ar\/wp-content\/uploads\/2025\/07\/IMG-20250710-WA0159-1068x660.jpg 1068w, https:\/\/prensa.sma.gob.ar\/wp-content\/uploads\/2025\/07\/IMG-20250710-WA0159.jpg 1600w\" sizes=\"auto, (max-width: 1024px) 100vw, 1024px\" \/><\/figure>\n\n\n\n<figure class=\"wp-block-image size-large\"><img loading=\"lazy\" decoding=\"async\" width=\"1024\" height=\"603\" data-id=\"8319\" src=\"https:\/\/prensa.sma.gob.ar\/wp-content\/uploads\/2025\/07\/IMG-20250710-WA0164-1024x603.jpg\" alt=\"\" class=\"wp-image-8319\" srcset=\"https:\/\/prensa.sma.gob.ar\/wp-content\/uploads\/2025\/07\/IMG-20250710-WA0164-1024x603.jpg 1024w, https:\/\/prensa.sma.gob.ar\/wp-content\/uploads\/2025\/07\/IMG-20250710-WA0164-300x177.jpg 300w, https:\/\/prensa.sma.gob.ar\/wp-content\/uploads\/2025\/07\/IMG-20250710-WA0164-768x452.jpg 768w, https:\/\/prensa.sma.gob.ar\/wp-content\/uploads\/2025\/07\/IMG-20250710-WA0164-1536x904.jpg 1536w, https:\/\/prensa.sma.gob.ar\/wp-content\/uploads\/2025\/07\/IMG-20250710-WA0164-713x420.jpg 713w, https:\/\/prensa.sma.gob.ar\/wp-content\/uploads\/2025\/07\/IMG-20250710-WA0164-696x410.jpg 696w, https:\/\/prensa.sma.gob.ar\/wp-content\/uploads\/2025\/07\/IMG-20250710-WA0164-1068x629.jpg 1068w, https:\/\/prensa.sma.gob.ar\/wp-content\/uploads\/2025\/07\/IMG-20250710-WA0164.jpg 1600w\" sizes=\"auto, (max-width: 1024px) 100vw, 1024px\" \/><\/figure>\n\n\n\n<figure class=\"wp-block-image size-large\"><img loading=\"lazy\" decoding=\"async\" width=\"1024\" height=\"576\" data-id=\"8320\" src=\"https:\/\/prensa.sma.gob.ar\/wp-content\/uploads\/2025\/07\/IMG-20250710-WA01631-1024x576.jpg\" alt=\"\" class=\"wp-image-8320\" srcset=\"https:\/\/prensa.sma.gob.ar\/wp-content\/uploads\/2025\/07\/IMG-20250710-WA01631-1024x576.jpg 1024w, https:\/\/prensa.sma.gob.ar\/wp-content\/uploads\/2025\/07\/IMG-20250710-WA01631-300x169.jpg 300w, https:\/\/prensa.sma.gob.ar\/wp-content\/uploads\/2025\/07\/IMG-20250710-WA01631-768x432.jpg 768w, https:\/\/prensa.sma.gob.ar\/wp-content\/uploads\/2025\/07\/IMG-20250710-WA01631-1536x864.jpg 1536w, https:\/\/prensa.sma.gob.ar\/wp-content\/uploads\/2025\/07\/IMG-20250710-WA01631-747x420.jpg 747w, https:\/\/prensa.sma.gob.ar\/wp-content\/uploads\/2025\/07\/IMG-20250710-WA01631-696x392.jpg 696w, https:\/\/prensa.sma.gob.ar\/wp-content\/uploads\/2025\/07\/IMG-20250710-WA01631-1068x601.jpg 1068w, https:\/\/prensa.sma.gob.ar\/wp-content\/uploads\/2025\/07\/IMG-20250710-WA01631.jpg 1600w\" sizes=\"auto, (max-width: 1024px) 100vw, 1024px\" \/><\/figure>\n\n\n\n<figure class=\"wp-block-image size-large\"><img loading=\"lazy\" decoding=\"async\" width=\"1024\" height=\"579\" data-id=\"8321\" src=\"https:\/\/prensa.sma.gob.ar\/wp-content\/uploads\/2025\/07\/IMG-20250710-WA0162-1024x579.jpg\" alt=\"\" class=\"wp-image-8321\" srcset=\"https:\/\/prensa.sma.gob.ar\/wp-content\/uploads\/2025\/07\/IMG-20250710-WA0162-1024x579.jpg 1024w, https:\/\/prensa.sma.gob.ar\/wp-content\/uploads\/2025\/07\/IMG-20250710-WA0162-300x170.jpg 300w, https:\/\/prensa.sma.gob.ar\/wp-content\/uploads\/2025\/07\/IMG-20250710-WA0162-768x434.jpg 768w, https:\/\/prensa.sma.gob.ar\/wp-content\/uploads\/2025\/07\/IMG-20250710-WA0162-1536x869.jpg 1536w, https:\/\/prensa.sma.gob.ar\/wp-content\/uploads\/2025\/07\/IMG-20250710-WA0162-743x420.jpg 743w, https:\/\/prensa.sma.gob.ar\/wp-content\/uploads\/2025\/07\/IMG-20250710-WA0162-696x394.jpg 696w, https:\/\/prensa.sma.gob.ar\/wp-content\/uploads\/2025\/07\/IMG-20250710-WA0162-1068x604.jpg 1068w, https:\/\/prensa.sma.gob.ar\/wp-content\/uploads\/2025\/07\/IMG-20250710-WA0162.jpg 1600w\" sizes=\"auto, (max-width: 1024px) 100vw, 1024px\" \/><\/figure>\n\n\n\n<figure class=\"wp-block-image size-large\"><img loading=\"lazy\" decoding=\"async\" width=\"1024\" height=\"576\" data-id=\"8322\" src=\"https:\/\/prensa.sma.gob.ar\/wp-content\/uploads\/2025\/07\/IMG-20250710-WA01601-1024x576.jpg\" alt=\"\" class=\"wp-image-8322\" srcset=\"https:\/\/prensa.sma.gob.ar\/wp-content\/uploads\/2025\/07\/IMG-20250710-WA01601-1024x576.jpg 1024w, https:\/\/prensa.sma.gob.ar\/wp-content\/uploads\/2025\/07\/IMG-20250710-WA01601-300x169.jpg 300w, https:\/\/prensa.sma.gob.ar\/wp-content\/uploads\/2025\/07\/IMG-20250710-WA01601-768x432.jpg 768w, https:\/\/prensa.sma.gob.ar\/wp-content\/uploads\/2025\/07\/IMG-20250710-WA01601-1536x864.jpg 1536w, https:\/\/prensa.sma.gob.ar\/wp-content\/uploads\/2025\/07\/IMG-20250710-WA01601-747x420.jpg 747w, https:\/\/prensa.sma.gob.ar\/wp-content\/uploads\/2025\/07\/IMG-20250710-WA01601-696x392.jpg 696w, https:\/\/prensa.sma.gob.ar\/wp-content\/uploads\/2025\/07\/IMG-20250710-WA01601-1068x601.jpg 1068w, https:\/\/prensa.sma.gob.ar\/wp-content\/uploads\/2025\/07\/IMG-20250710-WA01601.jpg 1600w\" sizes=\"auto, (max-width: 1024px) 100vw, 1024px\" \/><\/figure>\n\n\n\n<figure class=\"wp-block-image size-large\"><img loading=\"lazy\" decoding=\"async\" width=\"1024\" height=\"603\" data-id=\"8323\" src=\"https:\/\/prensa.sma.gob.ar\/wp-content\/uploads\/2025\/07\/IMG-20250710-WA0158-1024x603.jpg\" alt=\"\" class=\"wp-image-8323\" srcset=\"https:\/\/prensa.sma.gob.ar\/wp-content\/uploads\/2025\/07\/IMG-20250710-WA0158-1024x603.jpg 1024w, https:\/\/prensa.sma.gob.ar\/wp-content\/uploads\/2025\/07\/IMG-20250710-WA0158-300x177.jpg 300w, https:\/\/prensa.sma.gob.ar\/wp-content\/uploads\/2025\/07\/IMG-20250710-WA0158-768x452.jpg 768w, https:\/\/prensa.sma.gob.ar\/wp-content\/uploads\/2025\/07\/IMG-20250710-WA0158-1536x904.jpg 1536w, https:\/\/prensa.sma.gob.ar\/wp-content\/uploads\/2025\/07\/IMG-20250710-WA0158-713x420.jpg 713w, https:\/\/prensa.sma.gob.ar\/wp-content\/uploads\/2025\/07\/IMG-20250710-WA0158-696x410.jpg 696w, https:\/\/prensa.sma.gob.ar\/wp-content\/uploads\/2025\/07\/IMG-20250710-WA0158-1068x629.jpg 1068w, https:\/\/prensa.sma.gob.ar\/wp-content\/uploads\/2025\/07\/IMG-20250710-WA0158.jpg 1600w\" sizes=\"auto, (max-width: 1024px) 100vw, 1024px\" \/><\/figure>\n\n\n\n<figure class=\"wp-block-image size-large\"><img loading=\"lazy\" decoding=\"async\" width=\"1024\" height=\"576\" data-id=\"8324\" src=\"https:\/\/prensa.sma.gob.ar\/wp-content\/uploads\/2025\/07\/IMG-20250710-WA01571-1024x576.jpg\" alt=\"\" class=\"wp-image-8324\" srcset=\"https:\/\/prensa.sma.gob.ar\/wp-content\/uploads\/2025\/07\/IMG-20250710-WA01571-1024x576.jpg 1024w, https:\/\/prensa.sma.gob.ar\/wp-content\/uploads\/2025\/07\/IMG-20250710-WA01571-300x169.jpg 300w, https:\/\/prensa.sma.gob.ar\/wp-content\/uploads\/2025\/07\/IMG-20250710-WA01571-768x432.jpg 768w, https:\/\/prensa.sma.gob.ar\/wp-content\/uploads\/2025\/07\/IMG-20250710-WA01571-1536x864.jpg 1536w, https:\/\/prensa.sma.gob.ar\/wp-content\/uploads\/2025\/07\/IMG-20250710-WA01571-747x420.jpg 747w, https:\/\/prensa.sma.gob.ar\/wp-content\/uploads\/2025\/07\/IMG-20250710-WA01571-696x392.jpg 696w, https:\/\/prensa.sma.gob.ar\/wp-content\/uploads\/2025\/07\/IMG-20250710-WA01571-1068x601.jpg 1068w, https:\/\/prensa.sma.gob.ar\/wp-content\/uploads\/2025\/07\/IMG-20250710-WA01571.jpg 1600w\" sizes=\"auto, (max-width: 1024px) 100vw, 1024px\" \/><\/figure>\n\n\n\n<figure class=\"wp-block-image size-large\"><img loading=\"lazy\" decoding=\"async\" width=\"1024\" height=\"576\" data-id=\"8325\" src=\"https:\/\/prensa.sma.gob.ar\/wp-content\/uploads\/2025\/07\/IMG-20250710-WA0156-1024x576.jpg\" alt=\"\" class=\"wp-image-8325\" srcset=\"https:\/\/prensa.sma.gob.ar\/wp-content\/uploads\/2025\/07\/IMG-20250710-WA0156-1024x576.jpg 1024w, https:\/\/prensa.sma.gob.ar\/wp-content\/uploads\/2025\/07\/IMG-20250710-WA0156-300x169.jpg 300w, https:\/\/prensa.sma.gob.ar\/wp-content\/uploads\/2025\/07\/IMG-20250710-WA0156-768x432.jpg 768w, https:\/\/prensa.sma.gob.ar\/wp-content\/uploads\/2025\/07\/IMG-20250710-WA0156-1536x864.jpg 1536w, https:\/\/prensa.sma.gob.ar\/wp-content\/uploads\/2025\/07\/IMG-20250710-WA0156-747x420.jpg 747w, https:\/\/prensa.sma.gob.ar\/wp-content\/uploads\/2025\/07\/IMG-20250710-WA0156-696x392.jpg 696w, https:\/\/prensa.sma.gob.ar\/wp-content\/uploads\/2025\/07\/IMG-20250710-WA0156-1068x601.jpg 1068w, https:\/\/prensa.sma.gob.ar\/wp-content\/uploads\/2025\/07\/IMG-20250710-WA0156.jpg 1600w\" sizes=\"auto, (max-width: 1024px) 100vw, 1024px\" \/><\/figure>\n\n\n\n<figure class=\"wp-block-image size-large\"><img loading=\"lazy\" decoding=\"async\" width=\"1024\" height=\"576\" data-id=\"8326\" src=\"https:\/\/prensa.sma.gob.ar\/wp-content\/uploads\/2025\/07\/IMG-20250710-WA0155-1024x576.jpg\" alt=\"\" class=\"wp-image-8326\" srcset=\"https:\/\/prensa.sma.gob.ar\/wp-content\/uploads\/2025\/07\/IMG-20250710-WA0155-1024x576.jpg 1024w, https:\/\/prensa.sma.gob.ar\/wp-content\/uploads\/2025\/07\/IMG-20250710-WA0155-300x169.jpg 300w, https:\/\/prensa.sma.gob.ar\/wp-content\/uploads\/2025\/07\/IMG-20250710-WA0155-768x432.jpg 768w, https:\/\/prensa.sma.gob.ar\/wp-content\/uploads\/2025\/07\/IMG-20250710-WA0155-1536x864.jpg 1536w, https:\/\/prensa.sma.gob.ar\/wp-content\/uploads\/2025\/07\/IMG-20250710-WA0155-747x420.jpg 747w, https:\/\/prensa.sma.gob.ar\/wp-content\/uploads\/2025\/07\/IMG-20250710-WA0155-696x392.jpg 696w, https:\/\/prensa.sma.gob.ar\/wp-content\/uploads\/2025\/07\/IMG-20250710-WA0155-1068x601.jpg 1068w, https:\/\/prensa.sma.gob.ar\/wp-content\/uploads\/2025\/07\/IMG-20250710-WA0155.jpg 1600w\" sizes=\"auto, (max-width: 1024px) 100vw, 1024px\" \/><\/figure>\n\n\n\n<figure class=\"wp-block-image size-large\"><img loading=\"lazy\" decoding=\"async\" width=\"1024\" height=\"601\" data-id=\"8327\" src=\"https:\/\/prensa.sma.gob.ar\/wp-content\/uploads\/2025\/07\/IMG-20250710-WA0152-1024x601.jpg\" alt=\"\" class=\"wp-image-8327\" srcset=\"https:\/\/prensa.sma.gob.ar\/wp-content\/uploads\/2025\/07\/IMG-20250710-WA0152-1024x601.jpg 1024w, https:\/\/prensa.sma.gob.ar\/wp-content\/uploads\/2025\/07\/IMG-20250710-WA0152-300x176.jpg 300w, https:\/\/prensa.sma.gob.ar\/wp-content\/uploads\/2025\/07\/IMG-20250710-WA0152-768x451.jpg 768w, https:\/\/prensa.sma.gob.ar\/wp-content\/uploads\/2025\/07\/IMG-20250710-WA0152-1536x901.jpg 1536w, https:\/\/prensa.sma.gob.ar\/wp-content\/uploads\/2025\/07\/IMG-20250710-WA0152-716x420.jpg 716w, https:\/\/prensa.sma.gob.ar\/wp-content\/uploads\/2025\/07\/IMG-20250710-WA0152-696x408.jpg 696w, https:\/\/prensa.sma.gob.ar\/wp-content\/uploads\/2025\/07\/IMG-20250710-WA0152-1068x627.jpg 1068w, https:\/\/prensa.sma.gob.ar\/wp-content\/uploads\/2025\/07\/IMG-20250710-WA0152.jpg 1600w\" sizes=\"auto, (max-width: 1024px) 100vw, 1024px\" \/><\/figure>\n\n\n\n<figure class=\"wp-block-image size-large\"><img loading=\"lazy\" decoding=\"async\" width=\"1024\" height=\"576\" data-id=\"8328\" src=\"https:\/\/prensa.sma.gob.ar\/wp-content\/uploads\/2025\/07\/IMG-20250710-WA0153-1024x576.jpg\" alt=\"\" class=\"wp-image-8328\" srcset=\"https:\/\/prensa.sma.gob.ar\/wp-content\/uploads\/2025\/07\/IMG-20250710-WA0153-1024x576.jpg 1024w, https:\/\/prensa.sma.gob.ar\/wp-content\/uploads\/2025\/07\/IMG-20250710-WA0153-300x169.jpg 300w, https:\/\/prensa.sma.gob.ar\/wp-content\/uploads\/2025\/07\/IMG-20250710-WA0153-768x432.jpg 768w, https:\/\/prensa.sma.gob.ar\/wp-content\/uploads\/2025\/07\/IMG-20250710-WA0153-1536x864.jpg 1536w, https:\/\/prensa.sma.gob.ar\/wp-content\/uploads\/2025\/07\/IMG-20250710-WA0153-747x420.jpg 747w, https:\/\/prensa.sma.gob.ar\/wp-content\/uploads\/2025\/07\/IMG-20250710-WA0153-696x392.jpg 696w, https:\/\/prensa.sma.gob.ar\/wp-content\/uploads\/2025\/07\/IMG-20250710-WA0153-1068x601.jpg 1068w, https:\/\/prensa.sma.gob.ar\/wp-content\/uploads\/2025\/07\/IMG-20250710-WA0153.jpg 1600w\" sizes=\"auto, (max-width: 1024px) 100vw, 1024px\" \/><\/figure>\n\n\n\n<figure class=\"wp-block-image size-large\"><img loading=\"lazy\" decoding=\"async\" width=\"1024\" height=\"576\" data-id=\"8329\" src=\"https:\/\/prensa.sma.gob.ar\/wp-content\/uploads\/2025\/07\/IMG-20250710-WA01541-1024x576.jpg\" alt=\"\" class=\"wp-image-8329\" srcset=\"https:\/\/prensa.sma.gob.ar\/wp-content\/uploads\/2025\/07\/IMG-20250710-WA01541-1024x576.jpg 1024w, https:\/\/prensa.sma.gob.ar\/wp-content\/uploads\/2025\/07\/IMG-20250710-WA01541-300x169.jpg 300w, https:\/\/prensa.sma.gob.ar\/wp-content\/uploads\/2025\/07\/IMG-20250710-WA01541-768x432.jpg 768w, https:\/\/prensa.sma.gob.ar\/wp-content\/uploads\/2025\/07\/IMG-20250710-WA01541-1536x864.jpg 1536w, https:\/\/prensa.sma.gob.ar\/wp-content\/uploads\/2025\/07\/IMG-20250710-WA01541-747x420.jpg 747w, https:\/\/prensa.sma.gob.ar\/wp-content\/uploads\/2025\/07\/IMG-20250710-WA01541-696x392.jpg 696w, https:\/\/prensa.sma.gob.ar\/wp-content\/uploads\/2025\/07\/IMG-20250710-WA01541-1068x601.jpg 1068w, https:\/\/prensa.sma.gob.ar\/wp-content\/uploads\/2025\/07\/IMG-20250710-WA01541.jpg 1600w\" sizes=\"auto, (max-width: 1024px) 100vw, 1024px\" \/><\/figure>\n\n\n\n<figure class=\"wp-block-image size-large\"><img loading=\"lazy\" decoding=\"async\" width=\"1024\" height=\"576\" data-id=\"8330\" src=\"https:\/\/prensa.sma.gob.ar\/wp-content\/uploads\/2025\/07\/IMG-20250710-WA0151-1024x576.jpg\" alt=\"\" class=\"wp-image-8330\" srcset=\"https:\/\/prensa.sma.gob.ar\/wp-content\/uploads\/2025\/07\/IMG-20250710-WA0151-1024x576.jpg 1024w, https:\/\/prensa.sma.gob.ar\/wp-content\/uploads\/2025\/07\/IMG-20250710-WA0151-300x169.jpg 300w, https:\/\/prensa.sma.gob.ar\/wp-content\/uploads\/2025\/07\/IMG-20250710-WA0151-768x432.jpg 768w, https:\/\/prensa.sma.gob.ar\/wp-content\/uploads\/2025\/07\/IMG-20250710-WA0151-1536x864.jpg 1536w, https:\/\/prensa.sma.gob.ar\/wp-content\/uploads\/2025\/07\/IMG-20250710-WA0151-747x420.jpg 747w, https:\/\/prensa.sma.gob.ar\/wp-content\/uploads\/2025\/07\/IMG-20250710-WA0151-696x392.jpg 696w, https:\/\/prensa.sma.gob.ar\/wp-content\/uploads\/2025\/07\/IMG-20250710-WA0151-1068x601.jpg 1068w, https:\/\/prensa.sma.gob.ar\/wp-content\/uploads\/2025\/07\/IMG-20250710-WA0151.jpg 1600w\" sizes=\"auto, (max-width: 1024px) 100vw, 1024px\" \/><\/figure>\n\n\n\n<figure class=\"wp-block-image size-large\"><img loading=\"lazy\" decoding=\"async\" width=\"1024\" height=\"576\" data-id=\"8331\" src=\"https:\/\/prensa.sma.gob.ar\/wp-content\/uploads\/2025\/07\/IMG-20250710-WA0150-1024x576.jpg\" alt=\"\" class=\"wp-image-8331\" srcset=\"https:\/\/prensa.sma.gob.ar\/wp-content\/uploads\/2025\/07\/IMG-20250710-WA0150-1024x576.jpg 1024w, https:\/\/prensa.sma.gob.ar\/wp-content\/uploads\/2025\/07\/IMG-20250710-WA0150-300x169.jpg 300w, https:\/\/prensa.sma.gob.ar\/wp-content\/uploads\/2025\/07\/IMG-20250710-WA0150-768x432.jpg 768w, https:\/\/prensa.sma.gob.ar\/wp-content\/uploads\/2025\/07\/IMG-20250710-WA0150-1536x864.jpg 1536w, https:\/\/prensa.sma.gob.ar\/wp-content\/uploads\/2025\/07\/IMG-20250710-WA0150-747x420.jpg 747w, https:\/\/prensa.sma.gob.ar\/wp-content\/uploads\/2025\/07\/IMG-20250710-WA0150-696x392.jpg 696w, https:\/\/prensa.sma.gob.ar\/wp-content\/uploads\/2025\/07\/IMG-20250710-WA0150-1068x601.jpg 1068w, https:\/\/prensa.sma.gob.ar\/wp-content\/uploads\/2025\/07\/IMG-20250710-WA0150.jpg 1600w\" sizes=\"auto, (max-width: 1024px) 100vw, 1024px\" \/><\/figure>\n<\/figure>\n","protected":false},"excerpt":{"rendered":"<p>Este jueves se realiz\u00f3 en el Sal\u00f3n Municipal una reuni\u00f3n de la que participaron responsables de las diferentes instituciones que intervienen en el Comit\u00e9 Operativo de Emergencia Municipal (C.O.E.M.) con periodistas de nuestra ciudad. El encuentro surgi\u00f3 de la \u00faltima reuni\u00f3n del C.O.E.M., de la que participaron representantes de instituciones nacionales, provinciales y municipales. Fue [&hellip;]<\/p>\n","protected":false},"author":2,"featured_media":8313,"comment_status":"closed","ping_status":"open","sticky":false,"template":"","format":"standard","meta":{"footnotes":""},"categories":[16,14],"tags":[],"class_list":{"0":"post-8312","1":"post","2":"type-post","3":"status-publish","4":"format-standard","5":"has-post-thumbnail","7":"category-destacadas","8":"category-noticias"},"_links":{"self":[{"href":"https:\/\/prensa.sma.gob.ar\/index.php?rest_route=\/wp\/v2\/posts\/8312","targetHints":{"allow":["GET"]}}],"collection":[{"href":"https:\/\/prensa.sma.gob.ar\/index.php?rest_route=\/wp\/v2\/posts"}],"about":[{"href":"https:\/\/prensa.sma.gob.ar\/index.php?rest_route=\/wp\/v2\/types\/post"}],"author":[{"embeddable":true,"href":"https:\/\/prensa.sma.gob.ar\/index.php?rest_route=\/wp\/v2\/users\/2"}],"replies":[{"embeddable":true,"href":"https:\/\/prensa.sma.gob.ar\/index.php?rest_route=%2Fwp%2Fv2%2Fcomments&post=8312"}],"version-history":[{"count":2,"href":"https:\/\/prensa.sma.gob.ar\/index.php?rest_route=\/wp\/v2\/posts\/8312\/revisions"}],"predecessor-version":[{"id":8334,"href":"https:\/\/prensa.sma.gob.ar\/index.php?rest_route=\/wp\/v2\/posts\/8312\/revisions\/8334"}],"wp:featuredmedia":[{"embeddable":true,"href":"https:\/\/prensa.sma.gob.ar\/index.php?rest_route=\/wp\/v2\/media\/8313"}],"wp:attachment":[{"href":"https:\/\/prensa.sma.gob.ar\/index.php?rest_route=%2Fwp%2Fv2%2Fmedia&parent=8312"}],"wp:term":[{"taxonomy":"category","embeddable":true,"href":"https:\/\/prensa.sma.gob.ar\/index.php?rest_route=%2Fwp%2Fv2%2Fcategories&post=8312"},{"taxonomy":"post_tag","embeddable":true,"href":"https:\/\/prensa.sma.gob.ar\/index.php?rest_route=%2Fwp%2Fv2%2Ftags&post=8312"}],"curies":[{"name":"wp","href":"https:\/\/api.w.org\/{rel}","templated":true}]}}