{"id":8335,"date":"2025-07-11T18:25:23","date_gmt":"2025-07-11T18:25:23","guid":{"rendered":"https:\/\/prensa.sma.gob.ar\/?p=8335"},"modified":"2025-07-11T18:25:24","modified_gmt":"2025-07-11T18:25:24","slug":"personal-de-guardas-ambientales-realizo-una-charla-informativa-con-vecinos-en-villa-paur","status":"publish","type":"post","link":"https:\/\/prensa.sma.gob.ar\/?p=8335","title":{"rendered":"Personal de Guardas Ambientales realiz\u00f3 una charla informativa con vecinos en Villa Paur"},"content":{"rendered":"\n<p>Este jueves se realiz\u00f3 una charla informativa en el Centro Comunitario de Villa Paur, a cargo de personal de Guardas Ambientales.<\/p>\n\n\n\n<p>La charla estuvo orientada a informar a vecinas y vecinos sobre las competencias de Guardas Ambientales y campa\u00f1as que llevan adelante.<\/p>\n\n\n\n<p>Se habl\u00f3 de la disponibilidad del ECOPUNTO para recepci\u00f3n de los Residuos de Aparatos El\u00e9ctricos y Electr\u00f3nicos (RAEE), pilas y aceites usados.<\/p>\n\n\n\n<p>Los trabajadores Carol Danielli y Jorge Sotelo estuvieron a cargo de comunicar la informaci\u00f3n y, adem\u00e1s, recepcionar algunas de las inquietudes de los vecinos.&nbsp;<\/p>\n\n\n\n<p>Guardas Ambientales agradeci\u00f3 la participaci\u00f3n, el compromiso y la cortes\u00eda de los vecinos y espera poder realizar una nueva jornada en el barrio y participar de jornadas similares con otras Juntas Vecinales.<\/p>\n\n\n\n<p>En ese sentido, esta \u00e1rea del Municipio agradeci\u00f3 a la Subsecretar\u00eda de Juntas Vecinales por la gesti\u00f3n ante con la comisi\u00f3n del barrio y el nexo con las vecinas y los vecinos.<\/p>\n\n\n\n<figure class=\"wp-block-gallery has-nested-images columns-default is-cropped wp-block-gallery-1 is-layout-flex wp-block-gallery-is-layout-flex\">\n<figure class=\"wp-block-image size-large\"><img loading=\"lazy\" decoding=\"async\" width=\"1024\" height=\"768\" data-id=\"8336\" src=\"https:\/\/prensa.sma.gob.ar\/wp-content\/uploads\/2025\/07\/1000566940-1024x768.jpg\" alt=\"\" class=\"wp-image-8336\" srcset=\"https:\/\/prensa.sma.gob.ar\/wp-content\/uploads\/2025\/07\/1000566940-1024x768.jpg 1024w, https:\/\/prensa.sma.gob.ar\/wp-content\/uploads\/2025\/07\/1000566940-300x225.jpg 300w, https:\/\/prensa.sma.gob.ar\/wp-content\/uploads\/2025\/07\/1000566940-768x576.jpg 768w, https:\/\/prensa.sma.gob.ar\/wp-content\/uploads\/2025\/07\/1000566940-560x420.jpg 560w, https:\/\/prensa.sma.gob.ar\/wp-content\/uploads\/2025\/07\/1000566940-80x60.jpg 80w, https:\/\/prensa.sma.gob.ar\/wp-content\/uploads\/2025\/07\/1000566940-696x522.jpg 696w, https:\/\/prensa.sma.gob.ar\/wp-content\/uploads\/2025\/07\/1000566940-1068x801.jpg 1068w, https:\/\/prensa.sma.gob.ar\/wp-content\/uploads\/2025\/07\/1000566940.jpg 1280w\" sizes=\"auto, (max-width: 1024px) 100vw, 1024px\" \/><\/figure>\n\n\n\n<figure class=\"wp-block-image size-large\"><img loading=\"lazy\" decoding=\"async\" width=\"1024\" height=\"768\" data-id=\"8338\" src=\"https:\/\/prensa.sma.gob.ar\/wp-content\/uploads\/2025\/07\/1000566937-1024x768.jpg\" alt=\"\" class=\"wp-image-8338\" srcset=\"https:\/\/prensa.sma.gob.ar\/wp-content\/uploads\/2025\/07\/1000566937-1024x768.jpg 1024w, https:\/\/prensa.sma.gob.ar\/wp-content\/uploads\/2025\/07\/1000566937-300x225.jpg 300w, https:\/\/prensa.sma.gob.ar\/wp-content\/uploads\/2025\/07\/1000566937-768x576.jpg 768w, https:\/\/prensa.sma.gob.ar\/wp-content\/uploads\/2025\/07\/1000566937-560x420.jpg 560w, https:\/\/prensa.sma.gob.ar\/wp-content\/uploads\/2025\/07\/1000566937-80x60.jpg 80w, https:\/\/prensa.sma.gob.ar\/wp-content\/uploads\/2025\/07\/1000566937-696x522.jpg 696w, https:\/\/prensa.sma.gob.ar\/wp-content\/uploads\/2025\/07\/1000566937-1068x801.jpg 1068w, https:\/\/prensa.sma.gob.ar\/wp-content\/uploads\/2025\/07\/1000566937.jpg 1280w\" sizes=\"auto, (max-width: 1024px) 100vw, 1024px\" \/><\/figure>\n\n\n\n<figure class=\"wp-block-image size-large\"><img loading=\"lazy\" decoding=\"async\" width=\"1024\" height=\"768\" data-id=\"8337\" src=\"https:\/\/prensa.sma.gob.ar\/wp-content\/uploads\/2025\/07\/1000566936-1024x768.jpg\" alt=\"\" class=\"wp-image-8337\" srcset=\"https:\/\/prensa.sma.gob.ar\/wp-content\/uploads\/2025\/07\/1000566936-1024x768.jpg 1024w, https:\/\/prensa.sma.gob.ar\/wp-content\/uploads\/2025\/07\/1000566936-300x225.jpg 300w, https:\/\/prensa.sma.gob.ar\/wp-content\/uploads\/2025\/07\/1000566936-768x576.jpg 768w, https:\/\/prensa.sma.gob.ar\/wp-content\/uploads\/2025\/07\/1000566936-560x420.jpg 560w, https:\/\/prensa.sma.gob.ar\/wp-content\/uploads\/2025\/07\/1000566936-80x60.jpg 80w, https:\/\/prensa.sma.gob.ar\/wp-content\/uploads\/2025\/07\/1000566936-696x522.jpg 696w, https:\/\/prensa.sma.gob.ar\/wp-content\/uploads\/2025\/07\/1000566936-1068x801.jpg 1068w, https:\/\/prensa.sma.gob.ar\/wp-content\/uploads\/2025\/07\/1000566936.jpg 1280w\" sizes=\"auto, (max-width: 1024px) 100vw, 1024px\" \/><\/figure>\n<\/figure>\n","protected":false},"excerpt":{"rendered":"<p>Este jueves se realiz\u00f3 una charla informativa en el Centro Comunitario de Villa Paur, a cargo de personal de Guardas Ambientales. La charla estuvo orientada a informar a vecinas y vecinos sobre las competencias de Guardas Ambientales y campa\u00f1as que llevan adelante. Se habl\u00f3 de la disponibilidad del ECOPUNTO para recepci\u00f3n de los Residuos de [&hellip;]<\/p>\n","protected":false},"author":2,"featured_media":8339,"comment_status":"closed","ping_status":"open","sticky":false,"template":"","format":"standard","meta":{"footnotes":""},"categories":[16,11,39,14],"tags":[],"class_list":{"0":"post-8335","1":"post","2":"type-post","3":"status-publish","4":"format-standard","5":"has-post-thumbnail","7":"category-destacadas","8":"category-gobierno","9":"category-subs-juntas-vecinales","10":"category-noticias"},"_links":{"self":[{"href":"https:\/\/prensa.sma.gob.ar\/index.php?rest_route=\/wp\/v2\/posts\/8335","targetHints":{"allow":["GET"]}}],"collection":[{"href":"https:\/\/prensa.sma.gob.ar\/index.php?rest_route=\/wp\/v2\/posts"}],"about":[{"href":"https:\/\/prensa.sma.gob.ar\/index.php?rest_route=\/wp\/v2\/types\/post"}],"author":[{"embeddable":true,"href":"https:\/\/prensa.sma.gob.ar\/index.php?rest_route=\/wp\/v2\/users\/2"}],"replies":[{"embeddable":true,"href":"https:\/\/prensa.sma.gob.ar\/index.php?rest_route=%2Fwp%2Fv2%2Fcomments&post=8335"}],"version-history":[{"count":1,"href":"https:\/\/prensa.sma.gob.ar\/index.php?rest_route=\/wp\/v2\/posts\/8335\/revisions"}],"predecessor-version":[{"id":8340,"href":"https:\/\/prensa.sma.gob.ar\/index.php?rest_route=\/wp\/v2\/posts\/8335\/revisions\/8340"}],"wp:featuredmedia":[{"embeddable":true,"href":"https:\/\/prensa.sma.gob.ar\/index.php?rest_route=\/wp\/v2\/media\/8339"}],"wp:attachment":[{"href":"https:\/\/prensa.sma.gob.ar\/index.php?rest_route=%2Fwp%2Fv2%2Fmedia&parent=8335"}],"wp:term":[{"taxonomy":"category","embeddable":true,"href":"https:\/\/prensa.sma.gob.ar\/index.php?rest_route=%2Fwp%2Fv2%2Fcategories&post=8335"},{"taxonomy":"post_tag","embeddable":true,"href":"https:\/\/prensa.sma.gob.ar\/index.php?rest_route=%2Fwp%2Fv2%2Ftags&post=8335"}],"curies":[{"name":"wp","href":"https:\/\/api.w.org\/{rel}","templated":true}]}}