{"id":840,"date":"2024-07-03T03:45:56","date_gmt":"2024-07-03T03:45:56","guid":{"rendered":"https:\/\/prensa.sma.gob.ar\/?p=840"},"modified":"2024-07-03T03:45:58","modified_gmt":"2024-07-03T03:45:58","slug":"el-centro-de-desarrollo-infantil-aitue-ya-tiene-gas-natural","status":"publish","type":"post","link":"https:\/\/prensa.sma.gob.ar\/?p=840","title":{"rendered":"\u00a1El Centro de Desarrollo Infantil Aitue ya tiene gas natural!"},"content":{"rendered":"\n<p>Tras la habilitaci\u00f3n de Camuzzi y la colocaci\u00f3n del medidor, este martes se hicieron las \u00faltimas pruebas y se encendieron las calderas y la cocina del Centro de Desarrollo Infantil (CDI) Aitue, de Cordones del Chapelco.<\/p>\n\n\n\n<p>En el lugar estuvieron el intendente Carlos Saloniti; la secretaria de Desarrollo Social, Roc\u00edo Demateo; la Directora de Primera Infancia, Erica Seraf\u00edn y la jefa de Departamento del CDI, Jeanette Cifuentes.<\/p>\n\n\n\n<p>Personal del centro infantil y de otras \u00e1reas municipales, como Arnaldo Antonucci, operario del \u00e1rea de Desarrollo Social, adem\u00e1s de los trabajadores de la empresa Camuzzi, se sumaron a los festejos por la habilitaci\u00f3n de esta obra que permitir\u00e1 retomar actividades educativas, sociales y culturales.<\/p>\n\n\n\n<figure class=\"wp-block-gallery has-nested-images columns-default is-cropped wp-block-gallery-1 is-layout-flex wp-block-gallery-is-layout-flex\">\n<figure class=\"wp-block-image size-large\"><img loading=\"lazy\" decoding=\"async\" width=\"576\" height=\"1024\" data-id=\"847\" src=\"https:\/\/prensa.sma.gob.ar\/wp-content\/uploads\/2024\/07\/WhatsApp-Image-2024-07-02-at-11.11.39-576x1024.jpeg\" alt=\"\" class=\"wp-image-847\" srcset=\"https:\/\/prensa.sma.gob.ar\/wp-content\/uploads\/2024\/07\/WhatsApp-Image-2024-07-02-at-11.11.39-576x1024.jpeg 576w, https:\/\/prensa.sma.gob.ar\/wp-content\/uploads\/2024\/07\/WhatsApp-Image-2024-07-02-at-11.11.39-169x300.jpeg 169w, https:\/\/prensa.sma.gob.ar\/wp-content\/uploads\/2024\/07\/WhatsApp-Image-2024-07-02-at-11.11.39-768x1365.jpeg 768w, https:\/\/prensa.sma.gob.ar\/wp-content\/uploads\/2024\/07\/WhatsApp-Image-2024-07-02-at-11.11.39-864x1536.jpeg 864w, https:\/\/prensa.sma.gob.ar\/wp-content\/uploads\/2024\/07\/WhatsApp-Image-2024-07-02-at-11.11.39-236x420.jpeg 236w, https:\/\/prensa.sma.gob.ar\/wp-content\/uploads\/2024\/07\/WhatsApp-Image-2024-07-02-at-11.11.39-696x1237.jpeg 696w, https:\/\/prensa.sma.gob.ar\/wp-content\/uploads\/2024\/07\/WhatsApp-Image-2024-07-02-at-11.11.39.jpeg 900w\" sizes=\"auto, (max-width: 576px) 100vw, 576px\" \/><\/figure>\n\n\n\n<figure class=\"wp-block-image size-large\"><img loading=\"lazy\" decoding=\"async\" width=\"449\" height=\"1024\" data-id=\"844\" src=\"https:\/\/prensa.sma.gob.ar\/wp-content\/uploads\/2024\/07\/WhatsApp-Image-2024-07-02-at-11.57.19-449x1024.jpeg\" alt=\"\" class=\"wp-image-844\" srcset=\"https:\/\/prensa.sma.gob.ar\/wp-content\/uploads\/2024\/07\/WhatsApp-Image-2024-07-02-at-11.57.19-449x1024.jpeg 449w, https:\/\/prensa.sma.gob.ar\/wp-content\/uploads\/2024\/07\/WhatsApp-Image-2024-07-02-at-11.57.19-132x300.jpeg 132w, https:\/\/prensa.sma.gob.ar\/wp-content\/uploads\/2024\/07\/WhatsApp-Image-2024-07-02-at-11.57.19-674x1536.jpeg 674w, https:\/\/prensa.sma.gob.ar\/wp-content\/uploads\/2024\/07\/WhatsApp-Image-2024-07-02-at-11.57.19-184x420.jpeg 184w, https:\/\/prensa.sma.gob.ar\/wp-content\/uploads\/2024\/07\/WhatsApp-Image-2024-07-02-at-11.57.19-696x1586.jpeg 696w, https:\/\/prensa.sma.gob.ar\/wp-content\/uploads\/2024\/07\/WhatsApp-Image-2024-07-02-at-11.57.19.jpeg 702w\" sizes=\"auto, (max-width: 449px) 100vw, 449px\" \/><\/figure>\n\n\n\n<figure class=\"wp-block-image size-large\"><img loading=\"lazy\" decoding=\"async\" width=\"449\" height=\"1024\" data-id=\"843\" src=\"https:\/\/prensa.sma.gob.ar\/wp-content\/uploads\/2024\/07\/WhatsApp-Image-2024-07-02-at-11.57.191-449x1024.jpeg\" alt=\"\" class=\"wp-image-843\" srcset=\"https:\/\/prensa.sma.gob.ar\/wp-content\/uploads\/2024\/07\/WhatsApp-Image-2024-07-02-at-11.57.191-449x1024.jpeg 449w, https:\/\/prensa.sma.gob.ar\/wp-content\/uploads\/2024\/07\/WhatsApp-Image-2024-07-02-at-11.57.191-132x300.jpeg 132w, https:\/\/prensa.sma.gob.ar\/wp-content\/uploads\/2024\/07\/WhatsApp-Image-2024-07-02-at-11.57.191-674x1536.jpeg 674w, https:\/\/prensa.sma.gob.ar\/wp-content\/uploads\/2024\/07\/WhatsApp-Image-2024-07-02-at-11.57.191-184x420.jpeg 184w, https:\/\/prensa.sma.gob.ar\/wp-content\/uploads\/2024\/07\/WhatsApp-Image-2024-07-02-at-11.57.191-696x1586.jpeg 696w, https:\/\/prensa.sma.gob.ar\/wp-content\/uploads\/2024\/07\/WhatsApp-Image-2024-07-02-at-11.57.191.jpeg 702w\" sizes=\"auto, (max-width: 449px) 100vw, 449px\" \/><\/figure>\n<\/figure>\n\n\n\n<p>En las \u00faltimas semanas, el Municipio y los vecinos movilizados dieron un gran paso al finalizar las obras de colocaci\u00f3n de ca\u00f1os que ahora permitieron al CDI Aitu\u00e9 estar conectado a red de gas natural. <\/p>\n\n\n\n<p>Tras la conclusi\u00f3n del tendido de ca\u00f1os, el intendente Saloniti hizo la solicitud formal del suministro a la empresa Camuzzi, que oportunamente hab\u00eda aprobado la factibilidad del servicio.<\/p>\n\n\n\n<p>La obra, que comenz\u00f3 a inicios de mayo, consisti\u00f3 en extender el actual servicio de gas que llegaba al Centro Integrador Comunitario (CIC) hasta el CDI, un importante centro infantil y comunitario del barrio.<\/p>\n\n\n\n<p>Los trabajos fueron parte de un convenio p\u00fablico-privado, ya que el corral\u00f3n El Salva don\u00f3 los materiales y el Municipio dispuso de las m\u00e1quinas y los operarios.<\/p>\n\n\n\n<figure class=\"wp-block-gallery has-nested-images columns-default is-cropped wp-block-gallery-2 is-layout-flex wp-block-gallery-is-layout-flex\">\n<figure class=\"wp-block-image size-large\"><img loading=\"lazy\" decoding=\"async\" width=\"711\" height=\"1024\" data-id=\"841\" src=\"https:\/\/prensa.sma.gob.ar\/wp-content\/uploads\/2024\/07\/WhatsApp-Image-2024-07-02-at-12.30.44-711x1024.jpeg\" alt=\"\" class=\"wp-image-841\" srcset=\"https:\/\/prensa.sma.gob.ar\/wp-content\/uploads\/2024\/07\/WhatsApp-Image-2024-07-02-at-12.30.44-711x1024.jpeg 711w, https:\/\/prensa.sma.gob.ar\/wp-content\/uploads\/2024\/07\/WhatsApp-Image-2024-07-02-at-12.30.44-208x300.jpeg 208w, https:\/\/prensa.sma.gob.ar\/wp-content\/uploads\/2024\/07\/WhatsApp-Image-2024-07-02-at-12.30.44-768x1106.jpeg 768w, https:\/\/prensa.sma.gob.ar\/wp-content\/uploads\/2024\/07\/WhatsApp-Image-2024-07-02-at-12.30.44-1067x1536.jpeg 1067w, https:\/\/prensa.sma.gob.ar\/wp-content\/uploads\/2024\/07\/WhatsApp-Image-2024-07-02-at-12.30.44-292x420.jpeg 292w, https:\/\/prensa.sma.gob.ar\/wp-content\/uploads\/2024\/07\/WhatsApp-Image-2024-07-02-at-12.30.44-696x1002.jpeg 696w, https:\/\/prensa.sma.gob.ar\/wp-content\/uploads\/2024\/07\/WhatsApp-Image-2024-07-02-at-12.30.44-1068x1538.jpeg 1068w, https:\/\/prensa.sma.gob.ar\/wp-content\/uploads\/2024\/07\/WhatsApp-Image-2024-07-02-at-12.30.44.jpeg 1111w\" sizes=\"auto, (max-width: 711px) 100vw, 711px\" \/><\/figure>\n\n\n\n<figure class=\"wp-block-image size-large\"><img loading=\"lazy\" decoding=\"async\" width=\"449\" height=\"1024\" data-id=\"845\" src=\"https:\/\/prensa.sma.gob.ar\/wp-content\/uploads\/2024\/07\/WhatsApp-Image-2024-07-02-at-11.57.18-449x1024.jpeg\" alt=\"\" class=\"wp-image-845\" srcset=\"https:\/\/prensa.sma.gob.ar\/wp-content\/uploads\/2024\/07\/WhatsApp-Image-2024-07-02-at-11.57.18-449x1024.jpeg 449w, https:\/\/prensa.sma.gob.ar\/wp-content\/uploads\/2024\/07\/WhatsApp-Image-2024-07-02-at-11.57.18-132x300.jpeg 132w, https:\/\/prensa.sma.gob.ar\/wp-content\/uploads\/2024\/07\/WhatsApp-Image-2024-07-02-at-11.57.18-674x1536.jpeg 674w, https:\/\/prensa.sma.gob.ar\/wp-content\/uploads\/2024\/07\/WhatsApp-Image-2024-07-02-at-11.57.18-184x420.jpeg 184w, https:\/\/prensa.sma.gob.ar\/wp-content\/uploads\/2024\/07\/WhatsApp-Image-2024-07-02-at-11.57.18-696x1586.jpeg 696w, https:\/\/prensa.sma.gob.ar\/wp-content\/uploads\/2024\/07\/WhatsApp-Image-2024-07-02-at-11.57.18.jpeg 702w\" sizes=\"auto, (max-width: 449px) 100vw, 449px\" \/><\/figure>\n\n\n\n<figure class=\"wp-block-image size-large\"><img loading=\"lazy\" decoding=\"async\" width=\"449\" height=\"1024\" data-id=\"842\" src=\"https:\/\/prensa.sma.gob.ar\/wp-content\/uploads\/2024\/07\/WhatsApp-Image-2024-07-02-at-11.57.20-449x1024.jpeg\" alt=\"\" class=\"wp-image-842\" srcset=\"https:\/\/prensa.sma.gob.ar\/wp-content\/uploads\/2024\/07\/WhatsApp-Image-2024-07-02-at-11.57.20-449x1024.jpeg 449w, https:\/\/prensa.sma.gob.ar\/wp-content\/uploads\/2024\/07\/WhatsApp-Image-2024-07-02-at-11.57.20-132x300.jpeg 132w, https:\/\/prensa.sma.gob.ar\/wp-content\/uploads\/2024\/07\/WhatsApp-Image-2024-07-02-at-11.57.20-674x1536.jpeg 674w, https:\/\/prensa.sma.gob.ar\/wp-content\/uploads\/2024\/07\/WhatsApp-Image-2024-07-02-at-11.57.20-184x420.jpeg 184w, https:\/\/prensa.sma.gob.ar\/wp-content\/uploads\/2024\/07\/WhatsApp-Image-2024-07-02-at-11.57.20-696x1586.jpeg 696w, https:\/\/prensa.sma.gob.ar\/wp-content\/uploads\/2024\/07\/WhatsApp-Image-2024-07-02-at-11.57.20.jpeg 702w\" sizes=\"auto, (max-width: 449px) 100vw, 449px\" \/><\/figure>\n<\/figure>\n","protected":false},"excerpt":{"rendered":"<p>Tras la habilitaci\u00f3n de Camuzzi y la colocaci\u00f3n del medidor, este martes se hicieron las \u00faltimas pruebas y se encendieron las calderas y la cocina del Centro de Desarrollo Infantil (CDI) Aitue, de Cordones del Chapelco. En el lugar estuvieron el intendente Carlos Saloniti; la secretaria de Desarrollo Social, Roc\u00edo Demateo; la Directora de Primera [&hellip;]<\/p>\n","protected":false},"author":2,"featured_media":848,"comment_status":"closed","ping_status":"open","sticky":false,"template":"","format":"standard","meta":{"footnotes":""},"categories":[15,16,11,14,19,17],"tags":[],"class_list":{"0":"post-840","1":"post","2":"type-post","3":"status-publish","4":"format-standard","5":"has-post-thumbnail","7":"category-desarrollo-social","8":"category-destacadas","9":"category-gobierno","10":"category-noticias","11":"category-obras-y-servicios-publicos","12":"category-portada"},"_links":{"self":[{"href":"https:\/\/prensa.sma.gob.ar\/index.php?rest_route=\/wp\/v2\/posts\/840","targetHints":{"allow":["GET"]}}],"collection":[{"href":"https:\/\/prensa.sma.gob.ar\/index.php?rest_route=\/wp\/v2\/posts"}],"about":[{"href":"https:\/\/prensa.sma.gob.ar\/index.php?rest_route=\/wp\/v2\/types\/post"}],"author":[{"embeddable":true,"href":"https:\/\/prensa.sma.gob.ar\/index.php?rest_route=\/wp\/v2\/users\/2"}],"replies":[{"embeddable":true,"href":"https:\/\/prensa.sma.gob.ar\/index.php?rest_route=%2Fwp%2Fv2%2Fcomments&post=840"}],"version-history":[{"count":1,"href":"https:\/\/prensa.sma.gob.ar\/index.php?rest_route=\/wp\/v2\/posts\/840\/revisions"}],"predecessor-version":[{"id":850,"href":"https:\/\/prensa.sma.gob.ar\/index.php?rest_route=\/wp\/v2\/posts\/840\/revisions\/850"}],"wp:featuredmedia":[{"embeddable":true,"href":"https:\/\/prensa.sma.gob.ar\/index.php?rest_route=\/wp\/v2\/media\/848"}],"wp:attachment":[{"href":"https:\/\/prensa.sma.gob.ar\/index.php?rest_route=%2Fwp%2Fv2%2Fmedia&parent=840"}],"wp:term":[{"taxonomy":"category","embeddable":true,"href":"https:\/\/prensa.sma.gob.ar\/index.php?rest_route=%2Fwp%2Fv2%2Fcategories&post=840"},{"taxonomy":"post_tag","embeddable":true,"href":"https:\/\/prensa.sma.gob.ar\/index.php?rest_route=%2Fwp%2Fv2%2Ftags&post=840"}],"curies":[{"name":"wp","href":"https:\/\/api.w.org\/{rel}","templated":true}]}}