{"id":8419,"date":"2025-07-14T14:17:20","date_gmt":"2025-07-14T14:17:20","guid":{"rendered":"https:\/\/prensa.sma.gob.ar\/?p=8419"},"modified":"2025-07-14T14:33:18","modified_gmt":"2025-07-14T14:33:18","slug":"el-proximo-fin-de-semana-se-realizara-en-san-martin-de-los-andes-el-congreso-federal-juntos-por-la-prevencion","status":"publish","type":"post","link":"https:\/\/prensa.sma.gob.ar\/?p=8419","title":{"rendered":"Se realizar\u00e1 en San Mart\u00edn de los Andes el Congreso Federal \u201cJuntos por la Prevenci\u00f3n\u201d"},"content":{"rendered":"\n<p>Los d\u00edas viernes 18, s\u00e1bado 19 y domingo 20 de julio se realizar\u00e1 en San Mart\u00edn de los Andes el Congreso Federal \u00abJuntos por la prevenci\u00f3n\u00bb, con la participaci\u00f3n de representantes de sectores p\u00fablicos, privados, religiosos, deportivos y sociales.<\/p>\n\n\n\n<p>En encuentro servir\u00e1 para tomar decisiones, construir puentes y encontrar respuestas. Se realizar\u00e1 bajo el lema \u00abCuando el problema nos toca de cerca, entendemos lo importante que es estar unidos. Prevenir no es tarea de uno solo. Prevenir es tarea de todos. Porque el futuro se cuida hoy\u00bb.<\/p>\n\n\n\n<figure class=\"wp-block-gallery has-nested-images columns-default is-cropped wp-block-gallery-1 is-layout-flex wp-block-gallery-is-layout-flex\">\n<figure class=\"wp-block-image size-large\"><img loading=\"lazy\" decoding=\"async\" width=\"819\" height=\"1024\" data-id=\"8421\" src=\"https:\/\/prensa.sma.gob.ar\/wp-content\/uploads\/2025\/07\/WhatsApp-Image-2025-07-10-at-12.22.16-819x1024.jpeg\" alt=\"\" class=\"wp-image-8421\" srcset=\"https:\/\/prensa.sma.gob.ar\/wp-content\/uploads\/2025\/07\/WhatsApp-Image-2025-07-10-at-12.22.16-819x1024.jpeg 819w, https:\/\/prensa.sma.gob.ar\/wp-content\/uploads\/2025\/07\/WhatsApp-Image-2025-07-10-at-12.22.16-240x300.jpeg 240w, https:\/\/prensa.sma.gob.ar\/wp-content\/uploads\/2025\/07\/WhatsApp-Image-2025-07-10-at-12.22.16-768x960.jpeg 768w, https:\/\/prensa.sma.gob.ar\/wp-content\/uploads\/2025\/07\/WhatsApp-Image-2025-07-10-at-12.22.16-336x420.jpeg 336w, https:\/\/prensa.sma.gob.ar\/wp-content\/uploads\/2025\/07\/WhatsApp-Image-2025-07-10-at-12.22.16-696x870.jpeg 696w, https:\/\/prensa.sma.gob.ar\/wp-content\/uploads\/2025\/07\/WhatsApp-Image-2025-07-10-at-12.22.16.jpeg 1024w\" sizes=\"auto, (max-width: 819px) 100vw, 819px\" \/><\/figure>\n\n\n\n<figure class=\"wp-block-image size-large\"><img loading=\"lazy\" decoding=\"async\" width=\"819\" height=\"1024\" data-id=\"8420\" src=\"https:\/\/prensa.sma.gob.ar\/wp-content\/uploads\/2025\/07\/WhatsApp-Image-2025-07-10-at-12.22.161-819x1024.jpeg\" alt=\"\" class=\"wp-image-8420\" srcset=\"https:\/\/prensa.sma.gob.ar\/wp-content\/uploads\/2025\/07\/WhatsApp-Image-2025-07-10-at-12.22.161-819x1024.jpeg 819w, https:\/\/prensa.sma.gob.ar\/wp-content\/uploads\/2025\/07\/WhatsApp-Image-2025-07-10-at-12.22.161-240x300.jpeg 240w, https:\/\/prensa.sma.gob.ar\/wp-content\/uploads\/2025\/07\/WhatsApp-Image-2025-07-10-at-12.22.161-768x960.jpeg 768w, https:\/\/prensa.sma.gob.ar\/wp-content\/uploads\/2025\/07\/WhatsApp-Image-2025-07-10-at-12.22.161-336x420.jpeg 336w, https:\/\/prensa.sma.gob.ar\/wp-content\/uploads\/2025\/07\/WhatsApp-Image-2025-07-10-at-12.22.161-696x870.jpeg 696w, https:\/\/prensa.sma.gob.ar\/wp-content\/uploads\/2025\/07\/WhatsApp-Image-2025-07-10-at-12.22.161.jpeg 1024w\" sizes=\"auto, (max-width: 819px) 100vw, 819px\" \/><\/figure>\n<\/figure>\n","protected":false},"excerpt":{"rendered":"<p>Los d\u00edas viernes 18, s\u00e1bado 19 y domingo 20 de julio se realizar\u00e1 en San Mart\u00edn de los Andes el Congreso Federal \u00abJuntos por la prevenci\u00f3n\u00bb, con la participaci\u00f3n de representantes de sectores p\u00fablicos, privados, religiosos, deportivos y sociales. En encuentro servir\u00e1 para tomar decisiones, construir puentes y encontrar respuestas. Se realizar\u00e1 bajo el lema [&hellip;]<\/p>\n","protected":false},"author":2,"featured_media":8422,"comment_status":"closed","ping_status":"open","sticky":false,"template":"","format":"standard","meta":{"footnotes":""},"categories":[16,14],"tags":[],"class_list":{"0":"post-8419","1":"post","2":"type-post","3":"status-publish","4":"format-standard","5":"has-post-thumbnail","7":"category-destacadas","8":"category-noticias"},"_links":{"self":[{"href":"https:\/\/prensa.sma.gob.ar\/index.php?rest_route=\/wp\/v2\/posts\/8419","targetHints":{"allow":["GET"]}}],"collection":[{"href":"https:\/\/prensa.sma.gob.ar\/index.php?rest_route=\/wp\/v2\/posts"}],"about":[{"href":"https:\/\/prensa.sma.gob.ar\/index.php?rest_route=\/wp\/v2\/types\/post"}],"author":[{"embeddable":true,"href":"https:\/\/prensa.sma.gob.ar\/index.php?rest_route=\/wp\/v2\/users\/2"}],"replies":[{"embeddable":true,"href":"https:\/\/prensa.sma.gob.ar\/index.php?rest_route=%2Fwp%2Fv2%2Fcomments&post=8419"}],"version-history":[{"count":2,"href":"https:\/\/prensa.sma.gob.ar\/index.php?rest_route=\/wp\/v2\/posts\/8419\/revisions"}],"predecessor-version":[{"id":8425,"href":"https:\/\/prensa.sma.gob.ar\/index.php?rest_route=\/wp\/v2\/posts\/8419\/revisions\/8425"}],"wp:featuredmedia":[{"embeddable":true,"href":"https:\/\/prensa.sma.gob.ar\/index.php?rest_route=\/wp\/v2\/media\/8422"}],"wp:attachment":[{"href":"https:\/\/prensa.sma.gob.ar\/index.php?rest_route=%2Fwp%2Fv2%2Fmedia&parent=8419"}],"wp:term":[{"taxonomy":"category","embeddable":true,"href":"https:\/\/prensa.sma.gob.ar\/index.php?rest_route=%2Fwp%2Fv2%2Fcategories&post=8419"},{"taxonomy":"post_tag","embeddable":true,"href":"https:\/\/prensa.sma.gob.ar\/index.php?rest_route=%2Fwp%2Fv2%2Ftags&post=8419"}],"curies":[{"name":"wp","href":"https:\/\/api.w.org\/{rel}","templated":true}]}}