{"id":8522,"date":"2025-07-16T23:07:09","date_gmt":"2025-07-16T23:07:09","guid":{"rendered":"https:\/\/prensa.sma.gob.ar\/?p=8522"},"modified":"2025-07-16T23:19:50","modified_gmt":"2025-07-16T23:19:50","slug":"asi-luce-la-nueva-iluminacion-de-plazas-en-barrio-jardin-y-en-kumelcayen","status":"publish","type":"post","link":"https:\/\/prensa.sma.gob.ar\/?p=8522","title":{"rendered":"As\u00ed luce la nueva iluminaci\u00f3n de plazas en Barrio Jard\u00edn y en Kumelkayen"},"content":{"rendered":"\n<p>Personal de la Subsecretar\u00eda de Obras P\u00fablicas trabaj\u00f3 en la iluminaci\u00f3n de otras dos plazas de nuestra ciudad, dentro del programa de mejoramiento de los espacios p\u00fablicos<\/p>\n\n\n\n<p>Una de las plazas es la del Barrio Jard\u00edn, donde la Subsecretar\u00eda trabaj\u00f3 junto a personal del Ente Provincial de Energ\u00eda del Neuqu\u00e9n (EPEN).<\/p>\n\n\n\n<p>Tambi\u00e9n qued\u00f3 inaugurada la iluminaci\u00f3n de la plaza del barrio Kumelkayen, un trabajo realizado \u00edntegramente por personal de la Subsecretar\u00eda de Obras P\u00fablicas.<\/p>\n\n\n\n<p>El programa de mejoramiento de iluminaci\u00f3n de espacios verdes incluy\u00f3 la Plaza Sarmiento, del centro de la ciudad, y la Plaza Colibr\u00ed, en el barrio El Arenal, entre otros \u00e1mbitos comunitarios.<\/p>\n\n\n\n<figure class=\"wp-block-gallery has-nested-images columns-default is-cropped wp-block-gallery-1 is-layout-flex wp-block-gallery-is-layout-flex\">\n<figure class=\"wp-block-image size-large\"><img loading=\"lazy\" decoding=\"async\" width=\"1024\" height=\"768\" data-id=\"8531\" src=\"https:\/\/prensa.sma.gob.ar\/wp-content\/uploads\/2025\/07\/WhatsApp-Image-2025-07-16-at-19.51.14-1024x768.jpeg\" alt=\"\" class=\"wp-image-8531\" srcset=\"https:\/\/prensa.sma.gob.ar\/wp-content\/uploads\/2025\/07\/WhatsApp-Image-2025-07-16-at-19.51.14-1024x768.jpeg 1024w, https:\/\/prensa.sma.gob.ar\/wp-content\/uploads\/2025\/07\/WhatsApp-Image-2025-07-16-at-19.51.14-300x225.jpeg 300w, https:\/\/prensa.sma.gob.ar\/wp-content\/uploads\/2025\/07\/WhatsApp-Image-2025-07-16-at-19.51.14-768x576.jpeg 768w, https:\/\/prensa.sma.gob.ar\/wp-content\/uploads\/2025\/07\/WhatsApp-Image-2025-07-16-at-19.51.14-560x420.jpeg 560w, https:\/\/prensa.sma.gob.ar\/wp-content\/uploads\/2025\/07\/WhatsApp-Image-2025-07-16-at-19.51.14-80x60.jpeg 80w, https:\/\/prensa.sma.gob.ar\/wp-content\/uploads\/2025\/07\/WhatsApp-Image-2025-07-16-at-19.51.14-696x522.jpeg 696w, https:\/\/prensa.sma.gob.ar\/wp-content\/uploads\/2025\/07\/WhatsApp-Image-2025-07-16-at-19.51.14-1068x801.jpeg 1068w, https:\/\/prensa.sma.gob.ar\/wp-content\/uploads\/2025\/07\/WhatsApp-Image-2025-07-16-at-19.51.14.jpeg 1280w\" sizes=\"auto, (max-width: 1024px) 100vw, 1024px\" \/><\/figure>\n\n\n\n<figure class=\"wp-block-image size-large\"><img loading=\"lazy\" decoding=\"async\" width=\"1024\" height=\"768\" data-id=\"8530\" src=\"https:\/\/prensa.sma.gob.ar\/wp-content\/uploads\/2025\/07\/WhatsApp-Image-2025-07-16-at-19.51.14-1-1024x768.jpeg\" alt=\"\" class=\"wp-image-8530\" srcset=\"https:\/\/prensa.sma.gob.ar\/wp-content\/uploads\/2025\/07\/WhatsApp-Image-2025-07-16-at-19.51.14-1-1024x768.jpeg 1024w, https:\/\/prensa.sma.gob.ar\/wp-content\/uploads\/2025\/07\/WhatsApp-Image-2025-07-16-at-19.51.14-1-300x225.jpeg 300w, https:\/\/prensa.sma.gob.ar\/wp-content\/uploads\/2025\/07\/WhatsApp-Image-2025-07-16-at-19.51.14-1-768x576.jpeg 768w, https:\/\/prensa.sma.gob.ar\/wp-content\/uploads\/2025\/07\/WhatsApp-Image-2025-07-16-at-19.51.14-1-560x420.jpeg 560w, https:\/\/prensa.sma.gob.ar\/wp-content\/uploads\/2025\/07\/WhatsApp-Image-2025-07-16-at-19.51.14-1-80x60.jpeg 80w, https:\/\/prensa.sma.gob.ar\/wp-content\/uploads\/2025\/07\/WhatsApp-Image-2025-07-16-at-19.51.14-1-696x522.jpeg 696w, https:\/\/prensa.sma.gob.ar\/wp-content\/uploads\/2025\/07\/WhatsApp-Image-2025-07-16-at-19.51.14-1-1068x801.jpeg 1068w, https:\/\/prensa.sma.gob.ar\/wp-content\/uploads\/2025\/07\/WhatsApp-Image-2025-07-16-at-19.51.14-1.jpeg 1280w\" sizes=\"auto, (max-width: 1024px) 100vw, 1024px\" \/><\/figure>\n\n\n\n<figure class=\"wp-block-image size-large\"><img loading=\"lazy\" decoding=\"async\" width=\"1024\" height=\"768\" data-id=\"8529\" src=\"https:\/\/prensa.sma.gob.ar\/wp-content\/uploads\/2025\/07\/WhatsApp-Image-2025-07-16-at-19.51.14-2-1024x768.jpeg\" alt=\"\" class=\"wp-image-8529\" srcset=\"https:\/\/prensa.sma.gob.ar\/wp-content\/uploads\/2025\/07\/WhatsApp-Image-2025-07-16-at-19.51.14-2-1024x768.jpeg 1024w, https:\/\/prensa.sma.gob.ar\/wp-content\/uploads\/2025\/07\/WhatsApp-Image-2025-07-16-at-19.51.14-2-300x225.jpeg 300w, https:\/\/prensa.sma.gob.ar\/wp-content\/uploads\/2025\/07\/WhatsApp-Image-2025-07-16-at-19.51.14-2-768x576.jpeg 768w, https:\/\/prensa.sma.gob.ar\/wp-content\/uploads\/2025\/07\/WhatsApp-Image-2025-07-16-at-19.51.14-2-560x420.jpeg 560w, https:\/\/prensa.sma.gob.ar\/wp-content\/uploads\/2025\/07\/WhatsApp-Image-2025-07-16-at-19.51.14-2-80x60.jpeg 80w, https:\/\/prensa.sma.gob.ar\/wp-content\/uploads\/2025\/07\/WhatsApp-Image-2025-07-16-at-19.51.14-2-696x522.jpeg 696w, https:\/\/prensa.sma.gob.ar\/wp-content\/uploads\/2025\/07\/WhatsApp-Image-2025-07-16-at-19.51.14-2-1068x801.jpeg 1068w, https:\/\/prensa.sma.gob.ar\/wp-content\/uploads\/2025\/07\/WhatsApp-Image-2025-07-16-at-19.51.14-2.jpeg 1280w\" sizes=\"auto, (max-width: 1024px) 100vw, 1024px\" \/><\/figure>\n\n\n\n<figure class=\"wp-block-image size-large\"><img loading=\"lazy\" decoding=\"async\" width=\"1024\" height=\"768\" data-id=\"8528\" src=\"https:\/\/prensa.sma.gob.ar\/wp-content\/uploads\/2025\/07\/WhatsApp-Image-2025-07-16-at-19.51.14-3-1024x768.jpeg\" alt=\"\" class=\"wp-image-8528\" srcset=\"https:\/\/prensa.sma.gob.ar\/wp-content\/uploads\/2025\/07\/WhatsApp-Image-2025-07-16-at-19.51.14-3-1024x768.jpeg 1024w, https:\/\/prensa.sma.gob.ar\/wp-content\/uploads\/2025\/07\/WhatsApp-Image-2025-07-16-at-19.51.14-3-300x225.jpeg 300w, https:\/\/prensa.sma.gob.ar\/wp-content\/uploads\/2025\/07\/WhatsApp-Image-2025-07-16-at-19.51.14-3-768x576.jpeg 768w, https:\/\/prensa.sma.gob.ar\/wp-content\/uploads\/2025\/07\/WhatsApp-Image-2025-07-16-at-19.51.14-3-560x420.jpeg 560w, https:\/\/prensa.sma.gob.ar\/wp-content\/uploads\/2025\/07\/WhatsApp-Image-2025-07-16-at-19.51.14-3-80x60.jpeg 80w, https:\/\/prensa.sma.gob.ar\/wp-content\/uploads\/2025\/07\/WhatsApp-Image-2025-07-16-at-19.51.14-3-696x522.jpeg 696w, https:\/\/prensa.sma.gob.ar\/wp-content\/uploads\/2025\/07\/WhatsApp-Image-2025-07-16-at-19.51.14-3-1068x801.jpeg 1068w, https:\/\/prensa.sma.gob.ar\/wp-content\/uploads\/2025\/07\/WhatsApp-Image-2025-07-16-at-19.51.14-3.jpeg 1280w\" sizes=\"auto, (max-width: 1024px) 100vw, 1024px\" \/><\/figure>\n\n\n\n<figure class=\"wp-block-image size-large\"><img loading=\"lazy\" decoding=\"async\" width=\"1024\" height=\"768\" data-id=\"8527\" src=\"https:\/\/prensa.sma.gob.ar\/wp-content\/uploads\/2025\/07\/WhatsApp-Image-2025-07-16-at-19.51.14-4-1024x768.jpeg\" alt=\"\" class=\"wp-image-8527\" srcset=\"https:\/\/prensa.sma.gob.ar\/wp-content\/uploads\/2025\/07\/WhatsApp-Image-2025-07-16-at-19.51.14-4-1024x768.jpeg 1024w, https:\/\/prensa.sma.gob.ar\/wp-content\/uploads\/2025\/07\/WhatsApp-Image-2025-07-16-at-19.51.14-4-300x225.jpeg 300w, https:\/\/prensa.sma.gob.ar\/wp-content\/uploads\/2025\/07\/WhatsApp-Image-2025-07-16-at-19.51.14-4-768x576.jpeg 768w, https:\/\/prensa.sma.gob.ar\/wp-content\/uploads\/2025\/07\/WhatsApp-Image-2025-07-16-at-19.51.14-4-560x420.jpeg 560w, https:\/\/prensa.sma.gob.ar\/wp-content\/uploads\/2025\/07\/WhatsApp-Image-2025-07-16-at-19.51.14-4-80x60.jpeg 80w, https:\/\/prensa.sma.gob.ar\/wp-content\/uploads\/2025\/07\/WhatsApp-Image-2025-07-16-at-19.51.14-4-696x522.jpeg 696w, https:\/\/prensa.sma.gob.ar\/wp-content\/uploads\/2025\/07\/WhatsApp-Image-2025-07-16-at-19.51.14-4-1068x801.jpeg 1068w, https:\/\/prensa.sma.gob.ar\/wp-content\/uploads\/2025\/07\/WhatsApp-Image-2025-07-16-at-19.51.14-4.jpeg 1280w\" sizes=\"auto, (max-width: 1024px) 100vw, 1024px\" \/><\/figure>\n\n\n\n<figure class=\"wp-block-image size-large\"><img loading=\"lazy\" decoding=\"async\" width=\"1024\" height=\"768\" data-id=\"8526\" src=\"https:\/\/prensa.sma.gob.ar\/wp-content\/uploads\/2025\/07\/WhatsApp-Image-2025-07-16-at-19.52.06-1024x768.jpeg\" alt=\"\" class=\"wp-image-8526\" srcset=\"https:\/\/prensa.sma.gob.ar\/wp-content\/uploads\/2025\/07\/WhatsApp-Image-2025-07-16-at-19.52.06-1024x768.jpeg 1024w, https:\/\/prensa.sma.gob.ar\/wp-content\/uploads\/2025\/07\/WhatsApp-Image-2025-07-16-at-19.52.06-300x225.jpeg 300w, https:\/\/prensa.sma.gob.ar\/wp-content\/uploads\/2025\/07\/WhatsApp-Image-2025-07-16-at-19.52.06-768x576.jpeg 768w, https:\/\/prensa.sma.gob.ar\/wp-content\/uploads\/2025\/07\/WhatsApp-Image-2025-07-16-at-19.52.06-560x420.jpeg 560w, https:\/\/prensa.sma.gob.ar\/wp-content\/uploads\/2025\/07\/WhatsApp-Image-2025-07-16-at-19.52.06-80x60.jpeg 80w, https:\/\/prensa.sma.gob.ar\/wp-content\/uploads\/2025\/07\/WhatsApp-Image-2025-07-16-at-19.52.06-696x522.jpeg 696w, https:\/\/prensa.sma.gob.ar\/wp-content\/uploads\/2025\/07\/WhatsApp-Image-2025-07-16-at-19.52.06-1068x801.jpeg 1068w, https:\/\/prensa.sma.gob.ar\/wp-content\/uploads\/2025\/07\/WhatsApp-Image-2025-07-16-at-19.52.06.jpeg 1280w\" sizes=\"auto, (max-width: 1024px) 100vw, 1024px\" \/><\/figure>\n\n\n\n<figure class=\"wp-block-image size-large\"><img loading=\"lazy\" decoding=\"async\" width=\"768\" height=\"1024\" data-id=\"8525\" src=\"https:\/\/prensa.sma.gob.ar\/wp-content\/uploads\/2025\/07\/WhatsApp-Image-2025-07-16-at-19.52.06-1-768x1024.jpeg\" alt=\"\" class=\"wp-image-8525\" srcset=\"https:\/\/prensa.sma.gob.ar\/wp-content\/uploads\/2025\/07\/WhatsApp-Image-2025-07-16-at-19.52.06-1-768x1024.jpeg 768w, https:\/\/prensa.sma.gob.ar\/wp-content\/uploads\/2025\/07\/WhatsApp-Image-2025-07-16-at-19.52.06-1-225x300.jpeg 225w, https:\/\/prensa.sma.gob.ar\/wp-content\/uploads\/2025\/07\/WhatsApp-Image-2025-07-16-at-19.52.06-1-315x420.jpeg 315w, https:\/\/prensa.sma.gob.ar\/wp-content\/uploads\/2025\/07\/WhatsApp-Image-2025-07-16-at-19.52.06-1-696x928.jpeg 696w, https:\/\/prensa.sma.gob.ar\/wp-content\/uploads\/2025\/07\/WhatsApp-Image-2025-07-16-at-19.52.06-1.jpeg 960w\" sizes=\"auto, (max-width: 768px) 100vw, 768px\" \/><\/figure>\n\n\n\n<figure class=\"wp-block-image size-large\"><img loading=\"lazy\" decoding=\"async\" width=\"1024\" height=\"768\" data-id=\"8524\" src=\"https:\/\/prensa.sma.gob.ar\/wp-content\/uploads\/2025\/07\/WhatsApp-Image-2025-07-16-at-19.52.07-1024x768.jpeg\" alt=\"\" class=\"wp-image-8524\" srcset=\"https:\/\/prensa.sma.gob.ar\/wp-content\/uploads\/2025\/07\/WhatsApp-Image-2025-07-16-at-19.52.07-1024x768.jpeg 1024w, https:\/\/prensa.sma.gob.ar\/wp-content\/uploads\/2025\/07\/WhatsApp-Image-2025-07-16-at-19.52.07-300x225.jpeg 300w, https:\/\/prensa.sma.gob.ar\/wp-content\/uploads\/2025\/07\/WhatsApp-Image-2025-07-16-at-19.52.07-768x576.jpeg 768w, https:\/\/prensa.sma.gob.ar\/wp-content\/uploads\/2025\/07\/WhatsApp-Image-2025-07-16-at-19.52.07-560x420.jpeg 560w, https:\/\/prensa.sma.gob.ar\/wp-content\/uploads\/2025\/07\/WhatsApp-Image-2025-07-16-at-19.52.07-80x60.jpeg 80w, https:\/\/prensa.sma.gob.ar\/wp-content\/uploads\/2025\/07\/WhatsApp-Image-2025-07-16-at-19.52.07-696x522.jpeg 696w, https:\/\/prensa.sma.gob.ar\/wp-content\/uploads\/2025\/07\/WhatsApp-Image-2025-07-16-at-19.52.07-1068x801.jpeg 1068w, https:\/\/prensa.sma.gob.ar\/wp-content\/uploads\/2025\/07\/WhatsApp-Image-2025-07-16-at-19.52.07.jpeg 1280w\" sizes=\"auto, (max-width: 1024px) 100vw, 1024px\" \/><\/figure>\n\n\n\n<figure class=\"wp-block-image size-large\"><img loading=\"lazy\" decoding=\"async\" width=\"1024\" height=\"768\" data-id=\"8523\" src=\"https:\/\/prensa.sma.gob.ar\/wp-content\/uploads\/2025\/07\/WhatsApp-Image-2025-07-16-at-19.52.07-1-1024x768.jpeg\" alt=\"\" class=\"wp-image-8523\" srcset=\"https:\/\/prensa.sma.gob.ar\/wp-content\/uploads\/2025\/07\/WhatsApp-Image-2025-07-16-at-19.52.07-1-1024x768.jpeg 1024w, https:\/\/prensa.sma.gob.ar\/wp-content\/uploads\/2025\/07\/WhatsApp-Image-2025-07-16-at-19.52.07-1-300x225.jpeg 300w, https:\/\/prensa.sma.gob.ar\/wp-content\/uploads\/2025\/07\/WhatsApp-Image-2025-07-16-at-19.52.07-1-768x576.jpeg 768w, https:\/\/prensa.sma.gob.ar\/wp-content\/uploads\/2025\/07\/WhatsApp-Image-2025-07-16-at-19.52.07-1-560x420.jpeg 560w, https:\/\/prensa.sma.gob.ar\/wp-content\/uploads\/2025\/07\/WhatsApp-Image-2025-07-16-at-19.52.07-1-80x60.jpeg 80w, https:\/\/prensa.sma.gob.ar\/wp-content\/uploads\/2025\/07\/WhatsApp-Image-2025-07-16-at-19.52.07-1-696x522.jpeg 696w, https:\/\/prensa.sma.gob.ar\/wp-content\/uploads\/2025\/07\/WhatsApp-Image-2025-07-16-at-19.52.07-1-1068x801.jpeg 1068w, https:\/\/prensa.sma.gob.ar\/wp-content\/uploads\/2025\/07\/WhatsApp-Image-2025-07-16-at-19.52.07-1.jpeg 1280w\" sizes=\"auto, (max-width: 1024px) 100vw, 1024px\" \/><\/figure>\n<\/figure>\n","protected":false},"excerpt":{"rendered":"<p>Personal de la Subsecretar\u00eda de Obras P\u00fablicas trabaj\u00f3 en la iluminaci\u00f3n de otras dos plazas de nuestra ciudad, dentro del programa de mejoramiento de los espacios p\u00fablicos Una de las plazas es la del Barrio Jard\u00edn, donde la Subsecretar\u00eda trabaj\u00f3 junto a personal del Ente Provincial de Energ\u00eda del Neuqu\u00e9n (EPEN). Tambi\u00e9n qued\u00f3 inaugurada la [&hellip;]<\/p>\n","protected":false},"author":2,"featured_media":8523,"comment_status":"closed","ping_status":"open","sticky":false,"template":"","format":"standard","meta":{"footnotes":""},"categories":[16,14,19],"tags":[],"class_list":{"0":"post-8522","1":"post","2":"type-post","3":"status-publish","4":"format-standard","5":"has-post-thumbnail","7":"category-destacadas","8":"category-noticias","9":"category-obras-y-servicios-publicos"},"_links":{"self":[{"href":"https:\/\/prensa.sma.gob.ar\/index.php?rest_route=\/wp\/v2\/posts\/8522","targetHints":{"allow":["GET"]}}],"collection":[{"href":"https:\/\/prensa.sma.gob.ar\/index.php?rest_route=\/wp\/v2\/posts"}],"about":[{"href":"https:\/\/prensa.sma.gob.ar\/index.php?rest_route=\/wp\/v2\/types\/post"}],"author":[{"embeddable":true,"href":"https:\/\/prensa.sma.gob.ar\/index.php?rest_route=\/wp\/v2\/users\/2"}],"replies":[{"embeddable":true,"href":"https:\/\/prensa.sma.gob.ar\/index.php?rest_route=%2Fwp%2Fv2%2Fcomments&post=8522"}],"version-history":[{"count":3,"href":"https:\/\/prensa.sma.gob.ar\/index.php?rest_route=\/wp\/v2\/posts\/8522\/revisions"}],"predecessor-version":[{"id":8535,"href":"https:\/\/prensa.sma.gob.ar\/index.php?rest_route=\/wp\/v2\/posts\/8522\/revisions\/8535"}],"wp:featuredmedia":[{"embeddable":true,"href":"https:\/\/prensa.sma.gob.ar\/index.php?rest_route=\/wp\/v2\/media\/8523"}],"wp:attachment":[{"href":"https:\/\/prensa.sma.gob.ar\/index.php?rest_route=%2Fwp%2Fv2%2Fmedia&parent=8522"}],"wp:term":[{"taxonomy":"category","embeddable":true,"href":"https:\/\/prensa.sma.gob.ar\/index.php?rest_route=%2Fwp%2Fv2%2Fcategories&post=8522"},{"taxonomy":"post_tag","embeddable":true,"href":"https:\/\/prensa.sma.gob.ar\/index.php?rest_route=%2Fwp%2Fv2%2Ftags&post=8522"}],"curies":[{"name":"wp","href":"https:\/\/api.w.org\/{rel}","templated":true}]}}