{"id":8536,"date":"2025-07-16T23:26:10","date_gmt":"2025-07-16T23:26:10","guid":{"rendered":"https:\/\/prensa.sma.gob.ar\/?p=8536"},"modified":"2025-07-16T23:45:19","modified_gmt":"2025-07-16T23:45:19","slug":"informacion-sobre-el-procedimiento-de-solicitud-y-uso-del-minibus-municipal","status":"publish","type":"post","link":"https:\/\/prensa.sma.gob.ar\/?p=8536","title":{"rendered":"Informaci\u00f3n sobre el procedimiento de solicitud y uso del minib\u00fas municipal"},"content":{"rendered":"\n<p>El Municipio informa que, a partir de esta semana, la administraci\u00f3n del minib\u00fas municipal estar\u00e1 a cargo de la Direcci\u00f3n de Administraci\u00f3n y Despacho Municipal, cuya titular es Hilda Dur\u00e1n.<\/p>\n\n\n\n<p>Por tal motivo, todas las solicitudes deber\u00e1n ser dirigidas a la referida Direcci\u00f3n, por alguno de los siguientes medios:<\/p>\n\n\n\n<p>&nbsp;&nbsp;&nbsp;&nbsp;&nbsp;&nbsp;&nbsp;&nbsp;&nbsp;&nbsp;&nbsp;&nbsp;&nbsp;&nbsp;&nbsp; \u2022&nbsp;&nbsp;&nbsp;&nbsp;&nbsp;&nbsp;&nbsp;&nbsp;&nbsp;&nbsp;&nbsp;&nbsp; Presentando nota en papel en Mesa de Entradas del Palacio Municipal<\/p>\n\n\n\n<p>\u00a0\u00a0\u00a0\u00a0\u00a0\u00a0\u00a0\u00a0\u00a0\u00a0\u00a0\u00a0\u00a0\u00a0\u00a0 \u2022\u00a0\u00a0\u00a0\u00a0\u00a0\u00a0\u00a0\u00a0\u00a0\u00a0\u00a0\u00a0 Por correo electr\u00f3nico a: medigital@smandes.gob.ar<\/p>\n\n\n\n<p>Es fundamental que la nota de solicitud contenga la mayor cantidad de datos posibles sobre el viaje requerido, a fin de facilitar su evaluaci\u00f3n. Asimismo, se aclara que la presentaci\u00f3n de la nota no implica la confirmaci\u00f3n de la reserva, la cual quedar\u00e1 sujeta a la disponibilidad del veh\u00edculo y la viabilidad de la solicitud, lo cual ser\u00e1 oportunamente informado por la Direcci\u00f3n mencionada.<\/p>\n\n\n\n<p>Adem\u00e1s, se recuerda que:<\/p>\n\n\n\n<p>&nbsp;&nbsp;&nbsp;&nbsp;&nbsp;&nbsp;&nbsp;&nbsp;&nbsp;&nbsp;&nbsp;&nbsp;&nbsp;&nbsp;&nbsp; \u2022&nbsp;&nbsp;&nbsp;&nbsp;&nbsp;&nbsp;&nbsp;&nbsp;&nbsp;&nbsp;&nbsp;&nbsp; El minib\u00fas podr\u00e1 ser utilizado \u00fanicamente para viajes dentro del pa\u00eds y hasta un m\u00e1ximo de 500 km de distancia.<\/p>\n\n\n\n<p>&nbsp;&nbsp;&nbsp;&nbsp;&nbsp;&nbsp;&nbsp;&nbsp;&nbsp;&nbsp;&nbsp;&nbsp;&nbsp;&nbsp;&nbsp; \u2022&nbsp;&nbsp;&nbsp;&nbsp;&nbsp;&nbsp;&nbsp;&nbsp;&nbsp;&nbsp;&nbsp;&nbsp; Una vez recibida la solicitud, en la respuesta correspondiente se detallar\u00e1n todos los requisitos necesarios para el uso del veh\u00edculo.<\/p>\n\n\n\n<p>&nbsp;&nbsp;&nbsp;&nbsp;&nbsp;&nbsp;&nbsp;&nbsp;&nbsp;&nbsp;&nbsp;&nbsp;&nbsp;&nbsp;&nbsp; \u2022&nbsp;&nbsp;&nbsp;&nbsp;&nbsp;&nbsp;&nbsp;&nbsp;&nbsp;&nbsp;&nbsp;&nbsp; Seg\u00fan lo establecido en la Ordenanza N\u00b0 14.755\/24, Art\u00edculo N\u00b0 6, inciso W, se aplicar\u00e1 un cargo por uso del minib\u00fas equivalente al 0,3 litros de nafta Infinia por cada kil\u00f3metro a realizar.<\/p>\n\n\n<div class=\"wp-block-image\">\n<figure class=\"aligncenter size-large is-resized\"><img loading=\"lazy\" decoding=\"async\" width=\"1024\" height=\"1024\" src=\"https:\/\/prensa.sma.gob.ar\/wp-content\/uploads\/2025\/07\/WhatsApp-Image-2025-07-16-at-20.43.32-1024x1024.jpeg\" alt=\"\" class=\"wp-image-8540\" style=\"width:490px;height:auto\" srcset=\"https:\/\/prensa.sma.gob.ar\/wp-content\/uploads\/2025\/07\/WhatsApp-Image-2025-07-16-at-20.43.32-1024x1024.jpeg 1024w, https:\/\/prensa.sma.gob.ar\/wp-content\/uploads\/2025\/07\/WhatsApp-Image-2025-07-16-at-20.43.32-300x300.jpeg 300w, https:\/\/prensa.sma.gob.ar\/wp-content\/uploads\/2025\/07\/WhatsApp-Image-2025-07-16-at-20.43.32-150x150.jpeg 150w, https:\/\/prensa.sma.gob.ar\/wp-content\/uploads\/2025\/07\/WhatsApp-Image-2025-07-16-at-20.43.32-768x768.jpeg 768w, https:\/\/prensa.sma.gob.ar\/wp-content\/uploads\/2025\/07\/WhatsApp-Image-2025-07-16-at-20.43.32-420x420.jpeg 420w, https:\/\/prensa.sma.gob.ar\/wp-content\/uploads\/2025\/07\/WhatsApp-Image-2025-07-16-at-20.43.32-696x696.jpeg 696w, https:\/\/prensa.sma.gob.ar\/wp-content\/uploads\/2025\/07\/WhatsApp-Image-2025-07-16-at-20.43.32-1068x1068.jpeg 1068w, https:\/\/prensa.sma.gob.ar\/wp-content\/uploads\/2025\/07\/WhatsApp-Image-2025-07-16-at-20.43.32.jpeg 1080w\" sizes=\"auto, (max-width: 1024px) 100vw, 1024px\" \/><\/figure>\n<\/div>","protected":false},"excerpt":{"rendered":"<p>El Municipio informa que, a partir de esta semana, la administraci\u00f3n del minib\u00fas municipal estar\u00e1 a cargo de la Direcci\u00f3n de Administraci\u00f3n y Despacho Municipal, cuya titular es Hilda Dur\u00e1n. Por tal motivo, todas las solicitudes deber\u00e1n ser dirigidas a la referida Direcci\u00f3n, por alguno de los siguientes medios: &nbsp;&nbsp;&nbsp;&nbsp;&nbsp;&nbsp;&nbsp;&nbsp;&nbsp;&nbsp;&nbsp;&nbsp;&nbsp;&nbsp;&nbsp; \u2022&nbsp;&nbsp;&nbsp;&nbsp;&nbsp;&nbsp;&nbsp;&nbsp;&nbsp;&nbsp;&nbsp;&nbsp; Presentando nota en papel [&hellip;]<\/p>\n","protected":false},"author":2,"featured_media":8538,"comment_status":"closed","ping_status":"open","sticky":false,"template":"","format":"standard","meta":{"footnotes":""},"categories":[16,11,14],"tags":[],"class_list":{"0":"post-8536","1":"post","2":"type-post","3":"status-publish","4":"format-standard","5":"has-post-thumbnail","7":"category-destacadas","8":"category-gobierno","9":"category-noticias"},"_links":{"self":[{"href":"https:\/\/prensa.sma.gob.ar\/index.php?rest_route=\/wp\/v2\/posts\/8536","targetHints":{"allow":["GET"]}}],"collection":[{"href":"https:\/\/prensa.sma.gob.ar\/index.php?rest_route=\/wp\/v2\/posts"}],"about":[{"href":"https:\/\/prensa.sma.gob.ar\/index.php?rest_route=\/wp\/v2\/types\/post"}],"author":[{"embeddable":true,"href":"https:\/\/prensa.sma.gob.ar\/index.php?rest_route=\/wp\/v2\/users\/2"}],"replies":[{"embeddable":true,"href":"https:\/\/prensa.sma.gob.ar\/index.php?rest_route=%2Fwp%2Fv2%2Fcomments&post=8536"}],"version-history":[{"count":2,"href":"https:\/\/prensa.sma.gob.ar\/index.php?rest_route=\/wp\/v2\/posts\/8536\/revisions"}],"predecessor-version":[{"id":8541,"href":"https:\/\/prensa.sma.gob.ar\/index.php?rest_route=\/wp\/v2\/posts\/8536\/revisions\/8541"}],"wp:featuredmedia":[{"embeddable":true,"href":"https:\/\/prensa.sma.gob.ar\/index.php?rest_route=\/wp\/v2\/media\/8538"}],"wp:attachment":[{"href":"https:\/\/prensa.sma.gob.ar\/index.php?rest_route=%2Fwp%2Fv2%2Fmedia&parent=8536"}],"wp:term":[{"taxonomy":"category","embeddable":true,"href":"https:\/\/prensa.sma.gob.ar\/index.php?rest_route=%2Fwp%2Fv2%2Fcategories&post=8536"},{"taxonomy":"post_tag","embeddable":true,"href":"https:\/\/prensa.sma.gob.ar\/index.php?rest_route=%2Fwp%2Fv2%2Ftags&post=8536"}],"curies":[{"name":"wp","href":"https:\/\/api.w.org\/{rel}","templated":true}]}}