{"id":8542,"date":"2025-07-17T00:18:28","date_gmt":"2025-07-17T00:18:28","guid":{"rendered":"https:\/\/prensa.sma.gob.ar\/?p=8542"},"modified":"2025-07-17T11:51:12","modified_gmt":"2025-07-17T11:51:12","slug":"la-adjudicacion-de-la-obra-de-la-escuela-integral-n-3-es-una-gran-noticia-en-especial-para-las-familias","status":"publish","type":"post","link":"https:\/\/prensa.sma.gob.ar\/?p=8542","title":{"rendered":"\u201cLa adjudicaci\u00f3n de la Escuela Integral N\u00b0 3 es una gran noticia, en especial para las familias\u201d"},"content":{"rendered":"\n<p>El intendente Carlos Saloniti celebr\u00f3 la adjudicaci\u00f3n de la obra de la nueva Escuela Integral de Adolescentes y J\u00f3venes con Discapacidad N\u00b0 3 y agradeci\u00f3 al Gobierno provincial por atender la necesidad de las familias de la comunidad educativa.<\/p>\n\n\n\n<p>\u201cEs una escuela necesaria, que demandaba esta inversi\u00f3n p\u00fablica provincial porque permite una mirada integral de j\u00f3venes y adolescentes con discapacidad. Esta escuela tendr\u00e1, adem\u00e1s de aulas, un sal\u00f3n para diferentes usos y una huerta\u201d, se\u00f1al\u00f3.<\/p>\n\n\n\n<p>\u201cEs una enorme emoci\u00f3n\u201d, afirm\u00f3 el jefe comunal, y reivindic\u00f3 la presencia del Estado provincial. \u201cQuien pudiera hacer esta obra si no es el estado provincial. Ojal\u00e1 que se dimensione y se valore todo esto que se est\u00e1 haciendo\u201d, afirm\u00f3 Saloniti en declaraciones a Radio y Televisi\u00f3n de Neuqu\u00e9n (RTN).<\/p>\n\n\n\n<p>\u201cCuando alguien pregunta d\u00f3nde van los recursos de Vaca Muerta, la respuesta es que va a la Escuela Integral, va a la ampliaci\u00f3n de la Epet 21, va para el nuevo Cpem 96, va para el Aeropuerto, para las rutas a Lolog y a Meliquina, entre otras obras\u201d, se\u00f1al\u00f3.<\/p>\n\n\n\n<p>\u201cApenas nos enteramos de la noticia, recibimos la alegr\u00eda de los familiares de las y los alumnos. Por eso estoy agradecido al acompa\u00f1amiento de la Provincia\u201d, concluy\u00f3 Saloniti.<\/p>\n\n\n\n<p>El Gobierno de la provincia del Neuqu\u00e9n adjudic\u00f3 a la empresa Maiolo la construcci\u00f3n del nuevo edificio, una obra que cuenta con un presupuesto de 3.888.785.206,52 de pesos y tiene un plazo de ejecuci\u00f3n de 365 d\u00edas.<\/p>\n\n\n\n<p>Este lunes se public\u00f3 el decreto 812\/2025, por el cual el Ejecutivo adjudic\u00f3 a esta empresa, una de las dos que se hab\u00edan presentado en la licitaci\u00f3n convocada en enero, a trav\u00e9s del Ministerio de Infraestructura. La apertura de sobres se realiz\u00f3 a comienzos de febrero.<\/p>\n\n\n\n<p>La obra contempla la construcci\u00f3n de un nuevo edificio con una superficie cubierta de 1.526,50 m2, que se ajustar\u00e1 al terreno triangular existente. El edificio se estructurar\u00e1 en dos alas, en una de ellas se ubica el sector administrativo, servicios (cocina, sanitarios) y talleres, mientras que en la otra se encontrar\u00e1n las aulas de expresi\u00f3n corporal, SUM, invernadero (exterior) y huerta.<\/p>\n\n\n\n<p>Este establecimiento contar\u00e1 con paneles solares para la generaci\u00f3n de energ\u00eda el\u00e9ctrica. El Ministerio de Infraestructura inform\u00f3, adem\u00e1s, que se crear\u00e1n las \u00e1reas pedag\u00f3gicas, de gesti\u00f3n y administraci\u00f3n, de servicio, eventuales y el exterior.<\/p>\n\n\n\n<p>Actualmente la escuela cuenta con una matr\u00edcula de 138 estudiantes, de los cuales se encuentran 64 en sede, 57 estudiantes a los que se acompa\u00f1a en inclusi\u00f3n y 17 estudiantes con doble jornada. Los estudiantes son acompa\u00f1ados en Escuelas Secundarias, EPA, CIART, CFP. La instituci\u00f3n ofrece refrigerio, talleres y transporte escolar adaptado.<\/p>\n\n\n\n<p>El 27 de diciembre pasado, el Ministerio hab\u00eda aprobado la documentaci\u00f3n t\u00e9cnico-legal elaborada por la Direcci\u00f3n Provincial de Arquitectura de la Secretar\u00eda de Obras P\u00fablicas y autoriz\u00f3 el llamado a Licitaci\u00f3n P\u00fablica para contratar la obra, que se efectiviz\u00f3 este jueves.<\/p>\n\n\n\n<p>La Resoluci\u00f3n recuerda que escuela se encuentra incluida en el plan de obras P\u00fablicas de la Provincia; que fue requerida el 28 de noviembre de 2024, por la direcci\u00f3n de la modalidad especial del Consejo de Educaci\u00f3n y el \u00e1rea de infraestructura del Ministerio; y que la Direcci\u00f3n Provincial de Arquitectura, elabor\u00f3 el proyecto y el Pliego de Bases y Condiciones.<\/p>\n\n\n\n<p><\/p>\n","protected":false},"excerpt":{"rendered":"<p>El intendente Carlos Saloniti celebr\u00f3 la adjudicaci\u00f3n de la obra de la nueva Escuela Integral de Adolescentes y J\u00f3venes con Discapacidad N\u00b0 3 y agradeci\u00f3 al Gobierno provincial por atender la necesidad de las familias de la comunidad educativa. \u201cEs una escuela necesaria, que demandaba esta inversi\u00f3n p\u00fablica provincial porque permite una mirada integral de [&hellip;]<\/p>\n","protected":false},"author":2,"featured_media":8543,"comment_status":"closed","ping_status":"open","sticky":false,"template":"","format":"standard","meta":{"footnotes":""},"categories":[16,14,17],"tags":[],"class_list":{"0":"post-8542","1":"post","2":"type-post","3":"status-publish","4":"format-standard","5":"has-post-thumbnail","7":"category-destacadas","8":"category-noticias","9":"category-portada"},"_links":{"self":[{"href":"https:\/\/prensa.sma.gob.ar\/index.php?rest_route=\/wp\/v2\/posts\/8542","targetHints":{"allow":["GET"]}}],"collection":[{"href":"https:\/\/prensa.sma.gob.ar\/index.php?rest_route=\/wp\/v2\/posts"}],"about":[{"href":"https:\/\/prensa.sma.gob.ar\/index.php?rest_route=\/wp\/v2\/types\/post"}],"author":[{"embeddable":true,"href":"https:\/\/prensa.sma.gob.ar\/index.php?rest_route=\/wp\/v2\/users\/2"}],"replies":[{"embeddable":true,"href":"https:\/\/prensa.sma.gob.ar\/index.php?rest_route=%2Fwp%2Fv2%2Fcomments&post=8542"}],"version-history":[{"count":2,"href":"https:\/\/prensa.sma.gob.ar\/index.php?rest_route=\/wp\/v2\/posts\/8542\/revisions"}],"predecessor-version":[{"id":8546,"href":"https:\/\/prensa.sma.gob.ar\/index.php?rest_route=\/wp\/v2\/posts\/8542\/revisions\/8546"}],"wp:featuredmedia":[{"embeddable":true,"href":"https:\/\/prensa.sma.gob.ar\/index.php?rest_route=\/wp\/v2\/media\/8543"}],"wp:attachment":[{"href":"https:\/\/prensa.sma.gob.ar\/index.php?rest_route=%2Fwp%2Fv2%2Fmedia&parent=8542"}],"wp:term":[{"taxonomy":"category","embeddable":true,"href":"https:\/\/prensa.sma.gob.ar\/index.php?rest_route=%2Fwp%2Fv2%2Fcategories&post=8542"},{"taxonomy":"post_tag","embeddable":true,"href":"https:\/\/prensa.sma.gob.ar\/index.php?rest_route=%2Fwp%2Fv2%2Ftags&post=8542"}],"curies":[{"name":"wp","href":"https:\/\/api.w.org\/{rel}","templated":true}]}}