{"id":8572,"date":"2025-07-18T15:15:11","date_gmt":"2025-07-18T15:15:11","guid":{"rendered":"https:\/\/prensa.sma.gob.ar\/?p=8572"},"modified":"2025-07-18T15:15:12","modified_gmt":"2025-07-18T15:15:12","slug":"el-martes-22-de-julio-se-realizara-el-primer-encuentro-del-programa-proyecta-futuro","status":"publish","type":"post","link":"https:\/\/prensa.sma.gob.ar\/?p=8572","title":{"rendered":"El martes 22 de julio se realizar\u00e1 el Primer Encuentro del Programa Proyecta Futuro"},"content":{"rendered":"\n<p>El pr\u00f3ximo martes 22 de julio, a las 14.30, se realizar\u00e1 en el espacio DUAM, de la ciudad de Neuqu\u00e9n, el Primer Encuentro del Programa Proyecta Futuro, un espacio que busca promover el mejoramiento de emprendimientos con financiamientos de hasta 30 millones de pesos.<\/p>\n\n\n\n<p>Durante el encuentro se presentar\u00e1n los coordinadores del programa, los contenidos clave, los procesos del programa y estar\u00e1 abierta la posibilidad de conectarse con otros participantes que tambi\u00e9n buscan asumir nuevos desaf\u00edos.<\/p>\n\n\n\n<p>Fecha: 22 de julio 2025<\/p>\n\n\n\n<p>Hora: 14:30hs<\/p>\n\n\n\n<p>Lugar: Espacio Duam (Ciudad de Neuqu\u00e9n, San Mart\u00edn 5901).&nbsp;<\/p>\n\n\n\n<p>Inscripciones:<\/p>\n\n\n\n<p><a href=\"https:\/\/docs.google.com\/forms\/d\/e\/1FAIpQLSdsp4xCqa8fNYH1SpI3-o9yjNY-EyK4eDIbUKu1s7GEIZKI2Q\/viewform\">https:\/\/docs.google.com\/forms\/d\/e\/1FAIpQLSdsp4xCqa8fNYH1SpI3-o9yjNY-EyK4eDIbUKu1s7GEIZKI2Q\/viewform<\/a><\/p>\n\n\n<div class=\"wp-block-image\">\n<figure class=\"aligncenter size-large is-resized\"><img loading=\"lazy\" decoding=\"async\" width=\"819\" height=\"1024\" src=\"https:\/\/prensa.sma.gob.ar\/wp-content\/uploads\/2025\/07\/WhatsApp-Image-2025-07-18-at-11.51.18-819x1024.jpeg\" alt=\"\" class=\"wp-image-8573\" style=\"width:570px;height:auto\" srcset=\"https:\/\/prensa.sma.gob.ar\/wp-content\/uploads\/2025\/07\/WhatsApp-Image-2025-07-18-at-11.51.18-819x1024.jpeg 819w, https:\/\/prensa.sma.gob.ar\/wp-content\/uploads\/2025\/07\/WhatsApp-Image-2025-07-18-at-11.51.18-240x300.jpeg 240w, https:\/\/prensa.sma.gob.ar\/wp-content\/uploads\/2025\/07\/WhatsApp-Image-2025-07-18-at-11.51.18-768x960.jpeg 768w, https:\/\/prensa.sma.gob.ar\/wp-content\/uploads\/2025\/07\/WhatsApp-Image-2025-07-18-at-11.51.18-336x420.jpeg 336w, https:\/\/prensa.sma.gob.ar\/wp-content\/uploads\/2025\/07\/WhatsApp-Image-2025-07-18-at-11.51.18-696x870.jpeg 696w, https:\/\/prensa.sma.gob.ar\/wp-content\/uploads\/2025\/07\/WhatsApp-Image-2025-07-18-at-11.51.18-1068x1335.jpeg 1068w, https:\/\/prensa.sma.gob.ar\/wp-content\/uploads\/2025\/07\/WhatsApp-Image-2025-07-18-at-11.51.18.jpeg 1080w\" sizes=\"auto, (max-width: 819px) 100vw, 819px\" \/><\/figure>\n<\/div>","protected":false},"excerpt":{"rendered":"<p>El pr\u00f3ximo martes 22 de julio, a las 14.30, se realizar\u00e1 en el espacio DUAM, de la ciudad de Neuqu\u00e9n, el Primer Encuentro del Programa Proyecta Futuro, un espacio que busca promover el mejoramiento de emprendimientos con financiamientos de hasta 30 millones de pesos. Durante el encuentro se presentar\u00e1n los coordinadores del programa, los contenidos [&hellip;]<\/p>\n","protected":false},"author":2,"featured_media":8574,"comment_status":"closed","ping_status":"open","sticky":false,"template":"","format":"standard","meta":{"footnotes":""},"categories":[16,14],"tags":[],"class_list":{"0":"post-8572","1":"post","2":"type-post","3":"status-publish","4":"format-standard","5":"has-post-thumbnail","7":"category-destacadas","8":"category-noticias"},"_links":{"self":[{"href":"https:\/\/prensa.sma.gob.ar\/index.php?rest_route=\/wp\/v2\/posts\/8572","targetHints":{"allow":["GET"]}}],"collection":[{"href":"https:\/\/prensa.sma.gob.ar\/index.php?rest_route=\/wp\/v2\/posts"}],"about":[{"href":"https:\/\/prensa.sma.gob.ar\/index.php?rest_route=\/wp\/v2\/types\/post"}],"author":[{"embeddable":true,"href":"https:\/\/prensa.sma.gob.ar\/index.php?rest_route=\/wp\/v2\/users\/2"}],"replies":[{"embeddable":true,"href":"https:\/\/prensa.sma.gob.ar\/index.php?rest_route=%2Fwp%2Fv2%2Fcomments&post=8572"}],"version-history":[{"count":1,"href":"https:\/\/prensa.sma.gob.ar\/index.php?rest_route=\/wp\/v2\/posts\/8572\/revisions"}],"predecessor-version":[{"id":8575,"href":"https:\/\/prensa.sma.gob.ar\/index.php?rest_route=\/wp\/v2\/posts\/8572\/revisions\/8575"}],"wp:featuredmedia":[{"embeddable":true,"href":"https:\/\/prensa.sma.gob.ar\/index.php?rest_route=\/wp\/v2\/media\/8574"}],"wp:attachment":[{"href":"https:\/\/prensa.sma.gob.ar\/index.php?rest_route=%2Fwp%2Fv2%2Fmedia&parent=8572"}],"wp:term":[{"taxonomy":"category","embeddable":true,"href":"https:\/\/prensa.sma.gob.ar\/index.php?rest_route=%2Fwp%2Fv2%2Fcategories&post=8572"},{"taxonomy":"post_tag","embeddable":true,"href":"https:\/\/prensa.sma.gob.ar\/index.php?rest_route=%2Fwp%2Fv2%2Ftags&post=8572"}],"curies":[{"name":"wp","href":"https:\/\/api.w.org\/{rel}","templated":true}]}}