{"id":8576,"date":"2025-07-18T17:17:32","date_gmt":"2025-07-18T17:17:32","guid":{"rendered":"https:\/\/prensa.sma.gob.ar\/?p=8576"},"modified":"2025-07-18T17:20:56","modified_gmt":"2025-07-18T17:20:56","slug":"trabajo-comunitario-para-disminuir-los-riesgos-de-incendios-de-interfaz","status":"publish","type":"post","link":"https:\/\/prensa.sma.gob.ar\/?p=8576","title":{"rendered":"Trabajo comunitario para disminuir los riesgos de incendios de interfaz"},"content":{"rendered":"\n<p>Tres barrios de nuestra ciudad fueron seleccionados para realizar una prueba piloto de respuesta comunitaria con el objetivo de disminuir los riesgos de incendios de Interfaz y mejorar los trabajos preventivos a trav\u00e9s de las juntas vecinales.<\/p>\n\n\n\n<p>La propuesta es fortalecer la conciencia colectiva respecto al riesgo que representa habitar en \u00e1reas expuestas a incendios, promoviendo en la ciudadan\u00eda la incorporaci\u00f3n de herramientas y pr\u00e1cticas que contribuyan a reducir su vulnerabilidad.<\/p>\n\n\n\n<p>La iniciativa est\u00e1 instrumentada por la Secretar\u00eda de Emergencias y Gesti\u00f3n de Riesgos de la provincia de Neuqu\u00e9n, el Servicio Provincial de Manejo del Fuego y Bomberos Voluntarios de nuestra ciudad, junto con la Subsecretar\u00eda de Juntas Vecinales del Municipio,<\/p>\n\n\n\n<p>El denominado \u201cProyecto Interfaz Resiliente\u201d tiene como finalidad sentar las bases para el desarrollo de una pol\u00edtica p\u00fablica comunitaria, orientada a la gesti\u00f3n integral del riesgo de incendios en zonas de interfaz rural-urbana.<\/p>\n\n\n\n<p>La propuesta se aplicar\u00e1 en Los Radales\/Covisal; Kaleuche Alto y Bajo y Los Riscos, que comprende tambi\u00e9n Handel y Rapanui, \u00e1reas consideradas de alto riesgo. Las vecinas y vecinos de estos barrios est\u00e1n recibiendo un formulario que busca relevar los datos sociales de cada n\u00facleo barrial, con el objeto de identificar y ponderar esas condiciones e incorporarlas al manejo de emergencias.<\/p>\n\n\n\n<p>La propuesta fue explicitada este jueves durante una reuni\u00f3n que se realiz\u00f3 en el cuartel de Bomberos de El Arenal, de la que participaron personal de las tres instituciones, de la Subsecretar\u00eda de Juntas Vecinales y de la Direcci\u00f3n de Protecci\u00f3n Civil, junto a representantes de las comisiones barriales y del Consejo de Juntas Vecinales.<\/p>\n\n\n\n<p>Durante la reuni\u00f3n se hizo especial referencia a la escasa o nula percepci\u00f3n de riesgo que suele detectarse en los pobladores que vive en estas \u00e1reas. En funci\u00f3n de eso, esta iniciativa busca generar actividades de car\u00e1cter peri\u00f3dico para fomentar la concientizaci\u00f3n, educaci\u00f3n y entrenamiento.<\/p>\n\n\n\n<p>En este sentido, se inform\u00f3 que, en San Mart\u00edn de los Andes, casi el 90% de los barrios presenta riesgos de incendios de interfaz y que la experiencia mundial determina que el riesgo de este tipo de fen\u00f3menos disminuye en aquellos lugares donde la comunidad est\u00e1 organizada.<\/p>\n\n\n\n<p>El Proyecto Interfaz Resiliente incluye la conformaci\u00f3n de equipos de trabajo multisectoriales que aborden la problem\u00e1tica desde sus fases iniciales, priorizando la prevenci\u00f3n y la preparaci\u00f3n. Es parte del desarrollo de un plan de acci\u00f3n comunitaria aplicable a toda la provincia, pero atendiendo a las caracter\u00edsticas de cada uno de los barrios.<\/p>\n\n\n\n<p>Las acciones incluyen capacitaci\u00f3n y prevenci\u00f3n comunitaria, el estado de Situaci\u00f3n Poblacional, el relevamiento de edades, salud, movilidad y recursos, evaluaci\u00f3n de riesgos por vivienda y mapeo de niveles de riesgo del barrio a trav\u00e9s de cartograf\u00eda participativa; planes de evacuaci\u00f3n, campa\u00f1as educativas, evaluaci\u00f3n de tiempos de respuesta de organismos y preparaci\u00f3n y participaci\u00f3n vecinal y validaci\u00f3n de datos con vecinos e instituciones; construcci\u00f3n de cortafuegos y per\u00edmetros seguros e infraestructura de combate y evacuaci\u00f3n.<\/p>\n\n\n\n<figure class=\"wp-block-gallery has-nested-images columns-default is-cropped wp-block-gallery-1 is-layout-flex wp-block-gallery-is-layout-flex\">\n<figure class=\"wp-block-image size-large\"><img loading=\"lazy\" decoding=\"async\" width=\"1024\" height=\"771\" data-id=\"8580\" src=\"https:\/\/prensa.sma.gob.ar\/wp-content\/uploads\/2025\/07\/WhatsApp-Image-2025-07-18-at-10.02.281-1024x771.jpeg\" alt=\"\" class=\"wp-image-8580\" srcset=\"https:\/\/prensa.sma.gob.ar\/wp-content\/uploads\/2025\/07\/WhatsApp-Image-2025-07-18-at-10.02.281-1024x771.jpeg 1024w, https:\/\/prensa.sma.gob.ar\/wp-content\/uploads\/2025\/07\/WhatsApp-Image-2025-07-18-at-10.02.281-300x226.jpeg 300w, https:\/\/prensa.sma.gob.ar\/wp-content\/uploads\/2025\/07\/WhatsApp-Image-2025-07-18-at-10.02.281-768x578.jpeg 768w, https:\/\/prensa.sma.gob.ar\/wp-content\/uploads\/2025\/07\/WhatsApp-Image-2025-07-18-at-10.02.281-1536x1157.jpeg 1536w, https:\/\/prensa.sma.gob.ar\/wp-content\/uploads\/2025\/07\/WhatsApp-Image-2025-07-18-at-10.02.281-2048x1542.jpeg 2048w, https:\/\/prensa.sma.gob.ar\/wp-content\/uploads\/2025\/07\/WhatsApp-Image-2025-07-18-at-10.02.281-558x420.jpeg 558w, https:\/\/prensa.sma.gob.ar\/wp-content\/uploads\/2025\/07\/WhatsApp-Image-2025-07-18-at-10.02.281-80x60.jpeg 80w, https:\/\/prensa.sma.gob.ar\/wp-content\/uploads\/2025\/07\/WhatsApp-Image-2025-07-18-at-10.02.281-696x524.jpeg 696w, https:\/\/prensa.sma.gob.ar\/wp-content\/uploads\/2025\/07\/WhatsApp-Image-2025-07-18-at-10.02.281-1068x804.jpeg 1068w, https:\/\/prensa.sma.gob.ar\/wp-content\/uploads\/2025\/07\/WhatsApp-Image-2025-07-18-at-10.02.281-1920x1446.jpeg 1920w\" sizes=\"auto, (max-width: 1024px) 100vw, 1024px\" \/><\/figure>\n\n\n\n<figure class=\"wp-block-image size-large\"><img loading=\"lazy\" decoding=\"async\" width=\"1024\" height=\"771\" data-id=\"8579\" src=\"https:\/\/prensa.sma.gob.ar\/wp-content\/uploads\/2025\/07\/WhatsApp-Image-2025-07-18-at-10.02.29-1024x771.jpeg\" alt=\"\" class=\"wp-image-8579\" srcset=\"https:\/\/prensa.sma.gob.ar\/wp-content\/uploads\/2025\/07\/WhatsApp-Image-2025-07-18-at-10.02.29-1024x771.jpeg 1024w, https:\/\/prensa.sma.gob.ar\/wp-content\/uploads\/2025\/07\/WhatsApp-Image-2025-07-18-at-10.02.29-300x226.jpeg 300w, https:\/\/prensa.sma.gob.ar\/wp-content\/uploads\/2025\/07\/WhatsApp-Image-2025-07-18-at-10.02.29-768x578.jpeg 768w, https:\/\/prensa.sma.gob.ar\/wp-content\/uploads\/2025\/07\/WhatsApp-Image-2025-07-18-at-10.02.29-1536x1157.jpeg 1536w, https:\/\/prensa.sma.gob.ar\/wp-content\/uploads\/2025\/07\/WhatsApp-Image-2025-07-18-at-10.02.29-2048x1542.jpeg 2048w, https:\/\/prensa.sma.gob.ar\/wp-content\/uploads\/2025\/07\/WhatsApp-Image-2025-07-18-at-10.02.29-558x420.jpeg 558w, https:\/\/prensa.sma.gob.ar\/wp-content\/uploads\/2025\/07\/WhatsApp-Image-2025-07-18-at-10.02.29-80x60.jpeg 80w, https:\/\/prensa.sma.gob.ar\/wp-content\/uploads\/2025\/07\/WhatsApp-Image-2025-07-18-at-10.02.29-696x524.jpeg 696w, https:\/\/prensa.sma.gob.ar\/wp-content\/uploads\/2025\/07\/WhatsApp-Image-2025-07-18-at-10.02.29-1068x804.jpeg 1068w, https:\/\/prensa.sma.gob.ar\/wp-content\/uploads\/2025\/07\/WhatsApp-Image-2025-07-18-at-10.02.29-1920x1446.jpeg 1920w\" sizes=\"auto, (max-width: 1024px) 100vw, 1024px\" \/><\/figure>\n\n\n\n<figure class=\"wp-block-image size-large\"><img loading=\"lazy\" decoding=\"async\" width=\"1024\" height=\"771\" data-id=\"8578\" src=\"https:\/\/prensa.sma.gob.ar\/wp-content\/uploads\/2025\/07\/WhatsApp-Image-2025-07-18-at-10.02.30-1024x771.jpeg\" alt=\"\" class=\"wp-image-8578\" srcset=\"https:\/\/prensa.sma.gob.ar\/wp-content\/uploads\/2025\/07\/WhatsApp-Image-2025-07-18-at-10.02.30-1024x771.jpeg 1024w, https:\/\/prensa.sma.gob.ar\/wp-content\/uploads\/2025\/07\/WhatsApp-Image-2025-07-18-at-10.02.30-300x226.jpeg 300w, https:\/\/prensa.sma.gob.ar\/wp-content\/uploads\/2025\/07\/WhatsApp-Image-2025-07-18-at-10.02.30-768x578.jpeg 768w, https:\/\/prensa.sma.gob.ar\/wp-content\/uploads\/2025\/07\/WhatsApp-Image-2025-07-18-at-10.02.30-1536x1157.jpeg 1536w, https:\/\/prensa.sma.gob.ar\/wp-content\/uploads\/2025\/07\/WhatsApp-Image-2025-07-18-at-10.02.30-2048x1542.jpeg 2048w, https:\/\/prensa.sma.gob.ar\/wp-content\/uploads\/2025\/07\/WhatsApp-Image-2025-07-18-at-10.02.30-558x420.jpeg 558w, https:\/\/prensa.sma.gob.ar\/wp-content\/uploads\/2025\/07\/WhatsApp-Image-2025-07-18-at-10.02.30-80x60.jpeg 80w, https:\/\/prensa.sma.gob.ar\/wp-content\/uploads\/2025\/07\/WhatsApp-Image-2025-07-18-at-10.02.30-696x524.jpeg 696w, https:\/\/prensa.sma.gob.ar\/wp-content\/uploads\/2025\/07\/WhatsApp-Image-2025-07-18-at-10.02.30-1068x804.jpeg 1068w, https:\/\/prensa.sma.gob.ar\/wp-content\/uploads\/2025\/07\/WhatsApp-Image-2025-07-18-at-10.02.30-1920x1446.jpeg 1920w\" sizes=\"auto, (max-width: 1024px) 100vw, 1024px\" \/><\/figure>\n<\/figure>\n","protected":false},"excerpt":{"rendered":"<p>Tres barrios de nuestra ciudad fueron seleccionados para realizar una prueba piloto de respuesta comunitaria con el objetivo de disminuir los riesgos de incendios de Interfaz y mejorar los trabajos preventivos a trav\u00e9s de las juntas vecinales. La propuesta es fortalecer la conciencia colectiva respecto al riesgo que representa habitar en \u00e1reas expuestas a incendios, [&hellip;]<\/p>\n","protected":false},"author":2,"featured_media":8577,"comment_status":"closed","ping_status":"open","sticky":false,"template":"","format":"standard","meta":{"footnotes":""},"categories":[16,39,14,17],"tags":[],"class_list":{"0":"post-8576","1":"post","2":"type-post","3":"status-publish","4":"format-standard","5":"has-post-thumbnail","7":"category-destacadas","8":"category-subs-juntas-vecinales","9":"category-noticias","10":"category-portada"},"_links":{"self":[{"href":"https:\/\/prensa.sma.gob.ar\/index.php?rest_route=\/wp\/v2\/posts\/8576","targetHints":{"allow":["GET"]}}],"collection":[{"href":"https:\/\/prensa.sma.gob.ar\/index.php?rest_route=\/wp\/v2\/posts"}],"about":[{"href":"https:\/\/prensa.sma.gob.ar\/index.php?rest_route=\/wp\/v2\/types\/post"}],"author":[{"embeddable":true,"href":"https:\/\/prensa.sma.gob.ar\/index.php?rest_route=\/wp\/v2\/users\/2"}],"replies":[{"embeddable":true,"href":"https:\/\/prensa.sma.gob.ar\/index.php?rest_route=%2Fwp%2Fv2%2Fcomments&post=8576"}],"version-history":[{"count":1,"href":"https:\/\/prensa.sma.gob.ar\/index.php?rest_route=\/wp\/v2\/posts\/8576\/revisions"}],"predecessor-version":[{"id":8581,"href":"https:\/\/prensa.sma.gob.ar\/index.php?rest_route=\/wp\/v2\/posts\/8576\/revisions\/8581"}],"wp:featuredmedia":[{"embeddable":true,"href":"https:\/\/prensa.sma.gob.ar\/index.php?rest_route=\/wp\/v2\/media\/8577"}],"wp:attachment":[{"href":"https:\/\/prensa.sma.gob.ar\/index.php?rest_route=%2Fwp%2Fv2%2Fmedia&parent=8576"}],"wp:term":[{"taxonomy":"category","embeddable":true,"href":"https:\/\/prensa.sma.gob.ar\/index.php?rest_route=%2Fwp%2Fv2%2Fcategories&post=8576"},{"taxonomy":"post_tag","embeddable":true,"href":"https:\/\/prensa.sma.gob.ar\/index.php?rest_route=%2Fwp%2Fv2%2Ftags&post=8576"}],"curies":[{"name":"wp","href":"https:\/\/api.w.org\/{rel}","templated":true}]}}