{"id":8582,"date":"2025-07-18T22:31:41","date_gmt":"2025-07-18T22:31:41","guid":{"rendered":"https:\/\/prensa.sma.gob.ar\/?p=8582"},"modified":"2025-07-18T22:59:53","modified_gmt":"2025-07-18T22:59:53","slug":"el-municipio-pavimento-mas-de-130-metros-lineales-en-la-calle-los-pinos-de-el-arenal","status":"publish","type":"post","link":"https:\/\/prensa.sma.gob.ar\/?p=8582","title":{"rendered":"El Municipio paviment\u00f3 m\u00e1s de 130 metros lineales en la calle Los Pinos, en El Arenal"},"content":{"rendered":"\n<p>La cuadrilla que tiene a su cargo la pavimentaci\u00f3n de la calle Los Pinos, en el barrio El Arenal, complet\u00f3 este viernes 130 metros lineales de las dos manos, incluyendo dos bocacalles y cord\u00f3n cuneta.<\/p>\n\n\n\n<p>El avance de la obra, de 413 metros de extensi\u00f3n total, incluye buena parte de la nivelaci\u00f3n y demarcaci\u00f3n de ancho de calle para moldear y seguir avanzando con el hormig\u00f3n en las pr\u00f3ximas semanas, seg\u00fan inform\u00f3 Jorge Fern\u00e1ndez, coordinador de este trabajo.<\/p>\n\n\n<div class=\"wp-block-image\">\n<figure class=\"aligncenter size-full is-resized\"><img loading=\"lazy\" decoding=\"async\" width=\"720\" height=\"585\" src=\"https:\/\/prensa.sma.gob.ar\/wp-content\/uploads\/2025\/07\/pavimento-1.jpg\" alt=\"\" class=\"wp-image-8584\" style=\"width:503px;height:auto\" srcset=\"https:\/\/prensa.sma.gob.ar\/wp-content\/uploads\/2025\/07\/pavimento-1.jpg 720w, https:\/\/prensa.sma.gob.ar\/wp-content\/uploads\/2025\/07\/pavimento-1-300x244.jpg 300w, https:\/\/prensa.sma.gob.ar\/wp-content\/uploads\/2025\/07\/pavimento-1-517x420.jpg 517w, https:\/\/prensa.sma.gob.ar\/wp-content\/uploads\/2025\/07\/pavimento-1-696x566.jpg 696w\" sizes=\"auto, (max-width: 720px) 100vw, 720px\" \/><\/figure>\n<\/div>","protected":false},"excerpt":{"rendered":"<p>La cuadrilla que tiene a su cargo la pavimentaci\u00f3n de la calle Los Pinos, en el barrio El Arenal, complet\u00f3 este viernes 130 metros lineales de las dos manos, incluyendo dos bocacalles y cord\u00f3n cuneta. El avance de la obra, de 413 metros de extensi\u00f3n total, incluye buena parte de la nivelaci\u00f3n y demarcaci\u00f3n de [&hellip;]<\/p>\n","protected":false},"author":2,"featured_media":8583,"comment_status":"closed","ping_status":"open","sticky":false,"template":"","format":"standard","meta":{"footnotes":""},"categories":[16,14,19,17],"tags":[],"class_list":{"0":"post-8582","1":"post","2":"type-post","3":"status-publish","4":"format-standard","5":"has-post-thumbnail","7":"category-destacadas","8":"category-noticias","9":"category-obras-y-servicios-publicos","10":"category-portada"},"_links":{"self":[{"href":"https:\/\/prensa.sma.gob.ar\/index.php?rest_route=\/wp\/v2\/posts\/8582","targetHints":{"allow":["GET"]}}],"collection":[{"href":"https:\/\/prensa.sma.gob.ar\/index.php?rest_route=\/wp\/v2\/posts"}],"about":[{"href":"https:\/\/prensa.sma.gob.ar\/index.php?rest_route=\/wp\/v2\/types\/post"}],"author":[{"embeddable":true,"href":"https:\/\/prensa.sma.gob.ar\/index.php?rest_route=\/wp\/v2\/users\/2"}],"replies":[{"embeddable":true,"href":"https:\/\/prensa.sma.gob.ar\/index.php?rest_route=%2Fwp%2Fv2%2Fcomments&post=8582"}],"version-history":[{"count":2,"href":"https:\/\/prensa.sma.gob.ar\/index.php?rest_route=\/wp\/v2\/posts\/8582\/revisions"}],"predecessor-version":[{"id":8587,"href":"https:\/\/prensa.sma.gob.ar\/index.php?rest_route=\/wp\/v2\/posts\/8582\/revisions\/8587"}],"wp:featuredmedia":[{"embeddable":true,"href":"https:\/\/prensa.sma.gob.ar\/index.php?rest_route=\/wp\/v2\/media\/8583"}],"wp:attachment":[{"href":"https:\/\/prensa.sma.gob.ar\/index.php?rest_route=%2Fwp%2Fv2%2Fmedia&parent=8582"}],"wp:term":[{"taxonomy":"category","embeddable":true,"href":"https:\/\/prensa.sma.gob.ar\/index.php?rest_route=%2Fwp%2Fv2%2Fcategories&post=8582"},{"taxonomy":"post_tag","embeddable":true,"href":"https:\/\/prensa.sma.gob.ar\/index.php?rest_route=%2Fwp%2Fv2%2Ftags&post=8582"}],"curies":[{"name":"wp","href":"https:\/\/api.w.org\/{rel}","templated":true}]}}