{"id":8588,"date":"2025-07-19T13:16:35","date_gmt":"2025-07-19T13:16:35","guid":{"rendered":"https:\/\/prensa.sma.gob.ar\/?p=8588"},"modified":"2025-07-19T13:28:37","modified_gmt":"2025-07-19T13:28:37","slug":"se-realiza-en-san-martin-de-los-andes-el-congreso-federal-juntos-por-la-prevencion","status":"publish","type":"post","link":"https:\/\/prensa.sma.gob.ar\/?p=8588","title":{"rendered":"Con gran participaci\u00f3n, se realiza en San Mart\u00edn de los Andes el Congreso Federal Juntos por la Prevenci\u00f3n"},"content":{"rendered":"\n<p>Comenz\u00f3 en San Mart\u00edn de los Andes el Congreso Federal Juntos por la Prevenci\u00f3n, una iniciativa sin precedentes en la regi\u00f3n que re\u00fane este fin de semana a referentes de distintas provincias del pa\u00eds para abordar la problem\u00e1tica de las adicciones desde una mirada integral, transversal y profundamente humana.<\/p>\n\n\n\n<p>La apertura tuvo lugar en el Sal\u00f3n Municipal, donde el p\u00fablico desbord\u00f3 el espacio, con la asistencia de comunidades de fe, organizaciones sociales, sectores privados, funcionarios municipales y provinciales, legisladores y vecinos comprometidos con este tema. La convocatoria super\u00f3 las expectativas durante la primera jornada y se espera una gran participaci\u00f3n este s\u00e1bado y ma\u00f1ana domingo.<\/p>\n\n\n\n<p>Una de las intervenciones m\u00e1s conmovedoras fue la de la diputada provincial Carina Riccomini, e impulsora de este Congreso, quien comparti\u00f3 su historia personal de lucha contra las adicciones.<\/p>\n\n\n\n<p>\u201cHace m\u00e1s de 15 a\u00f1os viv\u00ed el infierno de las drogas. No hablo desde un lugar c\u00f3modo ni pol\u00edtico, sino desde la experiencia real del dolor. Yo estuve ah\u00ed. Y si estoy hoy ac\u00e1 es porque alguien me tendi\u00f3 la mano. Esto no se trata de ideolog\u00edas, se trata de salvar vidas\u201d, afirm\u00f3.<\/p>\n\n\n\n<p>\u201cLas adicciones no distinguen clase social ni partido. Se meten en tu casa sin pedir permiso. Este Congreso es un grito colectivo: no queremos perder a nadie m\u00e1s\u201d, agreg\u00f3 visiblemente emocionada. Agreg\u00f3 que \u201clas adicciones es no poder comunicar, no poder hablar. Las adicciones generan p\u00e9rdida de respeto de familiares, amigos y de la comunidad\u201d. Pidi\u00f3, finalmente, estar atentos y sensibles para involucrarse.<\/p>\n\n\n\n<p>La apertura del Congreso estuvo a cargo del concejal C\u00e9sar Meza, quien desde hace casi dos d\u00e9cadas trabaja esta tem\u00e1tica en San Mart\u00edn de los Andes. Tambi\u00e9n habl\u00f3 la concejal Mar\u00eda Laura Da Pieve, impulsora del proyecto de Ordenanza que declara de inter\u00e9s municipal este encuentro.<\/p>\n\n\n\n<p>La secretaria de Deportes, Cultura y Gesti\u00f3n Comunitaria de la provincia de Neuqu\u00e9n, Mar\u00eda Fernanda Villone, destac\u00f3 las pol\u00edticas del Gobierno provincial no s\u00f3lo para perseguir y castigar el tr\u00e1fico de drogas sino tambi\u00e9n para desarrollar pol\u00edticas educativas y sociales. \u201cEn este Congreso nos convoca la prevenci\u00f3n\u201d, se\u00f1al\u00f3.<\/p>\n\n\n\n<p>Villone agreg\u00f3 que la cultura, el deporte y la educaci\u00f3n son pilares para vencer la dependencia de las drogas. Record\u00f3 que el Estado provincial otorga becas estudiantiles para que el acceso educativo sea universal en la provincia y que, como parte de esa pol\u00edtica, los becarios comenzar\u00e1n a recibir computadoras personales.<\/p>\n\n\n\n<p>En el cierre de la presentaci\u00f3n del Congreso, el intendente Carlos Saloniti felicit\u00f3 a la organizaci\u00f3n de estas jornadas, agradeci\u00f3 a quienes llegaron desde Misiones, C\u00f3rdoba, Santa Fe y Chubut pidi\u00f3 fortalecer el trabajo comunitario, aprender a escuchar y a detectar a quienes lo necesitan, ejercer.<\/p>\n\n\n\n<p>\u201cEl Estado tiene que estar, p\u00f3nganle el nombre que quieran, pero tiene que estar. Tenemos que tener la fe, claro que s\u00ed, tenemos que abrir las puertas para que cada uno crea en lo que quiera, porque hay que tener fe, pero el Estado tiene que estar\u201d, enfatiz\u00f3.<\/p>\n\n\n\n<p>Saloniti pidi\u00f3 \u201cno perder el sentido de la humanidad, porque si estamos ac\u00e1 es porque tenemos ganas de hacer algo por el otro. No nos tiene que ganar el discurso ego\u00edsta seg\u00fan el cual se salva uno y el resto se jode. No hay manera de que eso sirva para que la gente salga adelante\u201d.<\/p>\n\n\n\n<p>El Congreso contin\u00faa este s\u00e1bado a las 15 hs en el Gimnasio Chango Soria, con foros sectoriales, capacitaciones, experiencias comunitarias y espacios de testimonio. Ma\u00f1ana, domingo, tambi\u00e9n desde las 15 hs, el cierre se realizar\u00e1 con el culto general \u201cEscuchar para Sanar\u201d, a cargo del Instituto B\u00edblico Cristianos de Berea, en el Gimnasio Javier Carriqueo, con la presencia de la ministra de Desarrollo Humano, Gobiernos Locales y Mujeres de la provincia de Neuqu\u00e9n, Julieta Corroza, y el Intendente Carlos Saloniti.<\/p>\n\n\n\n<p>El Congreso Federal Juntos por la Prevenci\u00f3n es organizado de forma conjunta por la Municipalidad de San Mart\u00edn de los Andes, el Concejo Deliberante local, la Legislatura del Neuqu\u00e9n, a trav\u00e9s de la diputada Carina Riccomini, y el Gobierno de la provincia de Neuqu\u00e9n, con la participaci\u00f3n de la ministra Julieta Corroza.<\/p>\n\n\n\n<figure class=\"wp-block-gallery has-nested-images columns-default is-cropped wp-block-gallery-1 is-layout-flex wp-block-gallery-is-layout-flex\">\n<figure class=\"wp-block-image size-large\"><img loading=\"lazy\" decoding=\"async\" width=\"1024\" height=\"576\" data-id=\"8594\" src=\"https:\/\/prensa.sma.gob.ar\/wp-content\/uploads\/2025\/07\/WhatsApp-Image-2025-07-18-at-20.43.29-2-1024x576.jpeg\" alt=\"\" class=\"wp-image-8594\" srcset=\"https:\/\/prensa.sma.gob.ar\/wp-content\/uploads\/2025\/07\/WhatsApp-Image-2025-07-18-at-20.43.29-2-1024x576.jpeg 1024w, https:\/\/prensa.sma.gob.ar\/wp-content\/uploads\/2025\/07\/WhatsApp-Image-2025-07-18-at-20.43.29-2-300x169.jpeg 300w, https:\/\/prensa.sma.gob.ar\/wp-content\/uploads\/2025\/07\/WhatsApp-Image-2025-07-18-at-20.43.29-2-768x432.jpeg 768w, https:\/\/prensa.sma.gob.ar\/wp-content\/uploads\/2025\/07\/WhatsApp-Image-2025-07-18-at-20.43.29-2-1536x864.jpeg 1536w, https:\/\/prensa.sma.gob.ar\/wp-content\/uploads\/2025\/07\/WhatsApp-Image-2025-07-18-at-20.43.29-2-747x420.jpeg 747w, https:\/\/prensa.sma.gob.ar\/wp-content\/uploads\/2025\/07\/WhatsApp-Image-2025-07-18-at-20.43.29-2-696x392.jpeg 696w, https:\/\/prensa.sma.gob.ar\/wp-content\/uploads\/2025\/07\/WhatsApp-Image-2025-07-18-at-20.43.29-2-1068x601.jpeg 1068w, https:\/\/prensa.sma.gob.ar\/wp-content\/uploads\/2025\/07\/WhatsApp-Image-2025-07-18-at-20.43.29-2.jpeg 1600w\" sizes=\"auto, (max-width: 1024px) 100vw, 1024px\" \/><\/figure>\n\n\n\n<figure class=\"wp-block-image size-large\"><img loading=\"lazy\" decoding=\"async\" width=\"1024\" height=\"591\" data-id=\"8590\" src=\"https:\/\/prensa.sma.gob.ar\/wp-content\/uploads\/2025\/07\/WhatsApp-Image-2025-07-18-at-20.43.32-1024x591.jpeg\" alt=\"\" class=\"wp-image-8590\" srcset=\"https:\/\/prensa.sma.gob.ar\/wp-content\/uploads\/2025\/07\/WhatsApp-Image-2025-07-18-at-20.43.32-1024x591.jpeg 1024w, https:\/\/prensa.sma.gob.ar\/wp-content\/uploads\/2025\/07\/WhatsApp-Image-2025-07-18-at-20.43.32-300x173.jpeg 300w, https:\/\/prensa.sma.gob.ar\/wp-content\/uploads\/2025\/07\/WhatsApp-Image-2025-07-18-at-20.43.32-768x444.jpeg 768w, https:\/\/prensa.sma.gob.ar\/wp-content\/uploads\/2025\/07\/WhatsApp-Image-2025-07-18-at-20.43.32-1536x887.jpeg 1536w, https:\/\/prensa.sma.gob.ar\/wp-content\/uploads\/2025\/07\/WhatsApp-Image-2025-07-18-at-20.43.32-727x420.jpeg 727w, https:\/\/prensa.sma.gob.ar\/wp-content\/uploads\/2025\/07\/WhatsApp-Image-2025-07-18-at-20.43.32-696x402.jpeg 696w, https:\/\/prensa.sma.gob.ar\/wp-content\/uploads\/2025\/07\/WhatsApp-Image-2025-07-18-at-20.43.32-1068x617.jpeg 1068w, https:\/\/prensa.sma.gob.ar\/wp-content\/uploads\/2025\/07\/WhatsApp-Image-2025-07-18-at-20.43.32.jpeg 1600w\" sizes=\"auto, (max-width: 1024px) 100vw, 1024px\" \/><\/figure>\n\n\n\n<figure class=\"wp-block-image size-large\"><img loading=\"lazy\" decoding=\"async\" width=\"1024\" height=\"576\" data-id=\"8607\" src=\"https:\/\/prensa.sma.gob.ar\/wp-content\/uploads\/2025\/07\/WhatsApp-Image-2025-07-18-at-20.43.26-1024x576.jpeg\" alt=\"\" class=\"wp-image-8607\" srcset=\"https:\/\/prensa.sma.gob.ar\/wp-content\/uploads\/2025\/07\/WhatsApp-Image-2025-07-18-at-20.43.26-1024x576.jpeg 1024w, https:\/\/prensa.sma.gob.ar\/wp-content\/uploads\/2025\/07\/WhatsApp-Image-2025-07-18-at-20.43.26-300x169.jpeg 300w, https:\/\/prensa.sma.gob.ar\/wp-content\/uploads\/2025\/07\/WhatsApp-Image-2025-07-18-at-20.43.26-768x432.jpeg 768w, https:\/\/prensa.sma.gob.ar\/wp-content\/uploads\/2025\/07\/WhatsApp-Image-2025-07-18-at-20.43.26-747x420.jpeg 747w, https:\/\/prensa.sma.gob.ar\/wp-content\/uploads\/2025\/07\/WhatsApp-Image-2025-07-18-at-20.43.26-696x392.jpeg 696w, https:\/\/prensa.sma.gob.ar\/wp-content\/uploads\/2025\/07\/WhatsApp-Image-2025-07-18-at-20.43.26-1068x601.jpeg 1068w, https:\/\/prensa.sma.gob.ar\/wp-content\/uploads\/2025\/07\/WhatsApp-Image-2025-07-18-at-20.43.26.jpeg 1280w\" sizes=\"auto, (max-width: 1024px) 100vw, 1024px\" \/><\/figure>\n\n\n\n<figure class=\"wp-block-image size-large\"><img loading=\"lazy\" decoding=\"async\" width=\"1024\" height=\"576\" data-id=\"8605\" src=\"https:\/\/prensa.sma.gob.ar\/wp-content\/uploads\/2025\/07\/WhatsApp-Image-2025-07-18-at-20.43.27-1024x576.jpeg\" alt=\"\" class=\"wp-image-8605\" srcset=\"https:\/\/prensa.sma.gob.ar\/wp-content\/uploads\/2025\/07\/WhatsApp-Image-2025-07-18-at-20.43.27-1024x576.jpeg 1024w, https:\/\/prensa.sma.gob.ar\/wp-content\/uploads\/2025\/07\/WhatsApp-Image-2025-07-18-at-20.43.27-300x169.jpeg 300w, https:\/\/prensa.sma.gob.ar\/wp-content\/uploads\/2025\/07\/WhatsApp-Image-2025-07-18-at-20.43.27-768x432.jpeg 768w, https:\/\/prensa.sma.gob.ar\/wp-content\/uploads\/2025\/07\/WhatsApp-Image-2025-07-18-at-20.43.27-747x420.jpeg 747w, https:\/\/prensa.sma.gob.ar\/wp-content\/uploads\/2025\/07\/WhatsApp-Image-2025-07-18-at-20.43.27-696x392.jpeg 696w, https:\/\/prensa.sma.gob.ar\/wp-content\/uploads\/2025\/07\/WhatsApp-Image-2025-07-18-at-20.43.27-1068x601.jpeg 1068w, https:\/\/prensa.sma.gob.ar\/wp-content\/uploads\/2025\/07\/WhatsApp-Image-2025-07-18-at-20.43.27.jpeg 1280w\" sizes=\"auto, (max-width: 1024px) 100vw, 1024px\" \/><\/figure>\n\n\n\n<figure class=\"wp-block-image size-large\"><img loading=\"lazy\" decoding=\"async\" width=\"1024\" height=\"565\" data-id=\"8603\" src=\"https:\/\/prensa.sma.gob.ar\/wp-content\/uploads\/2025\/07\/WhatsApp-Image-2025-07-18-at-20.43.27-2-1024x565.jpeg\" alt=\"\" class=\"wp-image-8603\" srcset=\"https:\/\/prensa.sma.gob.ar\/wp-content\/uploads\/2025\/07\/WhatsApp-Image-2025-07-18-at-20.43.27-2-1024x565.jpeg 1024w, https:\/\/prensa.sma.gob.ar\/wp-content\/uploads\/2025\/07\/WhatsApp-Image-2025-07-18-at-20.43.27-2-300x165.jpeg 300w, https:\/\/prensa.sma.gob.ar\/wp-content\/uploads\/2025\/07\/WhatsApp-Image-2025-07-18-at-20.43.27-2-768x424.jpeg 768w, https:\/\/prensa.sma.gob.ar\/wp-content\/uploads\/2025\/07\/WhatsApp-Image-2025-07-18-at-20.43.27-2-761x420.jpeg 761w, https:\/\/prensa.sma.gob.ar\/wp-content\/uploads\/2025\/07\/WhatsApp-Image-2025-07-18-at-20.43.27-2-696x384.jpeg 696w, https:\/\/prensa.sma.gob.ar\/wp-content\/uploads\/2025\/07\/WhatsApp-Image-2025-07-18-at-20.43.27-2-1068x589.jpeg 1068w, https:\/\/prensa.sma.gob.ar\/wp-content\/uploads\/2025\/07\/WhatsApp-Image-2025-07-18-at-20.43.27-2.jpeg 1280w\" sizes=\"auto, (max-width: 1024px) 100vw, 1024px\" \/><\/figure>\n\n\n\n<figure class=\"wp-block-image size-large\"><img loading=\"lazy\" decoding=\"async\" width=\"1024\" height=\"576\" data-id=\"8600\" src=\"https:\/\/prensa.sma.gob.ar\/wp-content\/uploads\/2025\/07\/WhatsApp-Image-2025-07-18-at-20.43.28-1-1024x576.jpeg\" alt=\"\" class=\"wp-image-8600\" srcset=\"https:\/\/prensa.sma.gob.ar\/wp-content\/uploads\/2025\/07\/WhatsApp-Image-2025-07-18-at-20.43.28-1-1024x576.jpeg 1024w, https:\/\/prensa.sma.gob.ar\/wp-content\/uploads\/2025\/07\/WhatsApp-Image-2025-07-18-at-20.43.28-1-300x169.jpeg 300w, https:\/\/prensa.sma.gob.ar\/wp-content\/uploads\/2025\/07\/WhatsApp-Image-2025-07-18-at-20.43.28-1-768x432.jpeg 768w, https:\/\/prensa.sma.gob.ar\/wp-content\/uploads\/2025\/07\/WhatsApp-Image-2025-07-18-at-20.43.28-1-747x420.jpeg 747w, https:\/\/prensa.sma.gob.ar\/wp-content\/uploads\/2025\/07\/WhatsApp-Image-2025-07-18-at-20.43.28-1-696x392.jpeg 696w, https:\/\/prensa.sma.gob.ar\/wp-content\/uploads\/2025\/07\/WhatsApp-Image-2025-07-18-at-20.43.28-1-1068x601.jpeg 1068w, https:\/\/prensa.sma.gob.ar\/wp-content\/uploads\/2025\/07\/WhatsApp-Image-2025-07-18-at-20.43.28-1.jpeg 1280w\" sizes=\"auto, (max-width: 1024px) 100vw, 1024px\" \/><\/figure>\n\n\n\n<figure class=\"wp-block-image size-large\"><img loading=\"lazy\" decoding=\"async\" width=\"1024\" height=\"576\" data-id=\"8599\" src=\"https:\/\/prensa.sma.gob.ar\/wp-content\/uploads\/2025\/07\/WhatsApp-Image-2025-07-18-at-20.43.28-2-1024x576.jpeg\" alt=\"\" class=\"wp-image-8599\" srcset=\"https:\/\/prensa.sma.gob.ar\/wp-content\/uploads\/2025\/07\/WhatsApp-Image-2025-07-18-at-20.43.28-2-1024x576.jpeg 1024w, https:\/\/prensa.sma.gob.ar\/wp-content\/uploads\/2025\/07\/WhatsApp-Image-2025-07-18-at-20.43.28-2-300x169.jpeg 300w, https:\/\/prensa.sma.gob.ar\/wp-content\/uploads\/2025\/07\/WhatsApp-Image-2025-07-18-at-20.43.28-2-768x432.jpeg 768w, https:\/\/prensa.sma.gob.ar\/wp-content\/uploads\/2025\/07\/WhatsApp-Image-2025-07-18-at-20.43.28-2-747x420.jpeg 747w, https:\/\/prensa.sma.gob.ar\/wp-content\/uploads\/2025\/07\/WhatsApp-Image-2025-07-18-at-20.43.28-2-696x392.jpeg 696w, https:\/\/prensa.sma.gob.ar\/wp-content\/uploads\/2025\/07\/WhatsApp-Image-2025-07-18-at-20.43.28-2-1068x601.jpeg 1068w, https:\/\/prensa.sma.gob.ar\/wp-content\/uploads\/2025\/07\/WhatsApp-Image-2025-07-18-at-20.43.28-2.jpeg 1280w\" sizes=\"auto, (max-width: 1024px) 100vw, 1024px\" \/><\/figure>\n\n\n\n<figure class=\"wp-block-image size-large\"><img loading=\"lazy\" decoding=\"async\" width=\"1024\" height=\"576\" data-id=\"8602\" src=\"https:\/\/prensa.sma.gob.ar\/wp-content\/uploads\/2025\/07\/WhatsApp-Image-2025-07-18-at-20.43.27-3-1024x576.jpeg\" alt=\"\" class=\"wp-image-8602\" srcset=\"https:\/\/prensa.sma.gob.ar\/wp-content\/uploads\/2025\/07\/WhatsApp-Image-2025-07-18-at-20.43.27-3-1024x576.jpeg 1024w, https:\/\/prensa.sma.gob.ar\/wp-content\/uploads\/2025\/07\/WhatsApp-Image-2025-07-18-at-20.43.27-3-300x169.jpeg 300w, https:\/\/prensa.sma.gob.ar\/wp-content\/uploads\/2025\/07\/WhatsApp-Image-2025-07-18-at-20.43.27-3-768x432.jpeg 768w, https:\/\/prensa.sma.gob.ar\/wp-content\/uploads\/2025\/07\/WhatsApp-Image-2025-07-18-at-20.43.27-3-747x420.jpeg 747w, https:\/\/prensa.sma.gob.ar\/wp-content\/uploads\/2025\/07\/WhatsApp-Image-2025-07-18-at-20.43.27-3-696x392.jpeg 696w, https:\/\/prensa.sma.gob.ar\/wp-content\/uploads\/2025\/07\/WhatsApp-Image-2025-07-18-at-20.43.27-3-1068x601.jpeg 1068w, https:\/\/prensa.sma.gob.ar\/wp-content\/uploads\/2025\/07\/WhatsApp-Image-2025-07-18-at-20.43.27-3.jpeg 1280w\" sizes=\"auto, (max-width: 1024px) 100vw, 1024px\" \/><\/figure>\n\n\n\n<figure class=\"wp-block-image size-large\"><img loading=\"lazy\" decoding=\"async\" width=\"1024\" height=\"576\" data-id=\"8601\" src=\"https:\/\/prensa.sma.gob.ar\/wp-content\/uploads\/2025\/07\/WhatsApp-Image-2025-07-18-at-20.43.28-1024x576.jpeg\" alt=\"\" class=\"wp-image-8601\" srcset=\"https:\/\/prensa.sma.gob.ar\/wp-content\/uploads\/2025\/07\/WhatsApp-Image-2025-07-18-at-20.43.28-1024x576.jpeg 1024w, https:\/\/prensa.sma.gob.ar\/wp-content\/uploads\/2025\/07\/WhatsApp-Image-2025-07-18-at-20.43.28-300x169.jpeg 300w, https:\/\/prensa.sma.gob.ar\/wp-content\/uploads\/2025\/07\/WhatsApp-Image-2025-07-18-at-20.43.28-768x432.jpeg 768w, https:\/\/prensa.sma.gob.ar\/wp-content\/uploads\/2025\/07\/WhatsApp-Image-2025-07-18-at-20.43.28-747x420.jpeg 747w, https:\/\/prensa.sma.gob.ar\/wp-content\/uploads\/2025\/07\/WhatsApp-Image-2025-07-18-at-20.43.28-696x392.jpeg 696w, https:\/\/prensa.sma.gob.ar\/wp-content\/uploads\/2025\/07\/WhatsApp-Image-2025-07-18-at-20.43.28-1068x601.jpeg 1068w, https:\/\/prensa.sma.gob.ar\/wp-content\/uploads\/2025\/07\/WhatsApp-Image-2025-07-18-at-20.43.28.jpeg 1280w\" sizes=\"auto, (max-width: 1024px) 100vw, 1024px\" \/><\/figure>\n\n\n\n<figure class=\"wp-block-image size-large\"><img loading=\"lazy\" decoding=\"async\" width=\"1024\" height=\"576\" data-id=\"8598\" src=\"https:\/\/prensa.sma.gob.ar\/wp-content\/uploads\/2025\/07\/WhatsApp-Image-2025-07-18-at-20.43.28-3-1024x576.jpeg\" alt=\"\" class=\"wp-image-8598\" srcset=\"https:\/\/prensa.sma.gob.ar\/wp-content\/uploads\/2025\/07\/WhatsApp-Image-2025-07-18-at-20.43.28-3-1024x576.jpeg 1024w, https:\/\/prensa.sma.gob.ar\/wp-content\/uploads\/2025\/07\/WhatsApp-Image-2025-07-18-at-20.43.28-3-300x169.jpeg 300w, https:\/\/prensa.sma.gob.ar\/wp-content\/uploads\/2025\/07\/WhatsApp-Image-2025-07-18-at-20.43.28-3-768x432.jpeg 768w, https:\/\/prensa.sma.gob.ar\/wp-content\/uploads\/2025\/07\/WhatsApp-Image-2025-07-18-at-20.43.28-3-747x420.jpeg 747w, https:\/\/prensa.sma.gob.ar\/wp-content\/uploads\/2025\/07\/WhatsApp-Image-2025-07-18-at-20.43.28-3-696x392.jpeg 696w, https:\/\/prensa.sma.gob.ar\/wp-content\/uploads\/2025\/07\/WhatsApp-Image-2025-07-18-at-20.43.28-3-1068x601.jpeg 1068w, https:\/\/prensa.sma.gob.ar\/wp-content\/uploads\/2025\/07\/WhatsApp-Image-2025-07-18-at-20.43.28-3.jpeg 1280w\" sizes=\"auto, (max-width: 1024px) 100vw, 1024px\" \/><\/figure>\n\n\n\n<figure class=\"wp-block-image size-large\"><img loading=\"lazy\" decoding=\"async\" width=\"1024\" height=\"576\" data-id=\"8597\" src=\"https:\/\/prensa.sma.gob.ar\/wp-content\/uploads\/2025\/07\/WhatsApp-Image-2025-07-18-at-20.43.28-4-1024x576.jpeg\" alt=\"\" class=\"wp-image-8597\" srcset=\"https:\/\/prensa.sma.gob.ar\/wp-content\/uploads\/2025\/07\/WhatsApp-Image-2025-07-18-at-20.43.28-4-1024x576.jpeg 1024w, https:\/\/prensa.sma.gob.ar\/wp-content\/uploads\/2025\/07\/WhatsApp-Image-2025-07-18-at-20.43.28-4-300x169.jpeg 300w, https:\/\/prensa.sma.gob.ar\/wp-content\/uploads\/2025\/07\/WhatsApp-Image-2025-07-18-at-20.43.28-4-768x432.jpeg 768w, https:\/\/prensa.sma.gob.ar\/wp-content\/uploads\/2025\/07\/WhatsApp-Image-2025-07-18-at-20.43.28-4-747x420.jpeg 747w, https:\/\/prensa.sma.gob.ar\/wp-content\/uploads\/2025\/07\/WhatsApp-Image-2025-07-18-at-20.43.28-4-696x392.jpeg 696w, https:\/\/prensa.sma.gob.ar\/wp-content\/uploads\/2025\/07\/WhatsApp-Image-2025-07-18-at-20.43.28-4-1068x601.jpeg 1068w, https:\/\/prensa.sma.gob.ar\/wp-content\/uploads\/2025\/07\/WhatsApp-Image-2025-07-18-at-20.43.28-4.jpeg 1280w\" sizes=\"auto, (max-width: 1024px) 100vw, 1024px\" \/><\/figure>\n\n\n\n<figure class=\"wp-block-image size-large\"><img loading=\"lazy\" decoding=\"async\" width=\"1024\" height=\"576\" data-id=\"8592\" src=\"https:\/\/prensa.sma.gob.ar\/wp-content\/uploads\/2025\/07\/WhatsApp-Image-2025-07-18-at-20.43.31-1024x576.jpeg\" alt=\"\" class=\"wp-image-8592\" srcset=\"https:\/\/prensa.sma.gob.ar\/wp-content\/uploads\/2025\/07\/WhatsApp-Image-2025-07-18-at-20.43.31-1024x576.jpeg 1024w, https:\/\/prensa.sma.gob.ar\/wp-content\/uploads\/2025\/07\/WhatsApp-Image-2025-07-18-at-20.43.31-300x169.jpeg 300w, https:\/\/prensa.sma.gob.ar\/wp-content\/uploads\/2025\/07\/WhatsApp-Image-2025-07-18-at-20.43.31-768x432.jpeg 768w, https:\/\/prensa.sma.gob.ar\/wp-content\/uploads\/2025\/07\/WhatsApp-Image-2025-07-18-at-20.43.31-1536x864.jpeg 1536w, https:\/\/prensa.sma.gob.ar\/wp-content\/uploads\/2025\/07\/WhatsApp-Image-2025-07-18-at-20.43.31-747x420.jpeg 747w, https:\/\/prensa.sma.gob.ar\/wp-content\/uploads\/2025\/07\/WhatsApp-Image-2025-07-18-at-20.43.31-696x392.jpeg 696w, https:\/\/prensa.sma.gob.ar\/wp-content\/uploads\/2025\/07\/WhatsApp-Image-2025-07-18-at-20.43.31-1068x601.jpeg 1068w, https:\/\/prensa.sma.gob.ar\/wp-content\/uploads\/2025\/07\/WhatsApp-Image-2025-07-18-at-20.43.31.jpeg 1600w\" sizes=\"auto, (max-width: 1024px) 100vw, 1024px\" \/><\/figure>\n\n\n\n<figure class=\"wp-block-image size-large\"><img loading=\"lazy\" decoding=\"async\" width=\"1024\" height=\"576\" data-id=\"8593\" src=\"https:\/\/prensa.sma.gob.ar\/wp-content\/uploads\/2025\/07\/WhatsApp-Image-2025-07-18-at-20.43.30-1024x576.jpeg\" alt=\"\" class=\"wp-image-8593\" srcset=\"https:\/\/prensa.sma.gob.ar\/wp-content\/uploads\/2025\/07\/WhatsApp-Image-2025-07-18-at-20.43.30-1024x576.jpeg 1024w, https:\/\/prensa.sma.gob.ar\/wp-content\/uploads\/2025\/07\/WhatsApp-Image-2025-07-18-at-20.43.30-300x169.jpeg 300w, https:\/\/prensa.sma.gob.ar\/wp-content\/uploads\/2025\/07\/WhatsApp-Image-2025-07-18-at-20.43.30-768x432.jpeg 768w, https:\/\/prensa.sma.gob.ar\/wp-content\/uploads\/2025\/07\/WhatsApp-Image-2025-07-18-at-20.43.30-1536x864.jpeg 1536w, https:\/\/prensa.sma.gob.ar\/wp-content\/uploads\/2025\/07\/WhatsApp-Image-2025-07-18-at-20.43.30-747x420.jpeg 747w, https:\/\/prensa.sma.gob.ar\/wp-content\/uploads\/2025\/07\/WhatsApp-Image-2025-07-18-at-20.43.30-696x392.jpeg 696w, https:\/\/prensa.sma.gob.ar\/wp-content\/uploads\/2025\/07\/WhatsApp-Image-2025-07-18-at-20.43.30-1068x601.jpeg 1068w, https:\/\/prensa.sma.gob.ar\/wp-content\/uploads\/2025\/07\/WhatsApp-Image-2025-07-18-at-20.43.30.jpeg 1600w\" sizes=\"auto, (max-width: 1024px) 100vw, 1024px\" \/><\/figure>\n\n\n\n<figure class=\"wp-block-image size-large\"><img loading=\"lazy\" decoding=\"async\" width=\"1024\" height=\"576\" data-id=\"8591\" src=\"https:\/\/prensa.sma.gob.ar\/wp-content\/uploads\/2025\/07\/WhatsApp-Image-2025-07-18-at-20.43.31-1-1024x576.jpeg\" alt=\"\" class=\"wp-image-8591\" srcset=\"https:\/\/prensa.sma.gob.ar\/wp-content\/uploads\/2025\/07\/WhatsApp-Image-2025-07-18-at-20.43.31-1-1024x576.jpeg 1024w, https:\/\/prensa.sma.gob.ar\/wp-content\/uploads\/2025\/07\/WhatsApp-Image-2025-07-18-at-20.43.31-1-300x169.jpeg 300w, https:\/\/prensa.sma.gob.ar\/wp-content\/uploads\/2025\/07\/WhatsApp-Image-2025-07-18-at-20.43.31-1-768x432.jpeg 768w, https:\/\/prensa.sma.gob.ar\/wp-content\/uploads\/2025\/07\/WhatsApp-Image-2025-07-18-at-20.43.31-1-1536x864.jpeg 1536w, https:\/\/prensa.sma.gob.ar\/wp-content\/uploads\/2025\/07\/WhatsApp-Image-2025-07-18-at-20.43.31-1-747x420.jpeg 747w, https:\/\/prensa.sma.gob.ar\/wp-content\/uploads\/2025\/07\/WhatsApp-Image-2025-07-18-at-20.43.31-1-696x392.jpeg 696w, https:\/\/prensa.sma.gob.ar\/wp-content\/uploads\/2025\/07\/WhatsApp-Image-2025-07-18-at-20.43.31-1-1068x601.jpeg 1068w, https:\/\/prensa.sma.gob.ar\/wp-content\/uploads\/2025\/07\/WhatsApp-Image-2025-07-18-at-20.43.31-1.jpeg 1600w\" sizes=\"auto, (max-width: 1024px) 100vw, 1024px\" \/><\/figure>\n\n\n\n<figure class=\"wp-block-image size-large\"><img loading=\"lazy\" decoding=\"async\" width=\"1024\" height=\"617\" data-id=\"8589\" src=\"https:\/\/prensa.sma.gob.ar\/wp-content\/uploads\/2025\/07\/WhatsApp-Image-2025-07-18-at-20.43.32-1-1024x617.jpeg\" alt=\"\" class=\"wp-image-8589\" srcset=\"https:\/\/prensa.sma.gob.ar\/wp-content\/uploads\/2025\/07\/WhatsApp-Image-2025-07-18-at-20.43.32-1-1024x617.jpeg 1024w, https:\/\/prensa.sma.gob.ar\/wp-content\/uploads\/2025\/07\/WhatsApp-Image-2025-07-18-at-20.43.32-1-300x181.jpeg 300w, https:\/\/prensa.sma.gob.ar\/wp-content\/uploads\/2025\/07\/WhatsApp-Image-2025-07-18-at-20.43.32-1-768x463.jpeg 768w, https:\/\/prensa.sma.gob.ar\/wp-content\/uploads\/2025\/07\/WhatsApp-Image-2025-07-18-at-20.43.32-1-1536x925.jpeg 1536w, https:\/\/prensa.sma.gob.ar\/wp-content\/uploads\/2025\/07\/WhatsApp-Image-2025-07-18-at-20.43.32-1-697x420.jpeg 697w, https:\/\/prensa.sma.gob.ar\/wp-content\/uploads\/2025\/07\/WhatsApp-Image-2025-07-18-at-20.43.32-1-696x419.jpeg 696w, https:\/\/prensa.sma.gob.ar\/wp-content\/uploads\/2025\/07\/WhatsApp-Image-2025-07-18-at-20.43.32-1-1068x643.jpeg 1068w, https:\/\/prensa.sma.gob.ar\/wp-content\/uploads\/2025\/07\/WhatsApp-Image-2025-07-18-at-20.43.32-1.jpeg 1600w\" sizes=\"auto, (max-width: 1024px) 100vw, 1024px\" \/><\/figure>\n<\/figure>\n","protected":false},"excerpt":{"rendered":"<p>Comenz\u00f3 en San Mart\u00edn de los Andes el Congreso Federal Juntos por la Prevenci\u00f3n, una iniciativa sin precedentes en la regi\u00f3n que re\u00fane este fin de semana a referentes de distintas provincias del pa\u00eds para abordar la problem\u00e1tica de las adicciones desde una mirada integral, transversal y profundamente humana. La apertura tuvo lugar en el [&hellip;]<\/p>\n","protected":false},"author":2,"featured_media":8604,"comment_status":"closed","ping_status":"open","sticky":false,"template":"","format":"standard","meta":{"footnotes":""},"categories":[16,14,17],"tags":[],"class_list":{"0":"post-8588","1":"post","2":"type-post","3":"status-publish","4":"format-standard","5":"has-post-thumbnail","7":"category-destacadas","8":"category-noticias","9":"category-portada"},"_links":{"self":[{"href":"https:\/\/prensa.sma.gob.ar\/index.php?rest_route=\/wp\/v2\/posts\/8588","targetHints":{"allow":["GET"]}}],"collection":[{"href":"https:\/\/prensa.sma.gob.ar\/index.php?rest_route=\/wp\/v2\/posts"}],"about":[{"href":"https:\/\/prensa.sma.gob.ar\/index.php?rest_route=\/wp\/v2\/types\/post"}],"author":[{"embeddable":true,"href":"https:\/\/prensa.sma.gob.ar\/index.php?rest_route=\/wp\/v2\/users\/2"}],"replies":[{"embeddable":true,"href":"https:\/\/prensa.sma.gob.ar\/index.php?rest_route=%2Fwp%2Fv2%2Fcomments&post=8588"}],"version-history":[{"count":4,"href":"https:\/\/prensa.sma.gob.ar\/index.php?rest_route=\/wp\/v2\/posts\/8588\/revisions"}],"predecessor-version":[{"id":8611,"href":"https:\/\/prensa.sma.gob.ar\/index.php?rest_route=\/wp\/v2\/posts\/8588\/revisions\/8611"}],"wp:featuredmedia":[{"embeddable":true,"href":"https:\/\/prensa.sma.gob.ar\/index.php?rest_route=\/wp\/v2\/media\/8604"}],"wp:attachment":[{"href":"https:\/\/prensa.sma.gob.ar\/index.php?rest_route=%2Fwp%2Fv2%2Fmedia&parent=8588"}],"wp:term":[{"taxonomy":"category","embeddable":true,"href":"https:\/\/prensa.sma.gob.ar\/index.php?rest_route=%2Fwp%2Fv2%2Fcategories&post=8588"},{"taxonomy":"post_tag","embeddable":true,"href":"https:\/\/prensa.sma.gob.ar\/index.php?rest_route=%2Fwp%2Fv2%2Ftags&post=8588"}],"curies":[{"name":"wp","href":"https:\/\/api.w.org\/{rel}","templated":true}]}}