{"id":8612,"date":"2025-07-19T15:35:02","date_gmt":"2025-07-19T15:35:02","guid":{"rendered":"https:\/\/prensa.sma.gob.ar\/?p=8612"},"modified":"2025-07-19T17:32:39","modified_gmt":"2025-07-19T17:32:39","slug":"el-ministro-de-salud-de-neuquen-presento-al-intendente-saloniti-el-proyecto-del-nuevo-centro-de-salud-de-cordones","status":"publish","type":"post","link":"https:\/\/prensa.sma.gob.ar\/?p=8612","title":{"rendered":"El ministro de Salud de Neuqu\u00e9n present\u00f3 al intendente Saloniti el proyecto del nuevo Centro de Salud de Cordones"},"content":{"rendered":"\n<p>El intendente municipal Carlos Saloniti recibi\u00f3 detalles del proyecto del nuevo Centro de Salud de Cordones del Chapelco, durante una reuni\u00f3n que mantuvo con el ministro de Salud de la provincia de Neuqu\u00e9n, Mart\u00edn Regueiro.<\/p>\n\n\n\n<p>El nuevo edificio tendr\u00e1 nueve consultorios, sala y equipos de rayos, ecograf\u00eda y laboratorio, adem\u00e1s de los servicios necesarios para ser un centro de Alta Complejidad dentro del sistema provincial de atenci\u00f3n primaria de la salud.<\/p>\n\n\n\n<p>El ministro Regueiro explic\u00f3 que el proyecto est\u00e1 dise\u00f1ado por una empresa de ingenier\u00eda hospitalaria en base a datos aportados por el Estado provincial sobre cantidad poblaci\u00f3n, estad\u00edsticas actuales de uso del actual centro de salud y a las proyecciones en base al crecimiento poblacional.<\/p>\n\n\n\n<p>Este nuevo Centro de Salud est\u00e1 contemplado en el presupuesto provincial de este a\u00f1o. El inicio del proceso de licitaci\u00f3n y del financiamiento por parte del Estado neuquino s\u00f3lo depende de la aprobaci\u00f3n en audiencia p\u00fablica de la cesi\u00f3n del terreno municipal que albergar\u00e1 al edificio, que se realizar\u00e1 el pr\u00f3ximo 4 de agosto.<\/p>\n\n\n\n<p>El ministro Regueiro inform\u00f3 que es un centro de salud de mayor complejidad dentro de la catalogaci\u00f3n que se hace del sistema de atenci\u00f3n primaria de la salud. \u201cTendr\u00e1 mayor cantidad de metros cuadrados, nueve consultorios, laboratorio, radiograf\u00eda, ecograf\u00eda, que viene a repensar el nuevo sistema de atenci\u00f3n para evitar que la poblaci\u00f3n tenga que trasladarse al hospital\u201d, afirm\u00f3. Se\u00f1al\u00f3 que \u201cnecesitamos tener el terreno para hacer la licitaci\u00f3n para comenzar a dar respuesta a lo que se necesita hoy pero tambi\u00e9n a lo que se va a necesitar en el futuro\u201d.<\/p>\n\n\n\n<p>Detall\u00f3 que \u201cla estrategia de atenci\u00f3n primaria de salud plantea que las complejidades tienen que estar a la mano de los pacientes cuando lo necesitan. Dentro de los tres niveles de atenci\u00f3n, este de Cordones tendr\u00e1 mayor complejidad\u201d.<\/p>\n\n\n\n<p>Afirm\u00f3 que el Centro de Salud actual de Cordones atendi\u00f3 en el \u00faltimo a\u00f1o a 6.800 personas. \u201cSi mejoramos la complejidad, aumentar\u00e1 la gente que consulte y por eso necesitaremos m\u00e1s recursos humanos y m\u00e1s recursos f\u00edsicos e infraestructura\u201d.<\/p>\n\n\n\n<p>El intendente Saloniti calific\u00f3 como \u201cuna gran noticia para todos los habitantes de San Mart\u00edn y para la gran comunidad de Cordones del Chapelco\u201d y adelant\u00f3 que esta visita del ministro es para \u201cprepararnos para la Audiencia P\u00fablica del pr\u00f3ximo 4 de agosto, para sacarnos todas las dudas y dar a la comunidad una explicaci\u00f3n fundada desde el punto de vista de la salud\u201d.<\/p>\n\n\n\n<p>\u201cEstamos agradecidos con el ministro y entendemos que esto es un paso enorme que da la provincia, con una nueva inversi\u00f3n p\u00fablica que hace el Estado neuquino en el sur de la provincia\u201d, sostuvo el jefe comunal.<\/p>\n\n\n\n<p>Concluy\u00f3 que el nuevo Centro de Salud \u201cva a una zona esencial que ha crecido y sigue creciendo, que abarca a Chacra 30, Chacra 28, Chacra 32, Chacra 26 y tambi\u00e9n hacia la zona del aeropuerto. Esta descentralizaci\u00f3n del sistema de salud beneficia a todo un sector de nuestra ciudad que requer\u00eda una mayor complejidad en la zona para evitar tener que ir al hospital\u201d.<\/p>\n\n\n\n<figure class=\"wp-block-gallery has-nested-images columns-default is-cropped wp-block-gallery-1 is-layout-flex wp-block-gallery-is-layout-flex\">\n<figure class=\"wp-block-image size-large\"><img loading=\"lazy\" decoding=\"async\" width=\"1024\" height=\"576\" data-id=\"8615\" src=\"https:\/\/prensa.sma.gob.ar\/wp-content\/uploads\/2025\/07\/WhatsApp-Image-2025-07-18-at-13.58.12-1-1024x576.jpeg\" alt=\"\" class=\"wp-image-8615\" srcset=\"https:\/\/prensa.sma.gob.ar\/wp-content\/uploads\/2025\/07\/WhatsApp-Image-2025-07-18-at-13.58.12-1-1024x576.jpeg 1024w, https:\/\/prensa.sma.gob.ar\/wp-content\/uploads\/2025\/07\/WhatsApp-Image-2025-07-18-at-13.58.12-1-300x169.jpeg 300w, https:\/\/prensa.sma.gob.ar\/wp-content\/uploads\/2025\/07\/WhatsApp-Image-2025-07-18-at-13.58.12-1-768x432.jpeg 768w, https:\/\/prensa.sma.gob.ar\/wp-content\/uploads\/2025\/07\/WhatsApp-Image-2025-07-18-at-13.58.12-1-747x420.jpeg 747w, https:\/\/prensa.sma.gob.ar\/wp-content\/uploads\/2025\/07\/WhatsApp-Image-2025-07-18-at-13.58.12-1-696x392.jpeg 696w, https:\/\/prensa.sma.gob.ar\/wp-content\/uploads\/2025\/07\/WhatsApp-Image-2025-07-18-at-13.58.12-1-1068x601.jpeg 1068w, https:\/\/prensa.sma.gob.ar\/wp-content\/uploads\/2025\/07\/WhatsApp-Image-2025-07-18-at-13.58.12-1.jpeg 1280w\" sizes=\"auto, (max-width: 1024px) 100vw, 1024px\" \/><\/figure>\n\n\n\n<figure class=\"wp-block-image size-large\"><img loading=\"lazy\" decoding=\"async\" width=\"1024\" height=\"571\" data-id=\"8614\" src=\"https:\/\/prensa.sma.gob.ar\/wp-content\/uploads\/2025\/07\/WhatsApp-Image-2025-07-18-at-13.58.12-1024x571.jpeg\" alt=\"\" class=\"wp-image-8614\" srcset=\"https:\/\/prensa.sma.gob.ar\/wp-content\/uploads\/2025\/07\/WhatsApp-Image-2025-07-18-at-13.58.12-1024x571.jpeg 1024w, https:\/\/prensa.sma.gob.ar\/wp-content\/uploads\/2025\/07\/WhatsApp-Image-2025-07-18-at-13.58.12-300x167.jpeg 300w, https:\/\/prensa.sma.gob.ar\/wp-content\/uploads\/2025\/07\/WhatsApp-Image-2025-07-18-at-13.58.12-768x428.jpeg 768w, https:\/\/prensa.sma.gob.ar\/wp-content\/uploads\/2025\/07\/WhatsApp-Image-2025-07-18-at-13.58.12-753x420.jpeg 753w, https:\/\/prensa.sma.gob.ar\/wp-content\/uploads\/2025\/07\/WhatsApp-Image-2025-07-18-at-13.58.12-696x388.jpeg 696w, https:\/\/prensa.sma.gob.ar\/wp-content\/uploads\/2025\/07\/WhatsApp-Image-2025-07-18-at-13.58.12-1068x596.jpeg 1068w, https:\/\/prensa.sma.gob.ar\/wp-content\/uploads\/2025\/07\/WhatsApp-Image-2025-07-18-at-13.58.12.jpeg 1280w\" sizes=\"auto, (max-width: 1024px) 100vw, 1024px\" \/><\/figure>\n\n\n\n<figure class=\"wp-block-image size-large\"><img loading=\"lazy\" decoding=\"async\" width=\"1024\" height=\"590\" data-id=\"8613\" src=\"https:\/\/prensa.sma.gob.ar\/wp-content\/uploads\/2025\/07\/WhatsApp-Image-2025-07-18-at-13.58.11-1-1024x590.jpeg\" alt=\"\" class=\"wp-image-8613\" srcset=\"https:\/\/prensa.sma.gob.ar\/wp-content\/uploads\/2025\/07\/WhatsApp-Image-2025-07-18-at-13.58.11-1-1024x590.jpeg 1024w, https:\/\/prensa.sma.gob.ar\/wp-content\/uploads\/2025\/07\/WhatsApp-Image-2025-07-18-at-13.58.11-1-300x173.jpeg 300w, https:\/\/prensa.sma.gob.ar\/wp-content\/uploads\/2025\/07\/WhatsApp-Image-2025-07-18-at-13.58.11-1-768x443.jpeg 768w, https:\/\/prensa.sma.gob.ar\/wp-content\/uploads\/2025\/07\/WhatsApp-Image-2025-07-18-at-13.58.11-1-728x420.jpeg 728w, https:\/\/prensa.sma.gob.ar\/wp-content\/uploads\/2025\/07\/WhatsApp-Image-2025-07-18-at-13.58.11-1-696x401.jpeg 696w, https:\/\/prensa.sma.gob.ar\/wp-content\/uploads\/2025\/07\/WhatsApp-Image-2025-07-18-at-13.58.11-1-1068x616.jpeg 1068w, https:\/\/prensa.sma.gob.ar\/wp-content\/uploads\/2025\/07\/WhatsApp-Image-2025-07-18-at-13.58.11-1.jpeg 1280w\" sizes=\"auto, (max-width: 1024px) 100vw, 1024px\" \/><\/figure>\n<\/figure>\n\n\n\n<p><\/p>\n","protected":false},"excerpt":{"rendered":"<p>El intendente municipal Carlos Saloniti recibi\u00f3 detalles del proyecto del nuevo Centro de Salud de Cordones del Chapelco, durante una reuni\u00f3n que mantuvo con el ministro de Salud de la provincia de Neuqu\u00e9n, Mart\u00edn Regueiro. El nuevo edificio tendr\u00e1 nueve consultorios, sala y equipos de rayos, ecograf\u00eda y laboratorio, adem\u00e1s de los servicios necesarios para [&hellip;]<\/p>\n","protected":false},"author":2,"featured_media":8616,"comment_status":"closed","ping_status":"open","sticky":false,"template":"","format":"standard","meta":{"footnotes":""},"categories":[16,14,17,35],"tags":[],"class_list":{"0":"post-8612","1":"post","2":"type-post","3":"status-publish","4":"format-standard","5":"has-post-thumbnail","7":"category-destacadas","8":"category-noticias","9":"category-portada","10":"category-salud"},"_links":{"self":[{"href":"https:\/\/prensa.sma.gob.ar\/index.php?rest_route=\/wp\/v2\/posts\/8612","targetHints":{"allow":["GET"]}}],"collection":[{"href":"https:\/\/prensa.sma.gob.ar\/index.php?rest_route=\/wp\/v2\/posts"}],"about":[{"href":"https:\/\/prensa.sma.gob.ar\/index.php?rest_route=\/wp\/v2\/types\/post"}],"author":[{"embeddable":true,"href":"https:\/\/prensa.sma.gob.ar\/index.php?rest_route=\/wp\/v2\/users\/2"}],"replies":[{"embeddable":true,"href":"https:\/\/prensa.sma.gob.ar\/index.php?rest_route=%2Fwp%2Fv2%2Fcomments&post=8612"}],"version-history":[{"count":2,"href":"https:\/\/prensa.sma.gob.ar\/index.php?rest_route=\/wp\/v2\/posts\/8612\/revisions"}],"predecessor-version":[{"id":8618,"href":"https:\/\/prensa.sma.gob.ar\/index.php?rest_route=\/wp\/v2\/posts\/8612\/revisions\/8618"}],"wp:featuredmedia":[{"embeddable":true,"href":"https:\/\/prensa.sma.gob.ar\/index.php?rest_route=\/wp\/v2\/media\/8616"}],"wp:attachment":[{"href":"https:\/\/prensa.sma.gob.ar\/index.php?rest_route=%2Fwp%2Fv2%2Fmedia&parent=8612"}],"wp:term":[{"taxonomy":"category","embeddable":true,"href":"https:\/\/prensa.sma.gob.ar\/index.php?rest_route=%2Fwp%2Fv2%2Fcategories&post=8612"},{"taxonomy":"post_tag","embeddable":true,"href":"https:\/\/prensa.sma.gob.ar\/index.php?rest_route=%2Fwp%2Fv2%2Ftags&post=8612"}],"curies":[{"name":"wp","href":"https:\/\/api.w.org\/{rel}","templated":true}]}}