{"id":8619,"date":"2025-07-19T15:32:41","date_gmt":"2025-07-19T15:32:41","guid":{"rendered":"https:\/\/prensa.sma.gob.ar\/?p=8619"},"modified":"2025-07-19T16:04:17","modified_gmt":"2025-07-19T16:04:17","slug":"el-municipio-trabaja-en-el-mejoramiento-de-la-pista-de-atletismo","status":"publish","type":"post","link":"https:\/\/prensa.sma.gob.ar\/?p=8619","title":{"rendered":"El Municipio trabaja en el mejoramiento de la pista de atletismo"},"content":{"rendered":"\n<p>Personal de la Subsecretar\u00eda de Deportes y de la Subsecretar\u00eda de Servicios P\u00fablicos trabaja este fin de semana en el mejoramiento de la pista de atletismo, ubicada alrededor de la cancha municipal de c\u00e9sped sint\u00e9tico.<\/p>\n\n\n\n<p>El jefe de mantenimiento de Espacios Deportivos, Juan Carlos Pino, trabaja junto al equipo de la Direcci\u00f3n de Hidr\u00e1ulica encabezado por Cristian Trevis\u00e1n y Mario Ram\u00edrez para poner en condiciones un espacio fundamental para que todos los atletas de San Mart\u00edn de los Andes puedan entrenar y desarrollarse.<\/p>\n\n\n\n<p>La Subsecretar\u00eda de Deportes pide a la comunidad que, por el cuidado de todos, no utilicen la cancha de c\u00e9sped sint\u00e9tico si turno reservado, ya que hay m\u00e1quinas trabajando en el lugar.<\/p>\n\n\n\n<figure class=\"wp-block-gallery has-nested-images columns-default is-cropped wp-block-gallery-1 is-layout-flex wp-block-gallery-is-layout-flex\">\n<figure class=\"wp-block-image size-large\"><img loading=\"lazy\" decoding=\"async\" width=\"900\" height=\"897\" data-id=\"8621\" src=\"https:\/\/prensa.sma.gob.ar\/wp-content\/uploads\/2025\/07\/atetismo-3.jpg\" alt=\"\" class=\"wp-image-8621\" srcset=\"https:\/\/prensa.sma.gob.ar\/wp-content\/uploads\/2025\/07\/atetismo-3.jpg 900w, https:\/\/prensa.sma.gob.ar\/wp-content\/uploads\/2025\/07\/atetismo-3-300x300.jpg 300w, https:\/\/prensa.sma.gob.ar\/wp-content\/uploads\/2025\/07\/atetismo-3-150x150.jpg 150w, https:\/\/prensa.sma.gob.ar\/wp-content\/uploads\/2025\/07\/atetismo-3-768x765.jpg 768w, https:\/\/prensa.sma.gob.ar\/wp-content\/uploads\/2025\/07\/atetismo-3-421x420.jpg 421w, https:\/\/prensa.sma.gob.ar\/wp-content\/uploads\/2025\/07\/atetismo-3-696x694.jpg 696w\" sizes=\"auto, (max-width: 900px) 100vw, 900px\" \/><\/figure>\n\n\n\n<figure class=\"wp-block-image size-large\"><img loading=\"lazy\" decoding=\"async\" width=\"900\" height=\"803\" data-id=\"8622\" src=\"https:\/\/prensa.sma.gob.ar\/wp-content\/uploads\/2025\/07\/atletismo-2.jpg\" alt=\"\" class=\"wp-image-8622\" srcset=\"https:\/\/prensa.sma.gob.ar\/wp-content\/uploads\/2025\/07\/atletismo-2.jpg 900w, https:\/\/prensa.sma.gob.ar\/wp-content\/uploads\/2025\/07\/atletismo-2-300x268.jpg 300w, https:\/\/prensa.sma.gob.ar\/wp-content\/uploads\/2025\/07\/atletismo-2-768x685.jpg 768w, https:\/\/prensa.sma.gob.ar\/wp-content\/uploads\/2025\/07\/atletismo-2-471x420.jpg 471w, https:\/\/prensa.sma.gob.ar\/wp-content\/uploads\/2025\/07\/atletismo-2-696x621.jpg 696w\" sizes=\"auto, (max-width: 900px) 100vw, 900px\" \/><\/figure>\n\n\n\n<figure class=\"wp-block-image size-large\"><img loading=\"lazy\" decoding=\"async\" width=\"900\" height=\"778\" data-id=\"8623\" src=\"https:\/\/prensa.sma.gob.ar\/wp-content\/uploads\/2025\/07\/atletismo-1.jpg\" alt=\"\" class=\"wp-image-8623\" srcset=\"https:\/\/prensa.sma.gob.ar\/wp-content\/uploads\/2025\/07\/atletismo-1.jpg 900w, https:\/\/prensa.sma.gob.ar\/wp-content\/uploads\/2025\/07\/atletismo-1-300x259.jpg 300w, https:\/\/prensa.sma.gob.ar\/wp-content\/uploads\/2025\/07\/atletismo-1-768x664.jpg 768w, https:\/\/prensa.sma.gob.ar\/wp-content\/uploads\/2025\/07\/atletismo-1-486x420.jpg 486w, https:\/\/prensa.sma.gob.ar\/wp-content\/uploads\/2025\/07\/atletismo-1-696x602.jpg 696w\" sizes=\"auto, (max-width: 900px) 100vw, 900px\" \/><\/figure>\n<\/figure>\n\n\n\n<figure class=\"wp-block-gallery has-nested-images columns-default is-cropped wp-block-gallery-2 is-layout-flex wp-block-gallery-is-layout-flex\">\n<figure class=\"wp-block-image size-large\"><img loading=\"lazy\" decoding=\"async\" width=\"576\" height=\"1024\" data-id=\"8626\" src=\"https:\/\/prensa.sma.gob.ar\/wp-content\/uploads\/2025\/07\/WhatsApp-Image-2025-07-19-at-12.01.13-576x1024.jpeg\" alt=\"\" class=\"wp-image-8626\" srcset=\"https:\/\/prensa.sma.gob.ar\/wp-content\/uploads\/2025\/07\/WhatsApp-Image-2025-07-19-at-12.01.13-576x1024.jpeg 576w, https:\/\/prensa.sma.gob.ar\/wp-content\/uploads\/2025\/07\/WhatsApp-Image-2025-07-19-at-12.01.13-169x300.jpeg 169w, https:\/\/prensa.sma.gob.ar\/wp-content\/uploads\/2025\/07\/WhatsApp-Image-2025-07-19-at-12.01.13-236x420.jpeg 236w, https:\/\/prensa.sma.gob.ar\/wp-content\/uploads\/2025\/07\/WhatsApp-Image-2025-07-19-at-12.01.13-696x1237.jpeg 696w, https:\/\/prensa.sma.gob.ar\/wp-content\/uploads\/2025\/07\/WhatsApp-Image-2025-07-19-at-12.01.13.jpeg 720w\" sizes=\"auto, (max-width: 576px) 100vw, 576px\" \/><\/figure>\n\n\n\n<figure class=\"wp-block-image size-large\"><img loading=\"lazy\" decoding=\"async\" width=\"576\" height=\"1024\" data-id=\"8625\" src=\"https:\/\/prensa.sma.gob.ar\/wp-content\/uploads\/2025\/07\/WhatsApp-Image-2025-07-19-at-12.01.14-576x1024.jpeg\" alt=\"\" class=\"wp-image-8625\" srcset=\"https:\/\/prensa.sma.gob.ar\/wp-content\/uploads\/2025\/07\/WhatsApp-Image-2025-07-19-at-12.01.14-576x1024.jpeg 576w, https:\/\/prensa.sma.gob.ar\/wp-content\/uploads\/2025\/07\/WhatsApp-Image-2025-07-19-at-12.01.14-169x300.jpeg 169w, https:\/\/prensa.sma.gob.ar\/wp-content\/uploads\/2025\/07\/WhatsApp-Image-2025-07-19-at-12.01.14-236x420.jpeg 236w, https:\/\/prensa.sma.gob.ar\/wp-content\/uploads\/2025\/07\/WhatsApp-Image-2025-07-19-at-12.01.14-696x1237.jpeg 696w, https:\/\/prensa.sma.gob.ar\/wp-content\/uploads\/2025\/07\/WhatsApp-Image-2025-07-19-at-12.01.14.jpeg 720w\" sizes=\"auto, (max-width: 576px) 100vw, 576px\" \/><\/figure>\n\n\n\n<figure class=\"wp-block-image size-large\"><img loading=\"lazy\" decoding=\"async\" width=\"576\" height=\"1024\" data-id=\"8624\" src=\"https:\/\/prensa.sma.gob.ar\/wp-content\/uploads\/2025\/07\/WhatsApp-Image-2025-07-19-at-10.38.35-576x1024.jpeg\" alt=\"\" class=\"wp-image-8624\" srcset=\"https:\/\/prensa.sma.gob.ar\/wp-content\/uploads\/2025\/07\/WhatsApp-Image-2025-07-19-at-10.38.35-576x1024.jpeg 576w, https:\/\/prensa.sma.gob.ar\/wp-content\/uploads\/2025\/07\/WhatsApp-Image-2025-07-19-at-10.38.35-169x300.jpeg 169w, https:\/\/prensa.sma.gob.ar\/wp-content\/uploads\/2025\/07\/WhatsApp-Image-2025-07-19-at-10.38.35-768x1365.jpeg 768w, https:\/\/prensa.sma.gob.ar\/wp-content\/uploads\/2025\/07\/WhatsApp-Image-2025-07-19-at-10.38.35-864x1536.jpeg 864w, https:\/\/prensa.sma.gob.ar\/wp-content\/uploads\/2025\/07\/WhatsApp-Image-2025-07-19-at-10.38.35-236x420.jpeg 236w, https:\/\/prensa.sma.gob.ar\/wp-content\/uploads\/2025\/07\/WhatsApp-Image-2025-07-19-at-10.38.35-696x1237.jpeg 696w, https:\/\/prensa.sma.gob.ar\/wp-content\/uploads\/2025\/07\/WhatsApp-Image-2025-07-19-at-10.38.35.jpeg 900w\" sizes=\"auto, (max-width: 576px) 100vw, 576px\" \/><\/figure>\n<\/figure>\n","protected":false},"excerpt":{"rendered":"<p>Personal de la Subsecretar\u00eda de Deportes y de la Subsecretar\u00eda de Servicios P\u00fablicos trabaja este fin de semana en el mejoramiento de la pista de atletismo, ubicada alrededor de la cancha municipal de c\u00e9sped sint\u00e9tico. El jefe de mantenimiento de Espacios Deportivos, Juan Carlos Pino, trabaja junto al equipo de la Direcci\u00f3n de Hidr\u00e1ulica encabezado [&hellip;]<\/p>\n","protected":false},"author":2,"featured_media":8620,"comment_status":"closed","ping_status":"open","sticky":false,"template":"","format":"standard","meta":{"footnotes":""},"categories":[7,16,14,19],"tags":[],"class_list":{"0":"post-8619","1":"post","2":"type-post","3":"status-publish","4":"format-standard","5":"has-post-thumbnail","7":"category-deportes","8":"category-destacadas","9":"category-noticias","10":"category-obras-y-servicios-publicos"},"_links":{"self":[{"href":"https:\/\/prensa.sma.gob.ar\/index.php?rest_route=\/wp\/v2\/posts\/8619","targetHints":{"allow":["GET"]}}],"collection":[{"href":"https:\/\/prensa.sma.gob.ar\/index.php?rest_route=\/wp\/v2\/posts"}],"about":[{"href":"https:\/\/prensa.sma.gob.ar\/index.php?rest_route=\/wp\/v2\/types\/post"}],"author":[{"embeddable":true,"href":"https:\/\/prensa.sma.gob.ar\/index.php?rest_route=\/wp\/v2\/users\/2"}],"replies":[{"embeddable":true,"href":"https:\/\/prensa.sma.gob.ar\/index.php?rest_route=%2Fwp%2Fv2%2Fcomments&post=8619"}],"version-history":[{"count":2,"href":"https:\/\/prensa.sma.gob.ar\/index.php?rest_route=\/wp\/v2\/posts\/8619\/revisions"}],"predecessor-version":[{"id":8628,"href":"https:\/\/prensa.sma.gob.ar\/index.php?rest_route=\/wp\/v2\/posts\/8619\/revisions\/8628"}],"wp:featuredmedia":[{"embeddable":true,"href":"https:\/\/prensa.sma.gob.ar\/index.php?rest_route=\/wp\/v2\/media\/8620"}],"wp:attachment":[{"href":"https:\/\/prensa.sma.gob.ar\/index.php?rest_route=%2Fwp%2Fv2%2Fmedia&parent=8619"}],"wp:term":[{"taxonomy":"category","embeddable":true,"href":"https:\/\/prensa.sma.gob.ar\/index.php?rest_route=%2Fwp%2Fv2%2Fcategories&post=8619"},{"taxonomy":"post_tag","embeddable":true,"href":"https:\/\/prensa.sma.gob.ar\/index.php?rest_route=%2Fwp%2Fv2%2Ftags&post=8619"}],"curies":[{"name":"wp","href":"https:\/\/api.w.org\/{rel}","templated":true}]}}