{"id":8629,"date":"2025-07-19T15:30:41","date_gmt":"2025-07-19T15:30:41","guid":{"rendered":"https:\/\/prensa.sma.gob.ar\/?p=8629"},"modified":"2025-07-19T17:32:23","modified_gmt":"2025-07-19T17:32:23","slug":"la-escuela-municipal-de-autogestion-fortalece-la-construccion-colectiva-del-habitat-en-san-martin-de-los-andes","status":"publish","type":"post","link":"https:\/\/prensa.sma.gob.ar\/?p=8629","title":{"rendered":"La Escuela Municipal de Autogesti\u00f3n fortalece la construcci\u00f3n colectiva del h\u00e1bitat en San Mart\u00edn de los Andes"},"content":{"rendered":"\n<p>Se realiz\u00f3 el tercer taller participativo junto a vecinos de Chacra 28 en el marco del proceso \u201cDe la Tierra al Barrio\u201d, impulsado por el Instituto de Vivienda y H\u00e1bitat (IVH) de San Mart\u00edn de los Andes.<\/p>\n\n\n\n<p>Con esta actividad, realizada este viernes 18 de julio, la Escuela Municipal de Autogesti\u00f3n contin\u00faa tejiendo redes entre organizaciones sociales y actores clave del desarrollo urbano en nuestra ciudad.<\/p>\n\n\n\n<p>Cada taller convoca a representantes de distintos niveles del Estado y referentes institucionales. En esta ocasi\u00f3n, participaron la delegada en San Mart\u00edn de los Andes por el Instituto Provincial de Vivienda y Urbanismo (IPVU-ADUS), Natalia Bruno, y el concejal Carlos Men\u00e9ndez en representaci\u00f3n del Concejo Deliberante.<\/p>\n\n\n\n<p>El taller reuni\u00f3 a las 24 familias sorteadas en marzo y agosto de 2024 para acceder a lotes en Chacra 28 \u201412 trabajadoras y trabajadores de instituciones p\u00fablicas, y 12 familias seleccionadas junto a las 200 de Chacra 30\u2014 con quienes se viene desarrollando un proceso de planificaci\u00f3n colectiva del h\u00e1bitat.<\/p>\n\n\n\n<p>Durante el encuentro, se compartieron avances t\u00e9cnicos, propuestas innovadoras y estrategias legislativas orientadas a fortalecer el modelo autogestionario. Adem\u00e1s, las familias reafirmaron su voluntad de prepago como un mecanismo clave para asegurar el recupero de fondos y habilitar la movilizaci\u00f3n de recursos destinados a avanzar concretamente en las obras de urbanizaci\u00f3n. Finalmente, se definieron nuevas acciones conjuntas que apuntan a seguir construyendo una ciudad m\u00e1s justa, participativa y sustentable.<\/p>\n\n\n\n<p>La iniciativa, coordinada por la directora del IVH, Carolina Amaya, promueve desde hace un a\u00f1o un modelo de gesti\u00f3n socio-eco-urbana participativa, con el acompa\u00f1amiento metodol\u00f3gico de la Escuela Iberoamericana de Tecnolog\u00edas Integrales del H\u00e1bitat (TEC-IN-HAB).<\/p>\n\n\n\n<p>El IVH del Municipio destac\u00f3 que el equipo promotor \u201cDe la Tierra al Barrio\u201d se consolida como un espacio p\u00fablico-social abierto e interactivo, integrado por miembros del Instituto, organizaciones sociales del Consejo Asesor \u2014como Vecinos Sin Techo y por una Vivienda Digna, Chacra 28, El Enjambre, Cooperativa La Remolinera, entre otras\u2014 y referentes barriales de Aitu\u00e9, El Tr\u00e9bol y otras zonas que trabajan en experiencias de autogesti\u00f3n.<\/p>\n\n\n\n<p>El proyecto tambi\u00e9n ha estrechado v\u00ednculos con el \u00e1mbito acad\u00e9mico, en particular con la Universidad Nacional del Comahue (UNCo), a trav\u00e9s de los Centros Regionales Universitarios de San Mart\u00edn de los Andes y de Zapala, aportando herramientas de planificaci\u00f3n y reflexi\u00f3n cr\u00edtica al proceso.<\/p>\n\n\n\n<figure class=\"wp-block-gallery has-nested-images columns-default is-cropped wp-block-gallery-1 is-layout-flex wp-block-gallery-is-layout-flex\">\n<figure class=\"wp-block-image size-large\"><img loading=\"lazy\" decoding=\"async\" width=\"1024\" height=\"475\" data-id=\"8634\" src=\"https:\/\/prensa.sma.gob.ar\/wp-content\/uploads\/2025\/07\/WhatsApp-Image-2025-07-19-at-11.58.46-1024x475.jpeg\" alt=\"\" class=\"wp-image-8634\" srcset=\"https:\/\/prensa.sma.gob.ar\/wp-content\/uploads\/2025\/07\/WhatsApp-Image-2025-07-19-at-11.58.46-1024x475.jpeg 1024w, https:\/\/prensa.sma.gob.ar\/wp-content\/uploads\/2025\/07\/WhatsApp-Image-2025-07-19-at-11.58.46-300x139.jpeg 300w, https:\/\/prensa.sma.gob.ar\/wp-content\/uploads\/2025\/07\/WhatsApp-Image-2025-07-19-at-11.58.46-768x356.jpeg 768w, https:\/\/prensa.sma.gob.ar\/wp-content\/uploads\/2025\/07\/WhatsApp-Image-2025-07-19-at-11.58.46-905x420.jpeg 905w, https:\/\/prensa.sma.gob.ar\/wp-content\/uploads\/2025\/07\/WhatsApp-Image-2025-07-19-at-11.58.46-696x323.jpeg 696w, https:\/\/prensa.sma.gob.ar\/wp-content\/uploads\/2025\/07\/WhatsApp-Image-2025-07-19-at-11.58.46-1068x496.jpeg 1068w, https:\/\/prensa.sma.gob.ar\/wp-content\/uploads\/2025\/07\/WhatsApp-Image-2025-07-19-at-11.58.46.jpeg 1241w\" sizes=\"auto, (max-width: 1024px) 100vw, 1024px\" \/><\/figure>\n\n\n\n<figure class=\"wp-block-image size-large\"><img loading=\"lazy\" decoding=\"async\" width=\"899\" height=\"720\" data-id=\"8633\" src=\"https:\/\/prensa.sma.gob.ar\/wp-content\/uploads\/2025\/07\/WhatsApp-Image-2025-07-19-at-12.01.25.jpeg\" alt=\"\" class=\"wp-image-8633\" srcset=\"https:\/\/prensa.sma.gob.ar\/wp-content\/uploads\/2025\/07\/WhatsApp-Image-2025-07-19-at-12.01.25.jpeg 899w, https:\/\/prensa.sma.gob.ar\/wp-content\/uploads\/2025\/07\/WhatsApp-Image-2025-07-19-at-12.01.25-300x240.jpeg 300w, https:\/\/prensa.sma.gob.ar\/wp-content\/uploads\/2025\/07\/WhatsApp-Image-2025-07-19-at-12.01.25-768x615.jpeg 768w, https:\/\/prensa.sma.gob.ar\/wp-content\/uploads\/2025\/07\/WhatsApp-Image-2025-07-19-at-12.01.25-524x420.jpeg 524w, https:\/\/prensa.sma.gob.ar\/wp-content\/uploads\/2025\/07\/WhatsApp-Image-2025-07-19-at-12.01.25-696x557.jpeg 696w\" sizes=\"auto, (max-width: 899px) 100vw, 899px\" \/><\/figure>\n\n\n\n<figure class=\"wp-block-image size-large\"><img loading=\"lazy\" decoding=\"async\" width=\"1024\" height=\"461\" data-id=\"8632\" src=\"https:\/\/prensa.sma.gob.ar\/wp-content\/uploads\/2025\/07\/WhatsApp-Image-2025-07-19-at-12.01.26-1024x461.jpeg\" alt=\"\" class=\"wp-image-8632\" srcset=\"https:\/\/prensa.sma.gob.ar\/wp-content\/uploads\/2025\/07\/WhatsApp-Image-2025-07-19-at-12.01.26-1024x461.jpeg 1024w, https:\/\/prensa.sma.gob.ar\/wp-content\/uploads\/2025\/07\/WhatsApp-Image-2025-07-19-at-12.01.26-300x135.jpeg 300w, https:\/\/prensa.sma.gob.ar\/wp-content\/uploads\/2025\/07\/WhatsApp-Image-2025-07-19-at-12.01.26-768x346.jpeg 768w, https:\/\/prensa.sma.gob.ar\/wp-content\/uploads\/2025\/07\/WhatsApp-Image-2025-07-19-at-12.01.26-933x420.jpeg 933w, https:\/\/prensa.sma.gob.ar\/wp-content\/uploads\/2025\/07\/WhatsApp-Image-2025-07-19-at-12.01.26-696x313.jpeg 696w, https:\/\/prensa.sma.gob.ar\/wp-content\/uploads\/2025\/07\/WhatsApp-Image-2025-07-19-at-12.01.26-1068x481.jpeg 1068w, https:\/\/prensa.sma.gob.ar\/wp-content\/uploads\/2025\/07\/WhatsApp-Image-2025-07-19-at-12.01.26.jpeg 1280w\" sizes=\"auto, (max-width: 1024px) 100vw, 1024px\" \/><\/figure>\n\n\n\n<figure class=\"wp-block-image size-large\"><img loading=\"lazy\" decoding=\"async\" width=\"720\" height=\"640\" data-id=\"8631\" src=\"https:\/\/prensa.sma.gob.ar\/wp-content\/uploads\/2025\/07\/AMAYA-BRUNO.jpg\" alt=\"\" class=\"wp-image-8631\" srcset=\"https:\/\/prensa.sma.gob.ar\/wp-content\/uploads\/2025\/07\/AMAYA-BRUNO.jpg 720w, https:\/\/prensa.sma.gob.ar\/wp-content\/uploads\/2025\/07\/AMAYA-BRUNO-300x267.jpg 300w, https:\/\/prensa.sma.gob.ar\/wp-content\/uploads\/2025\/07\/AMAYA-BRUNO-473x420.jpg 473w, https:\/\/prensa.sma.gob.ar\/wp-content\/uploads\/2025\/07\/AMAYA-BRUNO-696x619.jpg 696w\" sizes=\"auto, (max-width: 720px) 100vw, 720px\" \/><\/figure>\n\n\n\n<figure class=\"wp-block-image size-large\"><img loading=\"lazy\" decoding=\"async\" width=\"576\" height=\"681\" data-id=\"8630\" src=\"https:\/\/prensa.sma.gob.ar\/wp-content\/uploads\/2025\/07\/MENENDEZ.jpg\" alt=\"\" class=\"wp-image-8630\" srcset=\"https:\/\/prensa.sma.gob.ar\/wp-content\/uploads\/2025\/07\/MENENDEZ.jpg 576w, https:\/\/prensa.sma.gob.ar\/wp-content\/uploads\/2025\/07\/MENENDEZ-254x300.jpg 254w, https:\/\/prensa.sma.gob.ar\/wp-content\/uploads\/2025\/07\/MENENDEZ-355x420.jpg 355w\" sizes=\"auto, (max-width: 576px) 100vw, 576px\" \/><\/figure>\n<\/figure>\n","protected":false},"excerpt":{"rendered":"<p>Se realiz\u00f3 el tercer taller participativo junto a vecinos de Chacra 28 en el marco del proceso \u201cDe la Tierra al Barrio\u201d, impulsado por el Instituto de Vivienda y H\u00e1bitat (IVH) de San Mart\u00edn de los Andes. Con esta actividad, realizada este viernes 18 de julio, la Escuela Municipal de Autogesti\u00f3n contin\u00faa tejiendo redes entre [&hellip;]<\/p>\n","protected":false},"author":2,"featured_media":8636,"comment_status":"closed","ping_status":"open","sticky":false,"template":"","format":"standard","meta":{"footnotes":""},"categories":[16,14,37],"tags":[],"class_list":{"0":"post-8629","1":"post","2":"type-post","3":"status-publish","4":"format-standard","5":"has-post-thumbnail","7":"category-destacadas","8":"category-noticias","9":"category-vivienda"},"_links":{"self":[{"href":"https:\/\/prensa.sma.gob.ar\/index.php?rest_route=\/wp\/v2\/posts\/8629","targetHints":{"allow":["GET"]}}],"collection":[{"href":"https:\/\/prensa.sma.gob.ar\/index.php?rest_route=\/wp\/v2\/posts"}],"about":[{"href":"https:\/\/prensa.sma.gob.ar\/index.php?rest_route=\/wp\/v2\/types\/post"}],"author":[{"embeddable":true,"href":"https:\/\/prensa.sma.gob.ar\/index.php?rest_route=\/wp\/v2\/users\/2"}],"replies":[{"embeddable":true,"href":"https:\/\/prensa.sma.gob.ar\/index.php?rest_route=%2Fwp%2Fv2%2Fcomments&post=8629"}],"version-history":[{"count":1,"href":"https:\/\/prensa.sma.gob.ar\/index.php?rest_route=\/wp\/v2\/posts\/8629\/revisions"}],"predecessor-version":[{"id":8637,"href":"https:\/\/prensa.sma.gob.ar\/index.php?rest_route=\/wp\/v2\/posts\/8629\/revisions\/8637"}],"wp:featuredmedia":[{"embeddable":true,"href":"https:\/\/prensa.sma.gob.ar\/index.php?rest_route=\/wp\/v2\/media\/8636"}],"wp:attachment":[{"href":"https:\/\/prensa.sma.gob.ar\/index.php?rest_route=%2Fwp%2Fv2%2Fmedia&parent=8629"}],"wp:term":[{"taxonomy":"category","embeddable":true,"href":"https:\/\/prensa.sma.gob.ar\/index.php?rest_route=%2Fwp%2Fv2%2Fcategories&post=8629"},{"taxonomy":"post_tag","embeddable":true,"href":"https:\/\/prensa.sma.gob.ar\/index.php?rest_route=%2Fwp%2Fv2%2Ftags&post=8629"}],"curies":[{"name":"wp","href":"https:\/\/api.w.org\/{rel}","templated":true}]}}