{"id":864,"date":"2024-07-03T17:00:26","date_gmt":"2024-07-03T17:00:26","guid":{"rendered":"https:\/\/prensa.sma.gob.ar\/?p=864"},"modified":"2024-07-03T17:17:13","modified_gmt":"2024-07-03T17:17:13","slug":"el-cdi-de-cordones-ya-se-alista-para-recibir-a-las-infancias","status":"publish","type":"post","link":"https:\/\/prensa.sma.gob.ar\/?p=864","title":{"rendered":"Erica Serafin: \u201cEl CDI de Cordones ya se alista para recibir a las infancias\u201d"},"content":{"rendered":"\n<p>\u201cEstamos con tanta felicidad que no nos entra en el cuerpo. Hay mucho para agradecer a varias personas y a toda la comunidad que nos acompa\u00f1\u00f3\u201d, afirm\u00f3 la directora de Primera Infancia del Municipio, Erica Serafin, al referirse a la habilitaci\u00f3n del gas natural en el Centro de Desarrollo Infantil (CDI) Aitue, de Cordones del Chapelco.<\/p>\n\n\n\n<p>\u00abLa gente del CDI est\u00e1 trabajando para ponerlo a punto, terminar de calefaccionar y recibir a las infancias, despu\u00e9s de que ayer se encendiera el gas de la cocina y la caldera\u201d, explic\u00f3, en declaraciones a Radio Municipal.<\/p>\n\n\n\n<p>Record\u00f3 que el CDI de Cordones recibe a las infancias del barrio durante la ma\u00f1ana y que, por la tarde, es un \u00e1mbito de encuentro de ni\u00f1as, ni\u00f1os y adolescentes de la orquesta Musicantes, desarrolla actividades del CDI Newen Antu, para las familias y mam\u00e1s que estudian en el Cpem 96, y es un espacio de referencia para la comunidad.<\/p>\n\n\n\n<p>Serafin calific\u00f3 a la concreci\u00f3n de la obra como \u201cun esfuerzo enorme\u201d en el que se involucr\u00f3 mucha gente y record\u00f3 que \u201cla instituci\u00f3n, que tiene seis a\u00f1os de vida, no estaba conectada a la red de gas y el sistema funcionaba con gas envasado, con cargas que, adem\u00e1s, generaban mucho gasto\u201d.<\/p>\n\n\n\n<figure class=\"wp-block-gallery has-nested-images columns-default is-cropped wp-block-gallery-1 is-layout-flex wp-block-gallery-is-layout-flex\">\n<figure class=\"wp-block-image size-large\"><img loading=\"lazy\" decoding=\"async\" width=\"711\" height=\"1024\" data-id=\"841\" src=\"https:\/\/prensa.sma.gob.ar\/wp-content\/uploads\/2024\/07\/WhatsApp-Image-2024-07-02-at-12.30.44-711x1024.jpeg\" alt=\"\" class=\"wp-image-841\" srcset=\"https:\/\/prensa.sma.gob.ar\/wp-content\/uploads\/2024\/07\/WhatsApp-Image-2024-07-02-at-12.30.44-711x1024.jpeg 711w, https:\/\/prensa.sma.gob.ar\/wp-content\/uploads\/2024\/07\/WhatsApp-Image-2024-07-02-at-12.30.44-208x300.jpeg 208w, https:\/\/prensa.sma.gob.ar\/wp-content\/uploads\/2024\/07\/WhatsApp-Image-2024-07-02-at-12.30.44-768x1106.jpeg 768w, https:\/\/prensa.sma.gob.ar\/wp-content\/uploads\/2024\/07\/WhatsApp-Image-2024-07-02-at-12.30.44-1067x1536.jpeg 1067w, https:\/\/prensa.sma.gob.ar\/wp-content\/uploads\/2024\/07\/WhatsApp-Image-2024-07-02-at-12.30.44-292x420.jpeg 292w, https:\/\/prensa.sma.gob.ar\/wp-content\/uploads\/2024\/07\/WhatsApp-Image-2024-07-02-at-12.30.44-696x1002.jpeg 696w, https:\/\/prensa.sma.gob.ar\/wp-content\/uploads\/2024\/07\/WhatsApp-Image-2024-07-02-at-12.30.44-1068x1538.jpeg 1068w, https:\/\/prensa.sma.gob.ar\/wp-content\/uploads\/2024\/07\/WhatsApp-Image-2024-07-02-at-12.30.44.jpeg 1111w\" sizes=\"auto, (max-width: 711px) 100vw, 711px\" \/><\/figure>\n\n\n\n<figure class=\"wp-block-image size-large\"><img loading=\"lazy\" decoding=\"async\" width=\"449\" height=\"1024\" data-id=\"844\" src=\"https:\/\/prensa.sma.gob.ar\/wp-content\/uploads\/2024\/07\/WhatsApp-Image-2024-07-02-at-11.57.19-449x1024.jpeg\" alt=\"\" class=\"wp-image-844\" srcset=\"https:\/\/prensa.sma.gob.ar\/wp-content\/uploads\/2024\/07\/WhatsApp-Image-2024-07-02-at-11.57.19-449x1024.jpeg 449w, https:\/\/prensa.sma.gob.ar\/wp-content\/uploads\/2024\/07\/WhatsApp-Image-2024-07-02-at-11.57.19-132x300.jpeg 132w, https:\/\/prensa.sma.gob.ar\/wp-content\/uploads\/2024\/07\/WhatsApp-Image-2024-07-02-at-11.57.19-674x1536.jpeg 674w, https:\/\/prensa.sma.gob.ar\/wp-content\/uploads\/2024\/07\/WhatsApp-Image-2024-07-02-at-11.57.19-184x420.jpeg 184w, https:\/\/prensa.sma.gob.ar\/wp-content\/uploads\/2024\/07\/WhatsApp-Image-2024-07-02-at-11.57.19-696x1586.jpeg 696w, https:\/\/prensa.sma.gob.ar\/wp-content\/uploads\/2024\/07\/WhatsApp-Image-2024-07-02-at-11.57.19.jpeg 702w\" sizes=\"auto, (max-width: 449px) 100vw, 449px\" \/><\/figure>\n\n\n\n<figure class=\"wp-block-image size-large\"><img loading=\"lazy\" decoding=\"async\" width=\"449\" height=\"1024\" data-id=\"843\" src=\"https:\/\/prensa.sma.gob.ar\/wp-content\/uploads\/2024\/07\/WhatsApp-Image-2024-07-02-at-11.57.191-449x1024.jpeg\" alt=\"\" class=\"wp-image-843\" srcset=\"https:\/\/prensa.sma.gob.ar\/wp-content\/uploads\/2024\/07\/WhatsApp-Image-2024-07-02-at-11.57.191-449x1024.jpeg 449w, https:\/\/prensa.sma.gob.ar\/wp-content\/uploads\/2024\/07\/WhatsApp-Image-2024-07-02-at-11.57.191-132x300.jpeg 132w, https:\/\/prensa.sma.gob.ar\/wp-content\/uploads\/2024\/07\/WhatsApp-Image-2024-07-02-at-11.57.191-674x1536.jpeg 674w, https:\/\/prensa.sma.gob.ar\/wp-content\/uploads\/2024\/07\/WhatsApp-Image-2024-07-02-at-11.57.191-184x420.jpeg 184w, https:\/\/prensa.sma.gob.ar\/wp-content\/uploads\/2024\/07\/WhatsApp-Image-2024-07-02-at-11.57.191-696x1586.jpeg 696w, https:\/\/prensa.sma.gob.ar\/wp-content\/uploads\/2024\/07\/WhatsApp-Image-2024-07-02-at-11.57.191.jpeg 702w\" sizes=\"auto, (max-width: 449px) 100vw, 449px\" \/><\/figure>\n<\/figure>\n\n\n\n<p>\u201cEste a\u00f1o se tom\u00f3 la decisi\u00f3n de conectarse a la red y lo logramos en poco tiempo. Parece que esperamos mucho tiempo, hubo demoras por cuestiones administrativas y luego las lluvias y las nevadas, pero ya estamos en condiciones de comenzar\u201d, resumi\u00f3.<\/p>\n\n\n\n<p>Pidi\u00f3 \u201cagradecer especialmente a las familias, que bancaron este tiempo y que est\u00e1n esperando para que sus ni\u00f1os y ni\u00f1as puedan empezar en la instituci\u00f3n\u201d. Record\u00f3 que \u201cfueron sorteados en febrero y estuvieron esperando hasta que llegara este momento\u201d.<\/p>\n\n\n\n<p>\u201cTambi\u00e9n tenemos que agradecer a la comunidad, a los vecinos\u201d, afirm\u00f3 Serafin durante la entrevista con Jos\u00e9 Guti\u00e9rrez en Radio Municipal. Mencion\u00f3, \u201ca Jeannette Cifuentes, directora de Departamento del CDI, a todo el equipo que est\u00e1 trabajando en Aitue para dejarlo listo y recibir a las infancias\u201d y, en particular, \u201ca la persona que le puso el lomo a todo, Jos\u00e9 Antonucci, que trabaj\u00f3 a destajo para que esto funcione y salga adelante\u201d.<\/p>\n\n\n\n<p>La directora de Primera Infancia tambi\u00e9n agradeci\u00f3 al corral\u00f3n El Salva, que don\u00f3 los materiales, en un acuerdo p\u00fablico-privado donde el Municipio aport\u00f3 personal y maquinaria; a la secretaria de Desarrollo Social, Roc\u00edo Demateo, y al intendente, Carlos Saloniti, \u201cporque se cargaron esta obra en los hombros, una obra que es para las infancias y para toda la comunidad\u201d.<\/p>\n\n\n\n<figure class=\"wp-block-image size-large\"><img loading=\"lazy\" decoding=\"async\" width=\"1024\" height=\"577\" src=\"https:\/\/prensa.sma.gob.ar\/wp-content\/uploads\/2024\/07\/WhatsApp-Image-2024-07-02-at-11.37.43-1024x577.jpeg\" alt=\"\" class=\"wp-image-849\" srcset=\"https:\/\/prensa.sma.gob.ar\/wp-content\/uploads\/2024\/07\/WhatsApp-Image-2024-07-02-at-11.37.43-1024x577.jpeg 1024w, https:\/\/prensa.sma.gob.ar\/wp-content\/uploads\/2024\/07\/WhatsApp-Image-2024-07-02-at-11.37.43-300x169.jpeg 300w, https:\/\/prensa.sma.gob.ar\/wp-content\/uploads\/2024\/07\/WhatsApp-Image-2024-07-02-at-11.37.43-768x433.jpeg 768w, https:\/\/prensa.sma.gob.ar\/wp-content\/uploads\/2024\/07\/WhatsApp-Image-2024-07-02-at-11.37.43-1536x866.jpeg 1536w, https:\/\/prensa.sma.gob.ar\/wp-content\/uploads\/2024\/07\/WhatsApp-Image-2024-07-02-at-11.37.43-745x420.jpeg 745w, https:\/\/prensa.sma.gob.ar\/wp-content\/uploads\/2024\/07\/WhatsApp-Image-2024-07-02-at-11.37.43-696x392.jpeg 696w, https:\/\/prensa.sma.gob.ar\/wp-content\/uploads\/2024\/07\/WhatsApp-Image-2024-07-02-at-11.37.43-1068x602.jpeg 1068w, https:\/\/prensa.sma.gob.ar\/wp-content\/uploads\/2024\/07\/WhatsApp-Image-2024-07-02-at-11.37.43.jpeg 1600w\" sizes=\"auto, (max-width: 1024px) 100vw, 1024px\" \/><\/figure>\n","protected":false},"excerpt":{"rendered":"<p>\u201cEstamos con tanta felicidad que no nos entra en el cuerpo. Hay mucho para agradecer a varias personas y a toda la comunidad que nos acompa\u00f1\u00f3\u201d, afirm\u00f3 la directora de Primera Infancia del Municipio, Erica Serafin, al referirse a la habilitaci\u00f3n del gas natural en el Centro de Desarrollo Infantil (CDI) Aitue, de Cordones del [&hellip;]<\/p>\n","protected":false},"author":2,"featured_media":865,"comment_status":"closed","ping_status":"open","sticky":false,"template":"","format":"standard","meta":{"footnotes":""},"categories":[15,16,11,14],"tags":[],"class_list":{"0":"post-864","1":"post","2":"type-post","3":"status-publish","4":"format-standard","5":"has-post-thumbnail","7":"category-desarrollo-social","8":"category-destacadas","9":"category-gobierno","10":"category-noticias"},"_links":{"self":[{"href":"https:\/\/prensa.sma.gob.ar\/index.php?rest_route=\/wp\/v2\/posts\/864","targetHints":{"allow":["GET"]}}],"collection":[{"href":"https:\/\/prensa.sma.gob.ar\/index.php?rest_route=\/wp\/v2\/posts"}],"about":[{"href":"https:\/\/prensa.sma.gob.ar\/index.php?rest_route=\/wp\/v2\/types\/post"}],"author":[{"embeddable":true,"href":"https:\/\/prensa.sma.gob.ar\/index.php?rest_route=\/wp\/v2\/users\/2"}],"replies":[{"embeddable":true,"href":"https:\/\/prensa.sma.gob.ar\/index.php?rest_route=%2Fwp%2Fv2%2Fcomments&post=864"}],"version-history":[{"count":3,"href":"https:\/\/prensa.sma.gob.ar\/index.php?rest_route=\/wp\/v2\/posts\/864\/revisions"}],"predecessor-version":[{"id":869,"href":"https:\/\/prensa.sma.gob.ar\/index.php?rest_route=\/wp\/v2\/posts\/864\/revisions\/869"}],"wp:featuredmedia":[{"embeddable":true,"href":"https:\/\/prensa.sma.gob.ar\/index.php?rest_route=\/wp\/v2\/media\/865"}],"wp:attachment":[{"href":"https:\/\/prensa.sma.gob.ar\/index.php?rest_route=%2Fwp%2Fv2%2Fmedia&parent=864"}],"wp:term":[{"taxonomy":"category","embeddable":true,"href":"https:\/\/prensa.sma.gob.ar\/index.php?rest_route=%2Fwp%2Fv2%2Fcategories&post=864"},{"taxonomy":"post_tag","embeddable":true,"href":"https:\/\/prensa.sma.gob.ar\/index.php?rest_route=%2Fwp%2Fv2%2Ftags&post=864"}],"curies":[{"name":"wp","href":"https:\/\/api.w.org\/{rel}","templated":true}]}}