{"id":8640,"date":"2025-07-23T02:00:53","date_gmt":"2025-07-23T02:00:53","guid":{"rendered":"https:\/\/prensa.sma.gob.ar\/?p=8640"},"modified":"2025-07-23T01:58:15","modified_gmt":"2025-07-23T01:58:15","slug":"el-gobernador-figueroa-y-el-intendente-saloniti-destacaron-la-inversion-historica-en-educacion","status":"publish","type":"post","link":"https:\/\/prensa.sma.gob.ar\/?p=8640","title":{"rendered":"El gobernador Figueroa y el intendente Saloniti destacaron la inversi\u00f3n hist\u00f3rica en educaci\u00f3n"},"content":{"rendered":"\n<p>El gobernador Rolando Figueroa y el intendente Carlos Saloniti mencionaron especialmente la hist\u00f3rica inversi\u00f3n que el Estado provincial realiza en Educaci\u00f3n en San Mart\u00edn de los Andes, al encabezar el acto de apertura de sobres para las obras de ampliaci\u00f3n y remodelaci\u00f3n en la Escuela Provincial de Ense\u00f1anza T\u00e9cnica (EPET) N\u00b0 21.<\/p>\n\n\n\n<p>\u201cEstamos saneando esa deuda hist\u00f3rica que existe con San Mart\u00edn de los Andes (con) obras educativas que se han so\u00f1ado durante a\u00f1os\u201d, se\u00f1al\u00f3 el gobernador, y confirm\u00f3 que el a\u00f1o pr\u00f3ximo se presupuestar\u00e1 una nueva Epet. El intendente Saloniti destac\u00f3 que \u201cnunca se ha invertido tanto en San Martin de los Andes como en los \u00faltimos dos a\u00f1os\u201d.<\/p>\n\n\n\n<p>Asistieron al acto de apertura de sobres, que se realiz\u00f3 este martes en Casa de Gobierno, la ministra de Educaci\u00f3n, Soledad Mart\u00ednez; los ministros de Econom\u00eda, Guillermo Koenig, y de Turismo, Gustavo Fern\u00e1ndez Capiet; y la secretaria de Obras P\u00fablicas, Tanya Bertoldi.<\/p>\n\n\n\n<p>Cuatro empresas presentaron sus propuestas para realizar los trabajos, que incluyen tres aulas, grupo sanitario y trabajos exteriores, en una superficie total de 293,95 metros cuadrados, y un presupuesto de casi 1.300 millones de pesos: Transervice Neuqu\u00e9n SRL, Brick SRL, Maiolo Julio C\u00e9sar y Efede SRL.<\/p>\n\n\n\n<figure class=\"wp-block-gallery has-nested-images columns-default is-cropped wp-block-gallery-1 is-layout-flex wp-block-gallery-is-layout-flex\">\n<figure class=\"wp-block-image size-large\"><img loading=\"lazy\" decoding=\"async\" width=\"1024\" height=\"683\" data-id=\"8646\" src=\"https:\/\/prensa.sma.gob.ar\/wp-content\/uploads\/2025\/07\/WhatsApp-Image-2025-07-22-at-13.41.06-1024x683.jpeg\" alt=\"\" class=\"wp-image-8646\" srcset=\"https:\/\/prensa.sma.gob.ar\/wp-content\/uploads\/2025\/07\/WhatsApp-Image-2025-07-22-at-13.41.06-1024x683.jpeg 1024w, https:\/\/prensa.sma.gob.ar\/wp-content\/uploads\/2025\/07\/WhatsApp-Image-2025-07-22-at-13.41.06-300x200.jpeg 300w, https:\/\/prensa.sma.gob.ar\/wp-content\/uploads\/2025\/07\/WhatsApp-Image-2025-07-22-at-13.41.06-768x512.jpeg 768w, https:\/\/prensa.sma.gob.ar\/wp-content\/uploads\/2025\/07\/WhatsApp-Image-2025-07-22-at-13.41.06-1536x1024.jpeg 1536w, https:\/\/prensa.sma.gob.ar\/wp-content\/uploads\/2025\/07\/WhatsApp-Image-2025-07-22-at-13.41.06-2048x1365.jpeg 2048w, https:\/\/prensa.sma.gob.ar\/wp-content\/uploads\/2025\/07\/WhatsApp-Image-2025-07-22-at-13.41.06-630x420.jpeg 630w, https:\/\/prensa.sma.gob.ar\/wp-content\/uploads\/2025\/07\/WhatsApp-Image-2025-07-22-at-13.41.06-696x464.jpeg 696w, https:\/\/prensa.sma.gob.ar\/wp-content\/uploads\/2025\/07\/WhatsApp-Image-2025-07-22-at-13.41.06-1068x712.jpeg 1068w, https:\/\/prensa.sma.gob.ar\/wp-content\/uploads\/2025\/07\/WhatsApp-Image-2025-07-22-at-13.41.06-1920x1280.jpeg 1920w\" sizes=\"auto, (max-width: 1024px) 100vw, 1024px\" \/><\/figure>\n\n\n\n<figure class=\"wp-block-image size-large\"><img loading=\"lazy\" decoding=\"async\" width=\"1024\" height=\"683\" data-id=\"8654\" src=\"https:\/\/prensa.sma.gob.ar\/wp-content\/uploads\/2025\/07\/WhatsApp-Image-2025-07-22-at-13.41.02-1024x683.jpeg\" alt=\"\" class=\"wp-image-8654\" srcset=\"https:\/\/prensa.sma.gob.ar\/wp-content\/uploads\/2025\/07\/WhatsApp-Image-2025-07-22-at-13.41.02-1024x683.jpeg 1024w, https:\/\/prensa.sma.gob.ar\/wp-content\/uploads\/2025\/07\/WhatsApp-Image-2025-07-22-at-13.41.02-300x200.jpeg 300w, https:\/\/prensa.sma.gob.ar\/wp-content\/uploads\/2025\/07\/WhatsApp-Image-2025-07-22-at-13.41.02-768x512.jpeg 768w, https:\/\/prensa.sma.gob.ar\/wp-content\/uploads\/2025\/07\/WhatsApp-Image-2025-07-22-at-13.41.02-1536x1024.jpeg 1536w, https:\/\/prensa.sma.gob.ar\/wp-content\/uploads\/2025\/07\/WhatsApp-Image-2025-07-22-at-13.41.02-2048x1365.jpeg 2048w, https:\/\/prensa.sma.gob.ar\/wp-content\/uploads\/2025\/07\/WhatsApp-Image-2025-07-22-at-13.41.02-630x420.jpeg 630w, https:\/\/prensa.sma.gob.ar\/wp-content\/uploads\/2025\/07\/WhatsApp-Image-2025-07-22-at-13.41.02-696x464.jpeg 696w, https:\/\/prensa.sma.gob.ar\/wp-content\/uploads\/2025\/07\/WhatsApp-Image-2025-07-22-at-13.41.02-1068x712.jpeg 1068w, https:\/\/prensa.sma.gob.ar\/wp-content\/uploads\/2025\/07\/WhatsApp-Image-2025-07-22-at-13.41.02-1920x1280.jpeg 1920w\" sizes=\"auto, (max-width: 1024px) 100vw, 1024px\" \/><\/figure>\n\n\n\n<figure class=\"wp-block-image size-large\"><img loading=\"lazy\" decoding=\"async\" width=\"1024\" height=\"683\" data-id=\"8650\" src=\"https:\/\/prensa.sma.gob.ar\/wp-content\/uploads\/2025\/07\/WhatsApp-Image-2025-07-22-at-13.41.04-2-1024x683.jpeg\" alt=\"\" class=\"wp-image-8650\" srcset=\"https:\/\/prensa.sma.gob.ar\/wp-content\/uploads\/2025\/07\/WhatsApp-Image-2025-07-22-at-13.41.04-2-1024x683.jpeg 1024w, https:\/\/prensa.sma.gob.ar\/wp-content\/uploads\/2025\/07\/WhatsApp-Image-2025-07-22-at-13.41.04-2-300x200.jpeg 300w, https:\/\/prensa.sma.gob.ar\/wp-content\/uploads\/2025\/07\/WhatsApp-Image-2025-07-22-at-13.41.04-2-768x512.jpeg 768w, https:\/\/prensa.sma.gob.ar\/wp-content\/uploads\/2025\/07\/WhatsApp-Image-2025-07-22-at-13.41.04-2-1536x1024.jpeg 1536w, https:\/\/prensa.sma.gob.ar\/wp-content\/uploads\/2025\/07\/WhatsApp-Image-2025-07-22-at-13.41.04-2-2048x1365.jpeg 2048w, https:\/\/prensa.sma.gob.ar\/wp-content\/uploads\/2025\/07\/WhatsApp-Image-2025-07-22-at-13.41.04-2-630x420.jpeg 630w, https:\/\/prensa.sma.gob.ar\/wp-content\/uploads\/2025\/07\/WhatsApp-Image-2025-07-22-at-13.41.04-2-696x464.jpeg 696w, https:\/\/prensa.sma.gob.ar\/wp-content\/uploads\/2025\/07\/WhatsApp-Image-2025-07-22-at-13.41.04-2-1068x712.jpeg 1068w, https:\/\/prensa.sma.gob.ar\/wp-content\/uploads\/2025\/07\/WhatsApp-Image-2025-07-22-at-13.41.04-2-1920x1280.jpeg 1920w\" sizes=\"auto, (max-width: 1024px) 100vw, 1024px\" \/><\/figure>\n<\/figure>\n\n\n\n<p>Figueroa remarc\u00f3 que \u201csi no invertimos en educaci\u00f3n, es imposible otorgar nuevas oportunidades. Estas son nuevas oportunidades que se toman para generar que sean j\u00f3venes libres en una provincia que tiene autodeterminaci\u00f3n y que celebra su libertad con una nueva forma de vida que es la neuquinidad\u201d.<\/p>\n\n\n\n<p>Dijo que la gesti\u00f3n provincial est\u00e1 desarrollando en San Mart\u00edn de los Andes \u201cobras educativas que se han so\u00f1ado durante a\u00f1os, porque en realidad estas necesidades de infraestructura no surgieron en estos \u00faltimos dos a\u00f1os\u201d. \u201cTodo lo que estamos haciendo hoy en educaci\u00f3n tiene que ver con deudas hist\u00f3ricas hacia San Mart\u00edn de los Andes\u201d, recalc\u00f3.<\/p>\n\n\n\n<p>Figueroa expres\u00f3 que \u201cles damos las gracias a esas personas que esperaron hasta el d\u00eda de hoy donde se inici\u00f3 el proceso licitatorio. Y tambi\u00e9n corresponde darle las gracias a muchas personas que est\u00e1n esperando en alg\u00fan otro lugar de la provincia, porque hay mucha necesidad de infraestructura\u201d.<\/p>\n\n\n\n<p>\u201cYa estamos planificando el San Mart\u00edn de los Andes que viene, con una nueva EPET, rutas pavimentadas, nuevos paseos, mejores accesos, con el traslado de la terminal de \u00f3mnibus y mejores servicios para los distintos barrios\u201d, afirm\u00f3 Figueroa. Se\u00f1al\u00f3 que \u201cestamos saneando esa deuda hist\u00f3rica que existe con San Mart\u00edn de los Andes y lo hacemos con una concepci\u00f3n clara: la libertad para nosotros es autonom\u00eda\u201d.<\/p>\n\n\n\n<p>La ministra de Educaci\u00f3n, Soledad Mart\u00ednez puntualiz\u00f3: \u201cPensar que una escuela de seis a\u00f1os necesita ya refacciones y que cuando se inaugur\u00f3 ya sab\u00edamos que era chica y necesitaba esta ampliaci\u00f3n, nos pone en la perspectiva de lo mucho que pasaba y nosotros estamos desandando\u201d.<\/p>\n\n\n\n<p>La ministra asegur\u00f3 que en el proyecto original \u201cno se pens\u00f3 la vereda de acceso, no se pens\u00f3 la seguridad con la iluminaci\u00f3n y no se pensaron los desag\u00fces pluviales para no comprometer la accesibilidad a la escuela\u2026 Todo eso ya lo resolvimos en conjunto con la Municipalidad y con una cooperativa de trabajadores que aport\u00f3 su recurso t\u00e9cnico y su mano de obra\u201d.<\/p>\n\n\n\n<p>La secretaria de Obras P\u00fablicas, Tanya Bertoldi, explic\u00f3 que los trabajos en la EPET 21 contemplan \u201cno s\u00f3lo la ampliaci\u00f3n en aulas y n\u00facleos sanitarios en las plantas alta y baja, sino el reacondicionamiento exterior de todo el predio, nuevos gaviones que se incorporan para la contenci\u00f3n, el cambio de la cubierta de 500 metros cuadrados, la impermeabilizaci\u00f3n y dem\u00e1s tareas complementarias\u201d.<\/p>\n\n\n\n<p>El intendente Saloniti destac\u00f3 la ampliaci\u00f3n y reforma de la EPEt 21, en un contexto donde se han dato otras inversiones en educaci\u00f3n. \u201cEstoy contento no solo por la EPET 21, sino porque el CPEM 96 ya arranc\u00f3 y porque estamos con el terreno para la nueva EPET y la ampliaci\u00f3n y el mejoramiento para el CPEM 13. La inversi\u00f3n que se est\u00e1 haciendo en educaci\u00f3n no tiene nombre en la provincia\u201d, indic\u00f3.<\/p>\n\n\n\n<p>\u201cComo intendente, nos sentimos muy acompa\u00f1ados\u201d, sostuvo Saloniti y destac\u00f3 la decisi\u00f3n del gobernador de \u201clos recursos que est\u00e1n permitiendo Vaca Muerta y el turismo, destinarlos a la obra p\u00fablica, ni m\u00e1s ni menos\u201d. \u201cLa velocidad del crecimiento que tiene San Mart\u00edn de los Andes se acompa\u00f1a con obra p\u00fablica provincial\u201d, concluy\u00f3.<\/p>\n\n\n\n<figure class=\"wp-block-gallery has-nested-images columns-default is-cropped wp-block-gallery-2 is-layout-flex wp-block-gallery-is-layout-flex\">\n<figure class=\"wp-block-image size-large\"><img loading=\"lazy\" decoding=\"async\" width=\"1024\" height=\"683\" data-id=\"8653\" src=\"https:\/\/prensa.sma.gob.ar\/wp-content\/uploads\/2025\/07\/WhatsApp-Image-2025-07-22-at-13.41.03-1024x683.jpeg\" alt=\"\" class=\"wp-image-8653\" srcset=\"https:\/\/prensa.sma.gob.ar\/wp-content\/uploads\/2025\/07\/WhatsApp-Image-2025-07-22-at-13.41.03-1024x683.jpeg 1024w, https:\/\/prensa.sma.gob.ar\/wp-content\/uploads\/2025\/07\/WhatsApp-Image-2025-07-22-at-13.41.03-300x200.jpeg 300w, https:\/\/prensa.sma.gob.ar\/wp-content\/uploads\/2025\/07\/WhatsApp-Image-2025-07-22-at-13.41.03-768x512.jpeg 768w, https:\/\/prensa.sma.gob.ar\/wp-content\/uploads\/2025\/07\/WhatsApp-Image-2025-07-22-at-13.41.03-1536x1024.jpeg 1536w, https:\/\/prensa.sma.gob.ar\/wp-content\/uploads\/2025\/07\/WhatsApp-Image-2025-07-22-at-13.41.03-2048x1365.jpeg 2048w, https:\/\/prensa.sma.gob.ar\/wp-content\/uploads\/2025\/07\/WhatsApp-Image-2025-07-22-at-13.41.03-630x420.jpeg 630w, https:\/\/prensa.sma.gob.ar\/wp-content\/uploads\/2025\/07\/WhatsApp-Image-2025-07-22-at-13.41.03-696x464.jpeg 696w, https:\/\/prensa.sma.gob.ar\/wp-content\/uploads\/2025\/07\/WhatsApp-Image-2025-07-22-at-13.41.03-1068x712.jpeg 1068w, https:\/\/prensa.sma.gob.ar\/wp-content\/uploads\/2025\/07\/WhatsApp-Image-2025-07-22-at-13.41.03-1920x1280.jpeg 1920w\" sizes=\"auto, (max-width: 1024px) 100vw, 1024px\" \/><\/figure>\n\n\n\n<figure class=\"wp-block-image size-large\"><img loading=\"lazy\" decoding=\"async\" width=\"1024\" height=\"683\" data-id=\"8647\" src=\"https:\/\/prensa.sma.gob.ar\/wp-content\/uploads\/2025\/07\/WhatsApp-Image-2025-07-22-at-13.41.05-1-1024x683.jpeg\" alt=\"\" class=\"wp-image-8647\" srcset=\"https:\/\/prensa.sma.gob.ar\/wp-content\/uploads\/2025\/07\/WhatsApp-Image-2025-07-22-at-13.41.05-1-1024x683.jpeg 1024w, https:\/\/prensa.sma.gob.ar\/wp-content\/uploads\/2025\/07\/WhatsApp-Image-2025-07-22-at-13.41.05-1-300x200.jpeg 300w, https:\/\/prensa.sma.gob.ar\/wp-content\/uploads\/2025\/07\/WhatsApp-Image-2025-07-22-at-13.41.05-1-768x512.jpeg 768w, https:\/\/prensa.sma.gob.ar\/wp-content\/uploads\/2025\/07\/WhatsApp-Image-2025-07-22-at-13.41.05-1-1536x1024.jpeg 1536w, https:\/\/prensa.sma.gob.ar\/wp-content\/uploads\/2025\/07\/WhatsApp-Image-2025-07-22-at-13.41.05-1-2048x1365.jpeg 2048w, https:\/\/prensa.sma.gob.ar\/wp-content\/uploads\/2025\/07\/WhatsApp-Image-2025-07-22-at-13.41.05-1-630x420.jpeg 630w, https:\/\/prensa.sma.gob.ar\/wp-content\/uploads\/2025\/07\/WhatsApp-Image-2025-07-22-at-13.41.05-1-696x464.jpeg 696w, https:\/\/prensa.sma.gob.ar\/wp-content\/uploads\/2025\/07\/WhatsApp-Image-2025-07-22-at-13.41.05-1-1068x712.jpeg 1068w, https:\/\/prensa.sma.gob.ar\/wp-content\/uploads\/2025\/07\/WhatsApp-Image-2025-07-22-at-13.41.05-1-1920x1280.jpeg 1920w\" sizes=\"auto, (max-width: 1024px) 100vw, 1024px\" \/><\/figure>\n\n\n\n<figure class=\"wp-block-image size-large\"><img loading=\"lazy\" decoding=\"async\" width=\"1024\" height=\"683\" data-id=\"8649\" src=\"https:\/\/prensa.sma.gob.ar\/wp-content\/uploads\/2025\/07\/WhatsApp-Image-2025-07-22-at-13.41.04-3-1024x683.jpeg\" alt=\"\" class=\"wp-image-8649\" srcset=\"https:\/\/prensa.sma.gob.ar\/wp-content\/uploads\/2025\/07\/WhatsApp-Image-2025-07-22-at-13.41.04-3-1024x683.jpeg 1024w, https:\/\/prensa.sma.gob.ar\/wp-content\/uploads\/2025\/07\/WhatsApp-Image-2025-07-22-at-13.41.04-3-300x200.jpeg 300w, https:\/\/prensa.sma.gob.ar\/wp-content\/uploads\/2025\/07\/WhatsApp-Image-2025-07-22-at-13.41.04-3-768x512.jpeg 768w, https:\/\/prensa.sma.gob.ar\/wp-content\/uploads\/2025\/07\/WhatsApp-Image-2025-07-22-at-13.41.04-3-1536x1024.jpeg 1536w, https:\/\/prensa.sma.gob.ar\/wp-content\/uploads\/2025\/07\/WhatsApp-Image-2025-07-22-at-13.41.04-3-2048x1365.jpeg 2048w, https:\/\/prensa.sma.gob.ar\/wp-content\/uploads\/2025\/07\/WhatsApp-Image-2025-07-22-at-13.41.04-3-630x420.jpeg 630w, https:\/\/prensa.sma.gob.ar\/wp-content\/uploads\/2025\/07\/WhatsApp-Image-2025-07-22-at-13.41.04-3-696x464.jpeg 696w, https:\/\/prensa.sma.gob.ar\/wp-content\/uploads\/2025\/07\/WhatsApp-Image-2025-07-22-at-13.41.04-3-1068x712.jpeg 1068w, https:\/\/prensa.sma.gob.ar\/wp-content\/uploads\/2025\/07\/WhatsApp-Image-2025-07-22-at-13.41.04-3-1920x1280.jpeg 1920w\" sizes=\"auto, (max-width: 1024px) 100vw, 1024px\" \/><\/figure>\n<\/figure>\n","protected":false},"excerpt":{"rendered":"<p>El gobernador Rolando Figueroa y el intendente Carlos Saloniti mencionaron especialmente la hist\u00f3rica inversi\u00f3n que el Estado provincial realiza en Educaci\u00f3n en San Mart\u00edn de los Andes, al encabezar el acto de apertura de sobres para las obras de ampliaci\u00f3n y remodelaci\u00f3n en la Escuela Provincial de Ense\u00f1anza T\u00e9cnica (EPET) N\u00b0 21. \u201cEstamos saneando esa [&hellip;]<\/p>\n","protected":false},"author":2,"featured_media":8641,"comment_status":"closed","ping_status":"open","sticky":false,"template":"","format":"standard","meta":{"footnotes":""},"categories":[16,9,14,17],"tags":[],"class_list":{"0":"post-8640","1":"post","2":"type-post","3":"status-publish","4":"format-standard","5":"has-post-thumbnail","7":"category-destacadas","8":"category-educacion","9":"category-noticias","10":"category-portada"},"_links":{"self":[{"href":"https:\/\/prensa.sma.gob.ar\/index.php?rest_route=\/wp\/v2\/posts\/8640","targetHints":{"allow":["GET"]}}],"collection":[{"href":"https:\/\/prensa.sma.gob.ar\/index.php?rest_route=\/wp\/v2\/posts"}],"about":[{"href":"https:\/\/prensa.sma.gob.ar\/index.php?rest_route=\/wp\/v2\/types\/post"}],"author":[{"embeddable":true,"href":"https:\/\/prensa.sma.gob.ar\/index.php?rest_route=\/wp\/v2\/users\/2"}],"replies":[{"embeddable":true,"href":"https:\/\/prensa.sma.gob.ar\/index.php?rest_route=%2Fwp%2Fv2%2Fcomments&post=8640"}],"version-history":[{"count":1,"href":"https:\/\/prensa.sma.gob.ar\/index.php?rest_route=\/wp\/v2\/posts\/8640\/revisions"}],"predecessor-version":[{"id":8655,"href":"https:\/\/prensa.sma.gob.ar\/index.php?rest_route=\/wp\/v2\/posts\/8640\/revisions\/8655"}],"wp:featuredmedia":[{"embeddable":true,"href":"https:\/\/prensa.sma.gob.ar\/index.php?rest_route=\/wp\/v2\/media\/8641"}],"wp:attachment":[{"href":"https:\/\/prensa.sma.gob.ar\/index.php?rest_route=%2Fwp%2Fv2%2Fmedia&parent=8640"}],"wp:term":[{"taxonomy":"category","embeddable":true,"href":"https:\/\/prensa.sma.gob.ar\/index.php?rest_route=%2Fwp%2Fv2%2Fcategories&post=8640"},{"taxonomy":"post_tag","embeddable":true,"href":"https:\/\/prensa.sma.gob.ar\/index.php?rest_route=%2Fwp%2Fv2%2Ftags&post=8640"}],"curies":[{"name":"wp","href":"https:\/\/api.w.org\/{rel}","templated":true}]}}