{"id":8656,"date":"2025-07-23T01:26:32","date_gmt":"2025-07-23T01:26:32","guid":{"rendered":"https:\/\/prensa.sma.gob.ar\/?p=8656"},"modified":"2025-07-23T01:26:33","modified_gmt":"2025-07-23T01:26:33","slug":"el-trabajador-municipal-jorge-leon-fue-designado-coordinador-de-culto","status":"publish","type":"post","link":"https:\/\/prensa.sma.gob.ar\/?p=8656","title":{"rendered":"El trabajador municipal Jorge Le\u00f3n fue designado Coordinador de Culto"},"content":{"rendered":"\n<p>El intendente Carlos Saloniti design\u00f3 a Jorge Le\u00f3n como coordinador del \u00e1rea de Culto del Municipio, tras la jubilaci\u00f3n de Gabriel Chamorro.<\/p>\n\n\n\n<p>Le\u00f3n es trabajador municipal desde 2013, aunque antes de ese a\u00f1o ya hab\u00eda realizado tareas bajo contrato en el \u00e1rea de Juventud. Luego, se desempe\u00f1\u00f3 en Recolecci\u00f3n, Barrido y Limpieza y en otros sectores de Obras y Servicios P\u00fablicos.<\/p>\n\n\n\n<p>El anuncio de la designaci\u00f3n fue hecho por el intendente Carlos Saloniti en el cierre del Congreso Federal Juntos por la Prevenci\u00f3n, que se realiz\u00f3 en nuestra ciudad durante tres jornadas.<\/p>\n","protected":false},"excerpt":{"rendered":"<p>El intendente Carlos Saloniti design\u00f3 a Jorge Le\u00f3n como coordinador del \u00e1rea de Culto del Municipio, tras la jubilaci\u00f3n de Gabriel Chamorro. Le\u00f3n es trabajador municipal desde 2013, aunque antes de ese a\u00f1o ya hab\u00eda realizado tareas bajo contrato en el \u00e1rea de Juventud. Luego, se desempe\u00f1\u00f3 en Recolecci\u00f3n, Barrido y Limpieza y en otros [&hellip;]<\/p>\n","protected":false},"author":2,"featured_media":8657,"comment_status":"closed","ping_status":"open","sticky":false,"template":"","format":"standard","meta":{"footnotes":""},"categories":[16,14],"tags":[],"class_list":{"0":"post-8656","1":"post","2":"type-post","3":"status-publish","4":"format-standard","5":"has-post-thumbnail","7":"category-destacadas","8":"category-noticias"},"_links":{"self":[{"href":"https:\/\/prensa.sma.gob.ar\/index.php?rest_route=\/wp\/v2\/posts\/8656","targetHints":{"allow":["GET"]}}],"collection":[{"href":"https:\/\/prensa.sma.gob.ar\/index.php?rest_route=\/wp\/v2\/posts"}],"about":[{"href":"https:\/\/prensa.sma.gob.ar\/index.php?rest_route=\/wp\/v2\/types\/post"}],"author":[{"embeddable":true,"href":"https:\/\/prensa.sma.gob.ar\/index.php?rest_route=\/wp\/v2\/users\/2"}],"replies":[{"embeddable":true,"href":"https:\/\/prensa.sma.gob.ar\/index.php?rest_route=%2Fwp%2Fv2%2Fcomments&post=8656"}],"version-history":[{"count":1,"href":"https:\/\/prensa.sma.gob.ar\/index.php?rest_route=\/wp\/v2\/posts\/8656\/revisions"}],"predecessor-version":[{"id":8658,"href":"https:\/\/prensa.sma.gob.ar\/index.php?rest_route=\/wp\/v2\/posts\/8656\/revisions\/8658"}],"wp:featuredmedia":[{"embeddable":true,"href":"https:\/\/prensa.sma.gob.ar\/index.php?rest_route=\/wp\/v2\/media\/8657"}],"wp:attachment":[{"href":"https:\/\/prensa.sma.gob.ar\/index.php?rest_route=%2Fwp%2Fv2%2Fmedia&parent=8656"}],"wp:term":[{"taxonomy":"category","embeddable":true,"href":"https:\/\/prensa.sma.gob.ar\/index.php?rest_route=%2Fwp%2Fv2%2Fcategories&post=8656"},{"taxonomy":"post_tag","embeddable":true,"href":"https:\/\/prensa.sma.gob.ar\/index.php?rest_route=%2Fwp%2Fv2%2Ftags&post=8656"}],"curies":[{"name":"wp","href":"https:\/\/api.w.org\/{rel}","templated":true}]}}