{"id":8659,"date":"2025-07-23T01:30:54","date_gmt":"2025-07-23T01:30:54","guid":{"rendered":"https:\/\/prensa.sma.gob.ar\/?p=8659"},"modified":"2025-07-23T01:30:55","modified_gmt":"2025-07-23T01:30:55","slug":"la-expo-educativa-2025-llega-a-san-martin-de-los-andes-con-propuestas-innovadoras","status":"publish","type":"post","link":"https:\/\/prensa.sma.gob.ar\/?p=8659","title":{"rendered":"La Expo Educativa 2025 llega a San Mart\u00edn de los Andes con propuestas innovadoras"},"content":{"rendered":"\n<p>El Departamento de Juventud de la Municipalidad de San Mart\u00edn de los Andes anuncia la llegada de la Expo Educativa 2025, un evento fundamental para la orientaci\u00f3n vocacional de los j\u00f3venes de nuestra regi\u00f3n.<\/p>\n\n\n\n<p>El encuentro ser\u00e1 el 25 y 26 de septiembre en el Gimnasio Municipal \u00abJavier Carriqueo\u00bb, y promete ser una experiencia transformadora para m\u00e1s de 1000 estudiantes de nivel medio.<\/p>\n\n\n\n<p>Este a\u00f1o, la Expo Educativa busca ir m\u00e1s all\u00e1 de la tradicional oferta informativa: habr\u00e1 una propuesta din\u00e1mica e interactiva, dise\u00f1ada para que los futuros estudiantes puedan conocer de cerca y vivenciar el d\u00eda a d\u00eda de las diversas carreras universitarias, con herramientas concretas para una elecci\u00f3n informada y apasionada.<\/p>\n\n\n\n<p><strong>\u00bfQu\u00e9 encontrar\u00e1s en la Expo Educativa 2025?<\/strong><\/p>\n\n\n\n<p>Talleres pr\u00e1cticos: Donde podr\u00e1s experimentar con herramientas y t\u00e9cnicas propias de cada carrera, poniendo \u00abmanos a la obra\u00bb en aquello que te interesa.<\/p>\n\n\n\n<p>Simulaciones: Que te permitir\u00e1n vivenciar situaciones reales del \u00e1mbito profesional, acerc\u00e1ndote a los desaf\u00edos y recompensas de cada campo.<\/p>\n\n\n\n<p>Juegos de rol: Para que te pongas en la piel de diferentes profesionales y entiendas las din\u00e1micas de sus roles.<\/p>\n\n\n\n<p>Charlas con egresados: Una oportunidad invaluable para escuchar experiencias de primera mano de quienes ya est\u00e1n trabajando en el campo, resolver dudas y compartir sus aprendizajes.<\/p>\n\n\n\n<p>Demostraciones de laboratorios: Para mostrar los equipamientos y recursos de vanguardia disponibles en cada carrera, dando una visi\u00f3n tangible del estudio y la investigaci\u00f3n.<\/p>\n\n\n\n<p>La Expo Educativa 2025 es una invitaci\u00f3n a explorar, descubrir y construir un camino profesional. Ser\u00e1 un espacio \u00fanico para interactuar directamente con representantes de diversas universidades e instituciones, resolver dudas y encontrar la carrera que mejor se adapte a tus intereses y talentos.<\/p>\n","protected":false},"excerpt":{"rendered":"<p>El Departamento de Juventud de la Municipalidad de San Mart\u00edn de los Andes anuncia la llegada de la Expo Educativa 2025, un evento fundamental para la orientaci\u00f3n vocacional de los j\u00f3venes de nuestra regi\u00f3n. El encuentro ser\u00e1 el 25 y 26 de septiembre en el Gimnasio Municipal \u00abJavier Carriqueo\u00bb, y promete ser una experiencia transformadora [&hellip;]<\/p>\n","protected":false},"author":2,"featured_media":8660,"comment_status":"closed","ping_status":"open","sticky":false,"template":"","format":"standard","meta":{"footnotes":""},"categories":[16,9,11,14],"tags":[],"class_list":{"0":"post-8659","1":"post","2":"type-post","3":"status-publish","4":"format-standard","5":"has-post-thumbnail","7":"category-destacadas","8":"category-educacion","9":"category-gobierno","10":"category-noticias"},"_links":{"self":[{"href":"https:\/\/prensa.sma.gob.ar\/index.php?rest_route=\/wp\/v2\/posts\/8659","targetHints":{"allow":["GET"]}}],"collection":[{"href":"https:\/\/prensa.sma.gob.ar\/index.php?rest_route=\/wp\/v2\/posts"}],"about":[{"href":"https:\/\/prensa.sma.gob.ar\/index.php?rest_route=\/wp\/v2\/types\/post"}],"author":[{"embeddable":true,"href":"https:\/\/prensa.sma.gob.ar\/index.php?rest_route=\/wp\/v2\/users\/2"}],"replies":[{"embeddable":true,"href":"https:\/\/prensa.sma.gob.ar\/index.php?rest_route=%2Fwp%2Fv2%2Fcomments&post=8659"}],"version-history":[{"count":1,"href":"https:\/\/prensa.sma.gob.ar\/index.php?rest_route=\/wp\/v2\/posts\/8659\/revisions"}],"predecessor-version":[{"id":8661,"href":"https:\/\/prensa.sma.gob.ar\/index.php?rest_route=\/wp\/v2\/posts\/8659\/revisions\/8661"}],"wp:featuredmedia":[{"embeddable":true,"href":"https:\/\/prensa.sma.gob.ar\/index.php?rest_route=\/wp\/v2\/media\/8660"}],"wp:attachment":[{"href":"https:\/\/prensa.sma.gob.ar\/index.php?rest_route=%2Fwp%2Fv2%2Fmedia&parent=8659"}],"wp:term":[{"taxonomy":"category","embeddable":true,"href":"https:\/\/prensa.sma.gob.ar\/index.php?rest_route=%2Fwp%2Fv2%2Fcategories&post=8659"},{"taxonomy":"post_tag","embeddable":true,"href":"https:\/\/prensa.sma.gob.ar\/index.php?rest_route=%2Fwp%2Fv2%2Ftags&post=8659"}],"curies":[{"name":"wp","href":"https:\/\/api.w.org\/{rel}","templated":true}]}}