{"id":8662,"date":"2025-07-23T01:37:04","date_gmt":"2025-07-23T01:37:04","guid":{"rendered":"https:\/\/prensa.sma.gob.ar\/?p=8662"},"modified":"2025-07-23T01:37:04","modified_gmt":"2025-07-23T01:37:04","slug":"felicitaciones-a-lauty-prieto-por-haber-formado-parte-de-la-seleccion-argentina-de-basquet-s-de-down","status":"publish","type":"post","link":"https:\/\/prensa.sma.gob.ar\/?p=8662","title":{"rendered":"Felicitaciones a Lauty Prieto por haber formado parte de la Selecci\u00f3n Argentina de B\u00e1squet S. de Down"},"content":{"rendered":"\n<p>La Subsecretar\u00eda de Deportes felicita a Lauty Prieto por haber formado parte del equipo de la Selecci\u00f3n Argentina de B\u00e1squet S. de Down en el test match frente a la Selecci\u00f3n Uruguaya, disputado este fin de semana en la ciudad bonaerense de Z\u00e1rate.<\/p>\n\n\n\n<p>Lauty, formado en Los C\u00f3ndores de San Mart\u00edn de los Andes, jug\u00f3 dos partidos con la celeste y blanca\u2026 \u00a1y los ganaron ambos!<\/p>\n\n\n\n<p>El \u00e1rea de deportes del Municipio celebra este enorme paso deportivo y destaca el trabajo de los clubes locales en la formaci\u00f3n de grandes talentos.<\/p>\n\n\n<div class=\"wp-block-image\">\n<figure class=\"aligncenter size-large is-resized\"><img loading=\"lazy\" decoding=\"async\" width=\"1024\" height=\"769\" src=\"https:\/\/prensa.sma.gob.ar\/wp-content\/uploads\/2025\/07\/WhatsApp-Image-2025-07-22-at-09.27.31-1024x769.jpeg\" alt=\"\" class=\"wp-image-8665\" style=\"width:507px;height:auto\" srcset=\"https:\/\/prensa.sma.gob.ar\/wp-content\/uploads\/2025\/07\/WhatsApp-Image-2025-07-22-at-09.27.31-1024x769.jpeg 1024w, https:\/\/prensa.sma.gob.ar\/wp-content\/uploads\/2025\/07\/WhatsApp-Image-2025-07-22-at-09.27.31-300x225.jpeg 300w, https:\/\/prensa.sma.gob.ar\/wp-content\/uploads\/2025\/07\/WhatsApp-Image-2025-07-22-at-09.27.31-768x577.jpeg 768w, https:\/\/prensa.sma.gob.ar\/wp-content\/uploads\/2025\/07\/WhatsApp-Image-2025-07-22-at-09.27.31-1536x1154.jpeg 1536w, https:\/\/prensa.sma.gob.ar\/wp-content\/uploads\/2025\/07\/WhatsApp-Image-2025-07-22-at-09.27.31-559x420.jpeg 559w, https:\/\/prensa.sma.gob.ar\/wp-content\/uploads\/2025\/07\/WhatsApp-Image-2025-07-22-at-09.27.31-80x60.jpeg 80w, https:\/\/prensa.sma.gob.ar\/wp-content\/uploads\/2025\/07\/WhatsApp-Image-2025-07-22-at-09.27.31-696x523.jpeg 696w, https:\/\/prensa.sma.gob.ar\/wp-content\/uploads\/2025\/07\/WhatsApp-Image-2025-07-22-at-09.27.31-1068x802.jpeg 1068w, https:\/\/prensa.sma.gob.ar\/wp-content\/uploads\/2025\/07\/WhatsApp-Image-2025-07-22-at-09.27.31.jpeg 1600w\" sizes=\"auto, (max-width: 1024px) 100vw, 1024px\" \/><\/figure>\n<\/div>\n\n<div class=\"wp-block-image\">\n<figure class=\"aligncenter size-large\"><img loading=\"lazy\" decoding=\"async\" width=\"576\" height=\"1024\" src=\"https:\/\/prensa.sma.gob.ar\/wp-content\/uploads\/2025\/07\/WhatsApp-Image-2025-07-22-at-09.27.30-576x1024.jpeg\" alt=\"\" class=\"wp-image-8664\" srcset=\"https:\/\/prensa.sma.gob.ar\/wp-content\/uploads\/2025\/07\/WhatsApp-Image-2025-07-22-at-09.27.30-576x1024.jpeg 576w, https:\/\/prensa.sma.gob.ar\/wp-content\/uploads\/2025\/07\/WhatsApp-Image-2025-07-22-at-09.27.30-169x300.jpeg 169w, https:\/\/prensa.sma.gob.ar\/wp-content\/uploads\/2025\/07\/WhatsApp-Image-2025-07-22-at-09.27.30-768x1365.jpeg 768w, https:\/\/prensa.sma.gob.ar\/wp-content\/uploads\/2025\/07\/WhatsApp-Image-2025-07-22-at-09.27.30-864x1536.jpeg 864w, https:\/\/prensa.sma.gob.ar\/wp-content\/uploads\/2025\/07\/WhatsApp-Image-2025-07-22-at-09.27.30-236x420.jpeg 236w, https:\/\/prensa.sma.gob.ar\/wp-content\/uploads\/2025\/07\/WhatsApp-Image-2025-07-22-at-09.27.30-696x1237.jpeg 696w, https:\/\/prensa.sma.gob.ar\/wp-content\/uploads\/2025\/07\/WhatsApp-Image-2025-07-22-at-09.27.30.jpeg 900w\" sizes=\"auto, (max-width: 576px) 100vw, 576px\" \/><\/figure>\n<\/div>\n\n\n<p><\/p>\n","protected":false},"excerpt":{"rendered":"<p>La Subsecretar\u00eda de Deportes felicita a Lauty Prieto por haber formado parte del equipo de la Selecci\u00f3n Argentina de B\u00e1squet S. de Down en el test match frente a la Selecci\u00f3n Uruguaya, disputado este fin de semana en la ciudad bonaerense de Z\u00e1rate. Lauty, formado en Los C\u00f3ndores de San Mart\u00edn de los Andes, jug\u00f3 [&hellip;]<\/p>\n","protected":false},"author":2,"featured_media":8663,"comment_status":"closed","ping_status":"open","sticky":false,"template":"","format":"standard","meta":{"footnotes":""},"categories":[7,16,2,14],"tags":[],"class_list":{"0":"post-8662","1":"post","2":"type-post","3":"status-publish","4":"format-standard","5":"has-post-thumbnail","7":"category-deportes","8":"category-destacadas","9":"category-discapacidad","10":"category-noticias"},"_links":{"self":[{"href":"https:\/\/prensa.sma.gob.ar\/index.php?rest_route=\/wp\/v2\/posts\/8662","targetHints":{"allow":["GET"]}}],"collection":[{"href":"https:\/\/prensa.sma.gob.ar\/index.php?rest_route=\/wp\/v2\/posts"}],"about":[{"href":"https:\/\/prensa.sma.gob.ar\/index.php?rest_route=\/wp\/v2\/types\/post"}],"author":[{"embeddable":true,"href":"https:\/\/prensa.sma.gob.ar\/index.php?rest_route=\/wp\/v2\/users\/2"}],"replies":[{"embeddable":true,"href":"https:\/\/prensa.sma.gob.ar\/index.php?rest_route=%2Fwp%2Fv2%2Fcomments&post=8662"}],"version-history":[{"count":1,"href":"https:\/\/prensa.sma.gob.ar\/index.php?rest_route=\/wp\/v2\/posts\/8662\/revisions"}],"predecessor-version":[{"id":8666,"href":"https:\/\/prensa.sma.gob.ar\/index.php?rest_route=\/wp\/v2\/posts\/8662\/revisions\/8666"}],"wp:featuredmedia":[{"embeddable":true,"href":"https:\/\/prensa.sma.gob.ar\/index.php?rest_route=\/wp\/v2\/media\/8663"}],"wp:attachment":[{"href":"https:\/\/prensa.sma.gob.ar\/index.php?rest_route=%2Fwp%2Fv2%2Fmedia&parent=8662"}],"wp:term":[{"taxonomy":"category","embeddable":true,"href":"https:\/\/prensa.sma.gob.ar\/index.php?rest_route=%2Fwp%2Fv2%2Fcategories&post=8662"},{"taxonomy":"post_tag","embeddable":true,"href":"https:\/\/prensa.sma.gob.ar\/index.php?rest_route=%2Fwp%2Fv2%2Ftags&post=8662"}],"curies":[{"name":"wp","href":"https:\/\/api.w.org\/{rel}","templated":true}]}}