{"id":8667,"date":"2025-07-23T01:38:28","date_gmt":"2025-07-23T01:38:28","guid":{"rendered":"https:\/\/prensa.sma.gob.ar\/?p=8667"},"modified":"2025-07-23T01:38:29","modified_gmt":"2025-07-23T01:38:29","slug":"ultimos-dias-para-completar-el-formulario-en-los-barrios-en-los-que-se-aplica-el-proyecto-interfaz-resiliente","status":"publish","type":"post","link":"https:\/\/prensa.sma.gob.ar\/?p=8667","title":{"rendered":"\u00daltimos d\u00edas para completar el formulario en los barrios en los que se aplica el \u201cProyecto Interfaz Resiliente\u201d"},"content":{"rendered":"\n<p>A las vecinas y vecinos de Los Radales\/Covisal; Kaleuche Alto y Bajo y Los Riscos, que comprende tambi\u00e9n Handel y Rapanui, les recordamos que este jueves 24 de julio vence el plazo para completar el formulario que busca relevar los datos sociales de cada n\u00facleo barrial, con el objeto de identificar y ponderar las condiciones de alto riesgo de incendios e incorporarlas al manejo de emergencias.<\/p>\n\n\n\n<p>Las instituciones y \u00e1reas que trabajan en este proyecto \u2013Sistema Provincial de Manejo del Fuego, Bomberos Voluntarios, Subsecretar\u00eda de Juntas Vecinales y Protecci\u00f3n Civil- recuerdan que las respuestas de vecinos y vecinas son importantes para medir el riesgo.<\/p>\n\n\n\n<p>Por esto mismo, cuanto m\u00e1s reales y sinceras sean la respuesta, mejor lectura se podr\u00e1 hacer sobre los riesgos que se analizan. Los resultados deben reflejar la realidad con la mayor precisi\u00f3n posible.<\/p>\n","protected":false},"excerpt":{"rendered":"<p>A las vecinas y vecinos de Los Radales\/Covisal; Kaleuche Alto y Bajo y Los Riscos, que comprende tambi\u00e9n Handel y Rapanui, les recordamos que este jueves 24 de julio vence el plazo para completar el formulario que busca relevar los datos sociales de cada n\u00facleo barrial, con el objeto de identificar y ponderar las condiciones [&hellip;]<\/p>\n","protected":false},"author":2,"featured_media":8668,"comment_status":"closed","ping_status":"open","sticky":false,"template":"","format":"standard","meta":{"footnotes":""},"categories":[11,14],"tags":[],"class_list":{"0":"post-8667","1":"post","2":"type-post","3":"status-publish","4":"format-standard","5":"has-post-thumbnail","7":"category-gobierno","8":"category-noticias"},"_links":{"self":[{"href":"https:\/\/prensa.sma.gob.ar\/index.php?rest_route=\/wp\/v2\/posts\/8667","targetHints":{"allow":["GET"]}}],"collection":[{"href":"https:\/\/prensa.sma.gob.ar\/index.php?rest_route=\/wp\/v2\/posts"}],"about":[{"href":"https:\/\/prensa.sma.gob.ar\/index.php?rest_route=\/wp\/v2\/types\/post"}],"author":[{"embeddable":true,"href":"https:\/\/prensa.sma.gob.ar\/index.php?rest_route=\/wp\/v2\/users\/2"}],"replies":[{"embeddable":true,"href":"https:\/\/prensa.sma.gob.ar\/index.php?rest_route=%2Fwp%2Fv2%2Fcomments&post=8667"}],"version-history":[{"count":1,"href":"https:\/\/prensa.sma.gob.ar\/index.php?rest_route=\/wp\/v2\/posts\/8667\/revisions"}],"predecessor-version":[{"id":8669,"href":"https:\/\/prensa.sma.gob.ar\/index.php?rest_route=\/wp\/v2\/posts\/8667\/revisions\/8669"}],"wp:featuredmedia":[{"embeddable":true,"href":"https:\/\/prensa.sma.gob.ar\/index.php?rest_route=\/wp\/v2\/media\/8668"}],"wp:attachment":[{"href":"https:\/\/prensa.sma.gob.ar\/index.php?rest_route=%2Fwp%2Fv2%2Fmedia&parent=8667"}],"wp:term":[{"taxonomy":"category","embeddable":true,"href":"https:\/\/prensa.sma.gob.ar\/index.php?rest_route=%2Fwp%2Fv2%2Fcategories&post=8667"},{"taxonomy":"post_tag","embeddable":true,"href":"https:\/\/prensa.sma.gob.ar\/index.php?rest_route=%2Fwp%2Fv2%2Ftags&post=8667"}],"curies":[{"name":"wp","href":"https:\/\/api.w.org\/{rel}","templated":true}]}}