{"id":8670,"date":"2025-07-23T01:55:26","date_gmt":"2025-07-23T01:55:26","guid":{"rendered":"https:\/\/prensa.sma.gob.ar\/?p=8670"},"modified":"2025-07-23T01:59:30","modified_gmt":"2025-07-23T01:59:30","slug":"la-ministra-corroza-y-el-intendente-saloniti-visitaron-puentes-de-luz","status":"publish","type":"post","link":"https:\/\/prensa.sma.gob.ar\/?p=8670","title":{"rendered":"La ministra Corroza y el intendente Saloniti visitaron Puentes de Luz"},"content":{"rendered":"\n<p>La ministra de Desarrollo Humano, Gobiernos Locales y Mujeres de Neuqu\u00e9n, Julieta Corroza, y el intendente Carlos Saloniti mantuvieron una reuni\u00f3n con integrantes de la Comisi\u00f3n Directiva de Puentes de Luz, encabezada por Luis Rodr\u00edguez. Del encuentro particip\u00f3 tambi\u00e9n el secretario de Hacienda del Municipio, Mat\u00edas Fern\u00e1ndez.<\/p>\n\n\n\n<p>Durante la reuni\u00f3n se reafirm\u00f3 la importancia del trabajo que realiza esta instituci\u00f3n y se analizaron los diferentes caminos de acompa\u00f1amiento tanto del Gobierno provincial como del Municipal.<\/p>\n\n\n\n<p>El intendente Saloniti reafirm\u00f3 que \u00abes importante que acompa\u00f1emos a todos y a cada uno de quienes hace a\u00f1os trabajan por la discapacidad en nuestra ciudad, tanto el Estado como las ONGS, asociaciones sin fines de lucro y familiares\u00bb.<\/p>\n\n\n<div class=\"wp-block-image\">\n<figure class=\"aligncenter size-large is-resized\"><img loading=\"lazy\" decoding=\"async\" width=\"1024\" height=\"771\" src=\"https:\/\/prensa.sma.gob.ar\/wp-content\/uploads\/2025\/07\/WhatsApp-Image-2025-07-21-at-12.05.33-1024x771.jpeg\" alt=\"\" class=\"wp-image-8672\" style=\"width:534px;height:auto\" srcset=\"https:\/\/prensa.sma.gob.ar\/wp-content\/uploads\/2025\/07\/WhatsApp-Image-2025-07-21-at-12.05.33-1024x771.jpeg 1024w, https:\/\/prensa.sma.gob.ar\/wp-content\/uploads\/2025\/07\/WhatsApp-Image-2025-07-21-at-12.05.33-300x226.jpeg 300w, https:\/\/prensa.sma.gob.ar\/wp-content\/uploads\/2025\/07\/WhatsApp-Image-2025-07-21-at-12.05.33-768x578.jpeg 768w, https:\/\/prensa.sma.gob.ar\/wp-content\/uploads\/2025\/07\/WhatsApp-Image-2025-07-21-at-12.05.33-558x420.jpeg 558w, https:\/\/prensa.sma.gob.ar\/wp-content\/uploads\/2025\/07\/WhatsApp-Image-2025-07-21-at-12.05.33-80x60.jpeg 80w, https:\/\/prensa.sma.gob.ar\/wp-content\/uploads\/2025\/07\/WhatsApp-Image-2025-07-21-at-12.05.33-696x524.jpeg 696w, https:\/\/prensa.sma.gob.ar\/wp-content\/uploads\/2025\/07\/WhatsApp-Image-2025-07-21-at-12.05.33-1068x804.jpeg 1068w, https:\/\/prensa.sma.gob.ar\/wp-content\/uploads\/2025\/07\/WhatsApp-Image-2025-07-21-at-12.05.33.jpeg 1500w\" sizes=\"auto, (max-width: 1024px) 100vw, 1024px\" \/><\/figure>\n<\/div>\n\n\n<p><\/p>\n","protected":false},"excerpt":{"rendered":"<p>La ministra de Desarrollo Humano, Gobiernos Locales y Mujeres de Neuqu\u00e9n, Julieta Corroza, y el intendente Carlos Saloniti mantuvieron una reuni\u00f3n con integrantes de la Comisi\u00f3n Directiva de Puentes de Luz, encabezada por Luis Rodr\u00edguez. Del encuentro particip\u00f3 tambi\u00e9n el secretario de Hacienda del Municipio, Mat\u00edas Fern\u00e1ndez. Durante la reuni\u00f3n se reafirm\u00f3 la importancia del [&hellip;]<\/p>\n","protected":false},"author":2,"featured_media":8671,"comment_status":"closed","ping_status":"open","sticky":false,"template":"","format":"standard","meta":{"footnotes":""},"categories":[16,2,11,14],"tags":[],"class_list":{"0":"post-8670","1":"post","2":"type-post","3":"status-publish","4":"format-standard","5":"has-post-thumbnail","7":"category-destacadas","8":"category-discapacidad","9":"category-gobierno","10":"category-noticias"},"_links":{"self":[{"href":"https:\/\/prensa.sma.gob.ar\/index.php?rest_route=\/wp\/v2\/posts\/8670","targetHints":{"allow":["GET"]}}],"collection":[{"href":"https:\/\/prensa.sma.gob.ar\/index.php?rest_route=\/wp\/v2\/posts"}],"about":[{"href":"https:\/\/prensa.sma.gob.ar\/index.php?rest_route=\/wp\/v2\/types\/post"}],"author":[{"embeddable":true,"href":"https:\/\/prensa.sma.gob.ar\/index.php?rest_route=\/wp\/v2\/users\/2"}],"replies":[{"embeddable":true,"href":"https:\/\/prensa.sma.gob.ar\/index.php?rest_route=%2Fwp%2Fv2%2Fcomments&post=8670"}],"version-history":[{"count":1,"href":"https:\/\/prensa.sma.gob.ar\/index.php?rest_route=\/wp\/v2\/posts\/8670\/revisions"}],"predecessor-version":[{"id":8673,"href":"https:\/\/prensa.sma.gob.ar\/index.php?rest_route=\/wp\/v2\/posts\/8670\/revisions\/8673"}],"wp:featuredmedia":[{"embeddable":true,"href":"https:\/\/prensa.sma.gob.ar\/index.php?rest_route=\/wp\/v2\/media\/8671"}],"wp:attachment":[{"href":"https:\/\/prensa.sma.gob.ar\/index.php?rest_route=%2Fwp%2Fv2%2Fmedia&parent=8670"}],"wp:term":[{"taxonomy":"category","embeddable":true,"href":"https:\/\/prensa.sma.gob.ar\/index.php?rest_route=%2Fwp%2Fv2%2Fcategories&post=8670"},{"taxonomy":"post_tag","embeddable":true,"href":"https:\/\/prensa.sma.gob.ar\/index.php?rest_route=%2Fwp%2Fv2%2Ftags&post=8670"}],"curies":[{"name":"wp","href":"https:\/\/api.w.org\/{rel}","templated":true}]}}