{"id":8674,"date":"2025-07-23T01:58:42","date_gmt":"2025-07-23T01:58:42","guid":{"rendered":"https:\/\/prensa.sma.gob.ar\/?p=8674"},"modified":"2025-07-23T01:59:21","modified_gmt":"2025-07-23T01:59:21","slug":"la-ministra-corroza-y-el-intendente-saloniti-recorrieron-las-obras-de-los-vestuarios-de-la-cancha-municipal","status":"publish","type":"post","link":"https:\/\/prensa.sma.gob.ar\/?p=8674","title":{"rendered":"La ministra Corroza y el intendente Saloniti recorrieron las obras de los vestuarios de la cancha municipal"},"content":{"rendered":"\n<p>La ministra de Desarrollo Humano, Gobiernos Locales y Mujeres de Neuqu\u00e9n, Julieta Corroza, y el intendente Carlos Saloniti visitaron este domingo las instalaciones de los vestuarios de la cancha municipal que est\u00e1n siendo terminados por el Municipio con aportes provinciales.<\/p>\n\n\n\n<p>Ambos fueron recibidos por Sergio Vivanco, coordinador de la obra por la Subsecretar\u00eda de Obras P\u00fablicas. Tambi\u00e9n participaron de la recorrida los secretarios de Hacienda, Mat\u00edas Fern\u00e1ndez; y de Obras y Servicios P\u00fablicos, H\u00e9ctor Dur\u00e1n.<\/p>\n\n\n\n<p>Corroza se interioriz\u00f3 por la marcha de la obra, cuya construcci\u00f3n retom\u00f3 el Municipio en febrero pasado, con mano de obra de los dirigentes del f\u00fatbol barrial y aportes de privados, y que luego multiplic\u00f3 su avance gracias a los fondos de Provincia.<\/p>\n\n\n\n<p>A fines de abril, el gobierno neuquino confirm\u00f3 el aporte de 20 millones de pesos para que el Municipio termine los vestuarios y la futura sede de la Liga de F\u00fatbol de San Mart\u00edn de los Andes (Lifusma), una obra que beneficiar\u00e1 a todas las categor\u00edas de f\u00fatbol masculino y femenino de nuestra ciudad.<\/p>\n\n\n\n<p>Las tareas que se est\u00e1n ejecutando incluyen la terminaci\u00f3n de vestuarios, oficinas para la Liga y sala de reuniones. Vivanco se\u00f1al\u00f3 que, con el aporte de Provincia, se avanz\u00f3 en la construcci\u00f3n de cloacas, electricidad, revoque, sanitarios y pisos.<\/p>\n\n\n\n<p>Corroza, Saloniti y Vivanco evaluaron los tiempos de ejecuci\u00f3n de los trabajos pendientes, destacaron la ayuda de la provincia y estimaron que pr\u00f3ximamente realizar\u00e1n una nueva visita para seguir acompa\u00f1ando el financiamiento de esta obra que beneficiar\u00e1 a cientos de hombres y mujeres que practican f\u00fatbol en la liga sanmartinense.<\/p>\n\n\n\n<figure class=\"wp-block-gallery has-nested-images columns-default is-cropped wp-block-gallery-1 is-layout-flex wp-block-gallery-is-layout-flex\">\n<figure class=\"wp-block-image size-large\"><img loading=\"lazy\" decoding=\"async\" width=\"1024\" height=\"755\" data-id=\"8678\" src=\"https:\/\/prensa.sma.gob.ar\/wp-content\/uploads\/2025\/07\/WhatsApp-Image-2025-07-21-at-10.24.31-1024x755.jpeg\" alt=\"\" class=\"wp-image-8678\" srcset=\"https:\/\/prensa.sma.gob.ar\/wp-content\/uploads\/2025\/07\/WhatsApp-Image-2025-07-21-at-10.24.31-1024x755.jpeg 1024w, https:\/\/prensa.sma.gob.ar\/wp-content\/uploads\/2025\/07\/WhatsApp-Image-2025-07-21-at-10.24.31-300x221.jpeg 300w, https:\/\/prensa.sma.gob.ar\/wp-content\/uploads\/2025\/07\/WhatsApp-Image-2025-07-21-at-10.24.31-768x566.jpeg 768w, https:\/\/prensa.sma.gob.ar\/wp-content\/uploads\/2025\/07\/WhatsApp-Image-2025-07-21-at-10.24.31-569x420.jpeg 569w, https:\/\/prensa.sma.gob.ar\/wp-content\/uploads\/2025\/07\/WhatsApp-Image-2025-07-21-at-10.24.31-80x60.jpeg 80w, https:\/\/prensa.sma.gob.ar\/wp-content\/uploads\/2025\/07\/WhatsApp-Image-2025-07-21-at-10.24.31-696x513.jpeg 696w, https:\/\/prensa.sma.gob.ar\/wp-content\/uploads\/2025\/07\/WhatsApp-Image-2025-07-21-at-10.24.31-1068x788.jpeg 1068w, https:\/\/prensa.sma.gob.ar\/wp-content\/uploads\/2025\/07\/WhatsApp-Image-2025-07-21-at-10.24.31.jpeg 1200w\" sizes=\"auto, (max-width: 1024px) 100vw, 1024px\" \/><\/figure>\n\n\n\n<figure class=\"wp-block-image size-large\"><img loading=\"lazy\" decoding=\"async\" width=\"1024\" height=\"771\" data-id=\"8677\" src=\"https:\/\/prensa.sma.gob.ar\/wp-content\/uploads\/2025\/07\/WhatsApp-Image-2025-07-21-at-10.24.32-1024x771.jpeg\" alt=\"\" class=\"wp-image-8677\" srcset=\"https:\/\/prensa.sma.gob.ar\/wp-content\/uploads\/2025\/07\/WhatsApp-Image-2025-07-21-at-10.24.32-1024x771.jpeg 1024w, https:\/\/prensa.sma.gob.ar\/wp-content\/uploads\/2025\/07\/WhatsApp-Image-2025-07-21-at-10.24.32-300x226.jpeg 300w, https:\/\/prensa.sma.gob.ar\/wp-content\/uploads\/2025\/07\/WhatsApp-Image-2025-07-21-at-10.24.32-768x578.jpeg 768w, https:\/\/prensa.sma.gob.ar\/wp-content\/uploads\/2025\/07\/WhatsApp-Image-2025-07-21-at-10.24.32-558x420.jpeg 558w, https:\/\/prensa.sma.gob.ar\/wp-content\/uploads\/2025\/07\/WhatsApp-Image-2025-07-21-at-10.24.32-80x60.jpeg 80w, https:\/\/prensa.sma.gob.ar\/wp-content\/uploads\/2025\/07\/WhatsApp-Image-2025-07-21-at-10.24.32-696x524.jpeg 696w, https:\/\/prensa.sma.gob.ar\/wp-content\/uploads\/2025\/07\/WhatsApp-Image-2025-07-21-at-10.24.32-1068x804.jpeg 1068w, https:\/\/prensa.sma.gob.ar\/wp-content\/uploads\/2025\/07\/WhatsApp-Image-2025-07-21-at-10.24.32.jpeg 1200w\" sizes=\"auto, (max-width: 1024px) 100vw, 1024px\" \/><\/figure>\n<\/figure>\n","protected":false},"excerpt":{"rendered":"<p>La ministra de Desarrollo Humano, Gobiernos Locales y Mujeres de Neuqu\u00e9n, Julieta Corroza, y el intendente Carlos Saloniti visitaron este domingo las instalaciones de los vestuarios de la cancha municipal que est\u00e1n siendo terminados por el Municipio con aportes provinciales. Ambos fueron recibidos por Sergio Vivanco, coordinador de la obra por la Subsecretar\u00eda de Obras [&hellip;]<\/p>\n","protected":false},"author":2,"featured_media":8676,"comment_status":"closed","ping_status":"open","sticky":false,"template":"","format":"standard","meta":{"footnotes":""},"categories":[7,16,14,19,17],"tags":[],"class_list":{"0":"post-8674","1":"post","2":"type-post","3":"status-publish","4":"format-standard","5":"has-post-thumbnail","7":"category-deportes","8":"category-destacadas","9":"category-noticias","10":"category-obras-y-servicios-publicos","11":"category-portada"},"_links":{"self":[{"href":"https:\/\/prensa.sma.gob.ar\/index.php?rest_route=\/wp\/v2\/posts\/8674","targetHints":{"allow":["GET"]}}],"collection":[{"href":"https:\/\/prensa.sma.gob.ar\/index.php?rest_route=\/wp\/v2\/posts"}],"about":[{"href":"https:\/\/prensa.sma.gob.ar\/index.php?rest_route=\/wp\/v2\/types\/post"}],"author":[{"embeddable":true,"href":"https:\/\/prensa.sma.gob.ar\/index.php?rest_route=\/wp\/v2\/users\/2"}],"replies":[{"embeddable":true,"href":"https:\/\/prensa.sma.gob.ar\/index.php?rest_route=%2Fwp%2Fv2%2Fcomments&post=8674"}],"version-history":[{"count":1,"href":"https:\/\/prensa.sma.gob.ar\/index.php?rest_route=\/wp\/v2\/posts\/8674\/revisions"}],"predecessor-version":[{"id":8679,"href":"https:\/\/prensa.sma.gob.ar\/index.php?rest_route=\/wp\/v2\/posts\/8674\/revisions\/8679"}],"wp:featuredmedia":[{"embeddable":true,"href":"https:\/\/prensa.sma.gob.ar\/index.php?rest_route=\/wp\/v2\/media\/8676"}],"wp:attachment":[{"href":"https:\/\/prensa.sma.gob.ar\/index.php?rest_route=%2Fwp%2Fv2%2Fmedia&parent=8674"}],"wp:term":[{"taxonomy":"category","embeddable":true,"href":"https:\/\/prensa.sma.gob.ar\/index.php?rest_route=%2Fwp%2Fv2%2Fcategories&post=8674"},{"taxonomy":"post_tag","embeddable":true,"href":"https:\/\/prensa.sma.gob.ar\/index.php?rest_route=%2Fwp%2Fv2%2Ftags&post=8674"}],"curies":[{"name":"wp","href":"https:\/\/api.w.org\/{rel}","templated":true}]}}