{"id":8680,"date":"2025-07-23T01:59:55","date_gmt":"2025-07-23T01:59:55","guid":{"rendered":"https:\/\/prensa.sma.gob.ar\/?p=8680"},"modified":"2025-07-23T01:59:05","modified_gmt":"2025-07-23T01:59:05","slug":"provincia-municipio-vecinas-y-vecinos-celebraron-el-hallazgo-de-agua-en-el-barrio-el-trebol","status":"publish","type":"post","link":"https:\/\/prensa.sma.gob.ar\/?p=8680","title":{"rendered":"Provincia, Municipio, vecinas y vecinos celebraron el hallazgo de agua en el barrio El Tr\u00e9bol"},"content":{"rendered":"\n<p>Vecinas y vecinos del barrio El Tr\u00e9bol recibieron este domingo a la ministra de Desarrollo Humano, Gobiernos Locales y Mujeres de Neuqu\u00e9n, Julieta Corroza, y al intendente Carlos Saloniti, para celebrar el hallazgo de agua, un hecho considerado muy importante para la continuidad del trabajo autogestivo, que cuenta con el acompa\u00f1amiento de la Provincia y del Municipio.<\/p>\n\n\n\n<p>Representantes de la comunidad explicaron a la ministra y al intendente los detalles del hallazgo, recordaron el proceso previo desde que se conformaron como proyecto autogestivo y destacaron la importancia de la articulaci\u00f3n entre las vecinas y los vecinos con los estados provincial y municipal.<\/p>\n\n\n\n<p>Los asistentes a la reuni\u00f3n destacaron tambi\u00e9n la firma del convenio de asistencia financiera con el Gobierno neuquino y el Municipio para que el barrio pueda acceder a los servicios de agua, caminer\u00eda y energ\u00eda el\u00e9ctrica.<\/p>\n\n\n\n<p>Mediante ese convenio, el Municipio, como contrayente del financiamiento, asumi\u00f3 la funci\u00f3n de organizador del proyecto, ejecutor de la obra por s\u00ed o a trav\u00e9s de contratistas y como garante del repago por parte de los vecinos.<\/p>\n\n\n\n<p>La visita de este domingo, que incluy\u00f3 una reuni\u00f3n en el acceso al barrio y, luego, una recorrida hasta el pozo donde se realiz\u00f3 la perforaci\u00f3n, estuvo acompa\u00f1ada tambi\u00e9n por funcionarios municipales y concejales.<\/p>\n\n\n\n<p>Con emoci\u00f3n, todas y todos los asistentes coincidieron en destacar que este hallazgo de agua en El Tr\u00e9bol, en Kaleuche, abre una oportunidad de b\u00fasqueda en otros barrios y reivindica el trabajo colectivo en la b\u00fasqueda de soluciones comunitarias.<\/p>\n\n\n\n<p>Mencionaron especialmente que este trabajo colectivo y esta forma de \u201chacer vecindad\u201d incluye reuniones con varios actores pol\u00edticos y sociales, funcionarios y encuentros entre vecinas y vecinos, buscando puntos de coincidencia para hallar respuestas a las demandas comunitarias.<\/p>\n\n\n\n<p>Durante el encuentro tambi\u00e9n se convers\u00f3 sobre la buena predisposici\u00f3n de las familias para la devoluci\u00f3n del cr\u00e9dito otorgado por el Instituto Provincial de Vivienda y Urbanismo \u2013 Agencia de Desarrollo Urbano Sustentable (IPVU-ADUS) para estas obras de infraestructura.<\/p>\n\n\n\n<p>El barrio est\u00e1 ubicado en la zona del plano 2 de Kaleuche, a 6 km del centro de San Mart\u00edn de los Andes, accediendo por ruta prov. 62. Es un loteo de 23.000 m2, aproximadamente, y est\u00e1 compuesto por 28 lotes, que se subdividen para conseguir 64 terrenos de entre 300 y 500m2.<\/p>\n\n\n\n<figure class=\"wp-block-gallery has-nested-images columns-default is-cropped wp-block-gallery-1 is-layout-flex wp-block-gallery-is-layout-flex\">\n<figure class=\"wp-block-image size-large\"><img loading=\"lazy\" decoding=\"async\" width=\"1024\" height=\"772\" data-id=\"8687\" src=\"https:\/\/prensa.sma.gob.ar\/wp-content\/uploads\/2025\/07\/522647554_1186221966866626_1630856997927973097_n-1024x772.jpg\" alt=\"\" class=\"wp-image-8687\" srcset=\"https:\/\/prensa.sma.gob.ar\/wp-content\/uploads\/2025\/07\/522647554_1186221966866626_1630856997927973097_n-1024x772.jpg 1024w, https:\/\/prensa.sma.gob.ar\/wp-content\/uploads\/2025\/07\/522647554_1186221966866626_1630856997927973097_n-300x226.jpg 300w, https:\/\/prensa.sma.gob.ar\/wp-content\/uploads\/2025\/07\/522647554_1186221966866626_1630856997927973097_n-768x579.jpg 768w, https:\/\/prensa.sma.gob.ar\/wp-content\/uploads\/2025\/07\/522647554_1186221966866626_1630856997927973097_n-557x420.jpg 557w, https:\/\/prensa.sma.gob.ar\/wp-content\/uploads\/2025\/07\/522647554_1186221966866626_1630856997927973097_n-80x60.jpg 80w, https:\/\/prensa.sma.gob.ar\/wp-content\/uploads\/2025\/07\/522647554_1186221966866626_1630856997927973097_n-696x524.jpg 696w, https:\/\/prensa.sma.gob.ar\/wp-content\/uploads\/2025\/07\/522647554_1186221966866626_1630856997927973097_n-1068x805.jpg 1068w, https:\/\/prensa.sma.gob.ar\/wp-content\/uploads\/2025\/07\/522647554_1186221966866626_1630856997927973097_n.jpg 1225w\" sizes=\"auto, (max-width: 1024px) 100vw, 1024px\" \/><\/figure>\n\n\n\n<figure class=\"wp-block-image size-large\"><img loading=\"lazy\" decoding=\"async\" width=\"1024\" height=\"771\" data-id=\"8686\" src=\"https:\/\/prensa.sma.gob.ar\/wp-content\/uploads\/2025\/07\/521118244_1186222076866615_5815409194112952937_n-1024x771.jpg\" alt=\"\" class=\"wp-image-8686\" srcset=\"https:\/\/prensa.sma.gob.ar\/wp-content\/uploads\/2025\/07\/521118244_1186222076866615_5815409194112952937_n-1024x771.jpg 1024w, https:\/\/prensa.sma.gob.ar\/wp-content\/uploads\/2025\/07\/521118244_1186222076866615_5815409194112952937_n-300x226.jpg 300w, https:\/\/prensa.sma.gob.ar\/wp-content\/uploads\/2025\/07\/521118244_1186222076866615_5815409194112952937_n-768x578.jpg 768w, https:\/\/prensa.sma.gob.ar\/wp-content\/uploads\/2025\/07\/521118244_1186222076866615_5815409194112952937_n-558x420.jpg 558w, https:\/\/prensa.sma.gob.ar\/wp-content\/uploads\/2025\/07\/521118244_1186222076866615_5815409194112952937_n-80x60.jpg 80w, https:\/\/prensa.sma.gob.ar\/wp-content\/uploads\/2025\/07\/521118244_1186222076866615_5815409194112952937_n-696x524.jpg 696w, https:\/\/prensa.sma.gob.ar\/wp-content\/uploads\/2025\/07\/521118244_1186222076866615_5815409194112952937_n-1068x804.jpg 1068w, https:\/\/prensa.sma.gob.ar\/wp-content\/uploads\/2025\/07\/521118244_1186222076866615_5815409194112952937_n.jpg 1200w\" sizes=\"auto, (max-width: 1024px) 100vw, 1024px\" \/><\/figure>\n\n\n\n<figure class=\"wp-block-image size-large\"><img loading=\"lazy\" decoding=\"async\" width=\"1024\" height=\"772\" data-id=\"8684\" src=\"https:\/\/prensa.sma.gob.ar\/wp-content\/uploads\/2025\/07\/520852334_1186222050199951_1141863812110062327_n-1024x772.jpg\" alt=\"\" class=\"wp-image-8684\" srcset=\"https:\/\/prensa.sma.gob.ar\/wp-content\/uploads\/2025\/07\/520852334_1186222050199951_1141863812110062327_n-1024x772.jpg 1024w, https:\/\/prensa.sma.gob.ar\/wp-content\/uploads\/2025\/07\/520852334_1186222050199951_1141863812110062327_n-300x226.jpg 300w, https:\/\/prensa.sma.gob.ar\/wp-content\/uploads\/2025\/07\/520852334_1186222050199951_1141863812110062327_n-768x579.jpg 768w, https:\/\/prensa.sma.gob.ar\/wp-content\/uploads\/2025\/07\/520852334_1186222050199951_1141863812110062327_n-557x420.jpg 557w, https:\/\/prensa.sma.gob.ar\/wp-content\/uploads\/2025\/07\/520852334_1186222050199951_1141863812110062327_n-80x60.jpg 80w, https:\/\/prensa.sma.gob.ar\/wp-content\/uploads\/2025\/07\/520852334_1186222050199951_1141863812110062327_n-696x524.jpg 696w, https:\/\/prensa.sma.gob.ar\/wp-content\/uploads\/2025\/07\/520852334_1186222050199951_1141863812110062327_n-1068x805.jpg 1068w, https:\/\/prensa.sma.gob.ar\/wp-content\/uploads\/2025\/07\/520852334_1186222050199951_1141863812110062327_n.jpg 1225w\" sizes=\"auto, (max-width: 1024px) 100vw, 1024px\" \/><\/figure>\n<\/figure>\n\n\n\n<figure class=\"wp-block-gallery has-nested-images columns-default is-cropped wp-block-gallery-2 is-layout-flex wp-block-gallery-is-layout-flex\">\n<figure class=\"wp-block-image size-large\"><img loading=\"lazy\" decoding=\"async\" width=\"771\" height=\"1024\" data-id=\"8685\" src=\"https:\/\/prensa.sma.gob.ar\/wp-content\/uploads\/2025\/07\/521001372_1186221990199957_7136941877492515803_n-771x1024.jpg\" alt=\"\" class=\"wp-image-8685\" srcset=\"https:\/\/prensa.sma.gob.ar\/wp-content\/uploads\/2025\/07\/521001372_1186221990199957_7136941877492515803_n-771x1024.jpg 771w, https:\/\/prensa.sma.gob.ar\/wp-content\/uploads\/2025\/07\/521001372_1186221990199957_7136941877492515803_n-226x300.jpg 226w, https:\/\/prensa.sma.gob.ar\/wp-content\/uploads\/2025\/07\/521001372_1186221990199957_7136941877492515803_n-768x1020.jpg 768w, https:\/\/prensa.sma.gob.ar\/wp-content\/uploads\/2025\/07\/521001372_1186221990199957_7136941877492515803_n-1156x1536.jpg 1156w, https:\/\/prensa.sma.gob.ar\/wp-content\/uploads\/2025\/07\/521001372_1186221990199957_7136941877492515803_n-316x420.jpg 316w, https:\/\/prensa.sma.gob.ar\/wp-content\/uploads\/2025\/07\/521001372_1186221990199957_7136941877492515803_n-696x925.jpg 696w, https:\/\/prensa.sma.gob.ar\/wp-content\/uploads\/2025\/07\/521001372_1186221990199957_7136941877492515803_n-1068x1419.jpg 1068w, https:\/\/prensa.sma.gob.ar\/wp-content\/uploads\/2025\/07\/521001372_1186221990199957_7136941877492515803_n.jpg 1200w\" sizes=\"auto, (max-width: 771px) 100vw, 771px\" \/><\/figure>\n\n\n\n<figure class=\"wp-block-image size-large\"><img loading=\"lazy\" decoding=\"async\" width=\"771\" height=\"1024\" data-id=\"8683\" src=\"https:\/\/prensa.sma.gob.ar\/wp-content\/uploads\/2025\/07\/520539295_1186222093533280_3990702408161821784_n-771x1024.jpg\" alt=\"\" class=\"wp-image-8683\" srcset=\"https:\/\/prensa.sma.gob.ar\/wp-content\/uploads\/2025\/07\/520539295_1186222093533280_3990702408161821784_n-771x1024.jpg 771w, https:\/\/prensa.sma.gob.ar\/wp-content\/uploads\/2025\/07\/520539295_1186222093533280_3990702408161821784_n-226x300.jpg 226w, https:\/\/prensa.sma.gob.ar\/wp-content\/uploads\/2025\/07\/520539295_1186222093533280_3990702408161821784_n-768x1020.jpg 768w, https:\/\/prensa.sma.gob.ar\/wp-content\/uploads\/2025\/07\/520539295_1186222093533280_3990702408161821784_n-1156x1536.jpg 1156w, https:\/\/prensa.sma.gob.ar\/wp-content\/uploads\/2025\/07\/520539295_1186222093533280_3990702408161821784_n-316x420.jpg 316w, https:\/\/prensa.sma.gob.ar\/wp-content\/uploads\/2025\/07\/520539295_1186222093533280_3990702408161821784_n-696x925.jpg 696w, https:\/\/prensa.sma.gob.ar\/wp-content\/uploads\/2025\/07\/520539295_1186222093533280_3990702408161821784_n-1068x1419.jpg 1068w, https:\/\/prensa.sma.gob.ar\/wp-content\/uploads\/2025\/07\/520539295_1186222093533280_3990702408161821784_n.jpg 1200w\" sizes=\"auto, (max-width: 771px) 100vw, 771px\" \/><\/figure>\n<\/figure>\n","protected":false},"excerpt":{"rendered":"<p>Vecinas y vecinos del barrio El Tr\u00e9bol recibieron este domingo a la ministra de Desarrollo Humano, Gobiernos Locales y Mujeres de Neuqu\u00e9n, Julieta Corroza, y al intendente Carlos Saloniti, para celebrar el hallazgo de agua, un hecho considerado muy importante para la continuidad del trabajo autogestivo, que cuenta con el acompa\u00f1amiento de la Provincia y [&hellip;]<\/p>\n","protected":false},"author":2,"featured_media":8681,"comment_status":"closed","ping_status":"open","sticky":false,"template":"","format":"standard","meta":{"footnotes":""},"categories":[16,39,14,17],"tags":[],"class_list":{"0":"post-8680","1":"post","2":"type-post","3":"status-publish","4":"format-standard","5":"has-post-thumbnail","7":"category-destacadas","8":"category-subs-juntas-vecinales","9":"category-noticias","10":"category-portada"},"_links":{"self":[{"href":"https:\/\/prensa.sma.gob.ar\/index.php?rest_route=\/wp\/v2\/posts\/8680","targetHints":{"allow":["GET"]}}],"collection":[{"href":"https:\/\/prensa.sma.gob.ar\/index.php?rest_route=\/wp\/v2\/posts"}],"about":[{"href":"https:\/\/prensa.sma.gob.ar\/index.php?rest_route=\/wp\/v2\/types\/post"}],"author":[{"embeddable":true,"href":"https:\/\/prensa.sma.gob.ar\/index.php?rest_route=\/wp\/v2\/users\/2"}],"replies":[{"embeddable":true,"href":"https:\/\/prensa.sma.gob.ar\/index.php?rest_route=%2Fwp%2Fv2%2Fcomments&post=8680"}],"version-history":[{"count":1,"href":"https:\/\/prensa.sma.gob.ar\/index.php?rest_route=\/wp\/v2\/posts\/8680\/revisions"}],"predecessor-version":[{"id":8688,"href":"https:\/\/prensa.sma.gob.ar\/index.php?rest_route=\/wp\/v2\/posts\/8680\/revisions\/8688"}],"wp:featuredmedia":[{"embeddable":true,"href":"https:\/\/prensa.sma.gob.ar\/index.php?rest_route=\/wp\/v2\/media\/8681"}],"wp:attachment":[{"href":"https:\/\/prensa.sma.gob.ar\/index.php?rest_route=%2Fwp%2Fv2%2Fmedia&parent=8680"}],"wp:term":[{"taxonomy":"category","embeddable":true,"href":"https:\/\/prensa.sma.gob.ar\/index.php?rest_route=%2Fwp%2Fv2%2Fcategories&post=8680"},{"taxonomy":"post_tag","embeddable":true,"href":"https:\/\/prensa.sma.gob.ar\/index.php?rest_route=%2Fwp%2Fv2%2Ftags&post=8680"}],"curies":[{"name":"wp","href":"https:\/\/api.w.org\/{rel}","templated":true}]}}